{"id":263225,"date":"2022-09-26T10:00:11","date_gmt":"2022-09-26T07:00:11","guid":{"rendered":"http:\/\/107.6.182.27\/tr\/?p=263225"},"modified":"2022-09-28T08:43:19","modified_gmt":"2022-09-28T05:43:19","slug":"rusya-savunma-bakanligi-donetsktek-100den-fazla-militan-olduruldu","status":"publish","type":"post","link":"https:\/\/archive.sana.sy\/tr\/?p=263225","title":{"rendered":"Rusya Savunma Bakanl\u0131\u011f\u0131: Donetsk&#8217;tek 100&#8217;den Fazla Militan \u00d6ld\u00fcr\u00fcld\u00fc"},"content":{"rendered":"<p>MOSKOVA &#8211; Rusya Savunma Bakanl\u0131\u011f\u0131, Rus Hava Kuvvetleri&#8217;nin ge\u00e7ti\u011fimiz saatlerde Donetsk Halk Cumhuriyeti&#8217;ne ba\u011fl\u0131 Svyatogorsk kasabas\u0131 \u00e7evresindeki Ukrayna Yabanc\u0131 Lejyonu&#8217;nun ge\u00e7ici konu\u015flanma noktalar\u0131n\u0131 ve Ukrayna&#8217;daki radikal olu\u015fumlar\u0131 hassas sald\u0131r\u0131larla hedef ald\u0131\u011f\u0131n\u0131 duyurdu.<\/p>\n<p>Bakanl\u0131k S\u00f6zc\u00fcs\u00fc Korgeneral \u0130gor Konashenkov bug\u00fcn d\u00fczenledi\u011fi bas\u0131n toplant\u0131s\u0131nda, Ukrayna kuvvetlerinin Senkovo \u200b\u200b\u200b\u200bve Chervony Oskol kasabalar\u0131ndaki 14. mekanize tugay ve 95. hava \u00e7\u0131karma tugay\u0131n\u0131n konu\u015flanma noktalar\u0131na yap\u0131lan yo\u011fun bombard\u0131man sonucunda, Harkov b\u00f6lgesinde 120\u2019den fazla askerin \u00f6l\u00fc ve yaral\u0131 d\u00fc\u015ft\u00fc\u011f\u00fcn\u00fc ve\u00a0 15 adet askeri te\u00e7hizat imha edildi\u011fini belirtti.<\/p>\n<p><a href=\"https:\/\/www.facebook.com\/hashtag\/telegram_kanal%C4%B1m%C4%B1z?__eep__=6&amp;__cft__%5b0%5d=AZUEjbJsMJQ_ttAavr352n6eXwBazo1jfPGZLFANnx_b2GIA1NmFBINxfDVf7UUHF8dsb_a7QnsveukFyu5ATEgOonB8SZRbX2l9ARSLjmawlwaRfQuoBjbjp_6aSMUvpUo&amp;__tn__=*NK-R\">#Telegram_Kanal\u0131m\u0131z<\/a>:\u00a0<a href=\"https:\/\/t.me\/SuriyeArapHaberAjans%C4%B1\">https:\/\/t.me\/SuriyeArapHaberAjans\u0131<\/a><\/p>\n","protected":false},"excerpt":{"rendered":"<p>MOSKOVA &#8211; Rusya Savunma Bakanl\u0131\u011f\u0131, Rus Hava Kuvvetleri&#8217;nin ge\u00e7ti\u011fimiz saatlerde Donetsk Halk Cumhuriyeti&#8217;ne ba\u011fl\u0131 Svyatogorsk kasabas\u0131 \u00e7evresindeki Ukrayna Yabanc\u0131 Lejyonu&#8217;nun ge\u00e7ici konu\u015flanma noktalar\u0131n\u0131 ve Ukrayna&#8217;daki radikal olu\u015fumlar\u0131 hassas sald\u0131r\u0131larla hedef ald\u0131\u011f\u0131n\u0131 duyurdu. Bakanl\u0131k S\u00f6zc\u00fcs\u00fc Korgeneral \u0130gor Konashenkov bug\u00fcn d\u00fczenledi\u011fi bas\u0131n toplant\u0131s\u0131nda, Ukrayna kuvvetlerinin Senkovo \u200b\u200b\u200b\u200bve Chervony Oskol kasabalar\u0131ndaki 14. mekanize tugay ve 95. hava \u00e7\u0131karma &hellip;<\/p>\n","protected":false},"author":41,"featured_media":263226,"comment_status":"closed","ping_status":"closed","sticky":false,"template":"","format":"standard","meta":{"footnotes":""},"categories":[458,459,17988],"tags":[],"class_list":["post-263225","post","type-post","status-publish","format-standard","has-post-thumbnail","","category-dunya1","category-haberler-arap-uluslararasi-politika","category-son-haberler"],"_links":{"self":[{"href":"https:\/\/archive.sana.sy\/tr\/index.php?rest_route=\/wp\/v2\/posts\/263225","targetHints":{"allow":["GET"]}}],"collection":[{"href":"https:\/\/archive.sana.sy\/tr\/index.php?rest_route=\/wp\/v2\/posts"}],"about":[{"href":"https:\/\/archive.sana.sy\/tr\/index.php?rest_route=\/wp\/v2\/types\/post"}],"author":[{"embeddable":true,"href":"https:\/\/archive.sana.sy\/tr\/index.php?rest_route=\/wp\/v2\/users\/41"}],"replies":[{"embeddable":true,"href":"https:\/\/archive.sana.sy\/tr\/index.php?rest_route=%2Fwp%2Fv2%2Fcomments&post=263225"}],"version-history":[{"count":0,"href":"https:\/\/archive.sana.sy\/tr\/index.php?rest_route=\/wp\/v2\/posts\/263225\/revisions"}],"wp:featuredmedia":[{"embeddable":true,"href":"https:\/\/archive.sana.sy\/tr\/index.php?rest_route=\/wp\/v2\/media\/263226"}],"wp:attachment":[{"href":"https:\/\/archive.sana.sy\/tr\/index.php?rest_route=%2Fwp%2Fv2%2Fmedia&parent=263225"}],"wp:term":[{"taxonomy":"category","embeddable":true,"href":"https:\/\/archive.sana.sy\/tr\/index.php?rest_route=%2Fwp%2Fv2%2Fcategories&post=263225"},{"taxonomy":"post_tag","embeddable":true,"href":"https:\/\/archive.sana.sy\/tr\/index.php?rest_route=%2Fwp%2Fv2%2Ftags&post=263225"}],"curies":[{"name":"wp","href":"https:\/\/api.w.org\/{rel}","templated":true}]}}