{"id":263241,"date":"2022-09-27T10:17:49","date_gmt":"2022-09-27T07:17:49","guid":{"rendered":"http:\/\/107.6.182.27\/tr\/?p=263241"},"modified":"2022-09-28T08:43:50","modified_gmt":"2022-09-28T05:43:50","slug":"rus-savunmasi-nusra-cephesi-teroristleri-gerilimi-azaltma-bolgesindeki-yeni-saldirilar-duzenledi","status":"publish","type":"post","link":"https:\/\/archive.sana.sy\/tr\/?p=263241","title":{"rendered":"Rus Savunmas\u0131: \u201cNusra Cephesi\u201d Ter\u00f6ristleri Gerilimi Azaltma B\u00f6lgesinde Yeni Sald\u0131r\u0131lar D\u00fczenledi\u011fi G\u00f6zlemlendi"},"content":{"rendered":"<p>MOSKOVA &#8211; Rusya Savunma Bakanl\u0131\u011f\u0131, ter\u00f6rist &#8220;El Nusra Cephesi&#8221; \u00f6rg\u00fct\u00fcn\u00fcn gerilimi azaltma b\u00f6lgesinde son saatlerde yeni sald\u0131r\u0131lar d\u00fczenledi\u011fini ilan etti.<\/p>\n<p>Hmeymim \u00fcss\u00fcndeki Rus Koordinasyon Merkezi ba\u015fkan yard\u0131mc\u0131s\u0131 Oleg C\u00fcravlov yapt\u0131\u011f\u0131 a\u00e7\u0131klamada, &#8220;El Nusra Cephesi&#8221; ter\u00f6r \u00f6rg\u00fct\u00fcn\u00fcn gerilimi azaltma b\u00f6lgesindeki mevkilerinden Halep ili mevkilere yeni bir sald\u0131r\u0131 d\u00fczenledi\u011fini belirtti.<\/p>\n<p><span style=\"color: #0000ff;\">#Telegram_Kanal\u0131m\u0131z: https:\/\/t.me\/SuriyeArapHaberAjans\u0131<\/span><\/p>\n","protected":false},"excerpt":{"rendered":"<p>MOSKOVA &#8211; Rusya Savunma Bakanl\u0131\u011f\u0131, ter\u00f6rist &#8220;El Nusra Cephesi&#8221; \u00f6rg\u00fct\u00fcn\u00fcn gerilimi azaltma b\u00f6lgesinde son saatlerde yeni sald\u0131r\u0131lar d\u00fczenledi\u011fini ilan etti. Hmeymim \u00fcss\u00fcndeki Rus Koordinasyon Merkezi ba\u015fkan yard\u0131mc\u0131s\u0131 Oleg C\u00fcravlov yapt\u0131\u011f\u0131 a\u00e7\u0131klamada, &#8220;El Nusra Cephesi&#8221; ter\u00f6r \u00f6rg\u00fct\u00fcn\u00fcn gerilimi azaltma b\u00f6lgesindeki mevkilerinden Halep ili mevkilere yeni bir sald\u0131r\u0131 d\u00fczenledi\u011fini belirtti. #Telegram_Kanal\u0131m\u0131z: https:\/\/t.me\/SuriyeArapHaberAjans\u0131<\/p>\n","protected":false},"author":39,"featured_media":263242,"comment_status":"closed","ping_status":"closed","sticky":false,"template":"","format":"standard","meta":{"footnotes":""},"categories":[458,459,575,17988],"tags":[],"class_list":["post-263241","post","type-post","status-publish","format-standard","has-post-thumbnail","","category-dunya1","category-haberler-arap-uluslararasi-politika","category-olaylar-ve-gercekler","category-son-haberler"],"_links":{"self":[{"href":"https:\/\/archive.sana.sy\/tr\/index.php?rest_route=\/wp\/v2\/posts\/263241","targetHints":{"allow":["GET"]}}],"collection":[{"href":"https:\/\/archive.sana.sy\/tr\/index.php?rest_route=\/wp\/v2\/posts"}],"about":[{"href":"https:\/\/archive.sana.sy\/tr\/index.php?rest_route=\/wp\/v2\/types\/post"}],"author":[{"embeddable":true,"href":"https:\/\/archive.sana.sy\/tr\/index.php?rest_route=\/wp\/v2\/users\/39"}],"replies":[{"embeddable":true,"href":"https:\/\/archive.sana.sy\/tr\/index.php?rest_route=%2Fwp%2Fv2%2Fcomments&post=263241"}],"version-history":[{"count":0,"href":"https:\/\/archive.sana.sy\/tr\/index.php?rest_route=\/wp\/v2\/posts\/263241\/revisions"}],"wp:featuredmedia":[{"embeddable":true,"href":"https:\/\/archive.sana.sy\/tr\/index.php?rest_route=\/wp\/v2\/media\/263242"}],"wp:attachment":[{"href":"https:\/\/archive.sana.sy\/tr\/index.php?rest_route=%2Fwp%2Fv2%2Fmedia&parent=263241"}],"wp:term":[{"taxonomy":"category","embeddable":true,"href":"https:\/\/archive.sana.sy\/tr\/index.php?rest_route=%2Fwp%2Fv2%2Fcategories&post=263241"},{"taxonomy":"post_tag","embeddable":true,"href":"https:\/\/archive.sana.sy\/tr\/index.php?rest_route=%2Fwp%2Fv2%2Ftags&post=263241"}],"curies":[{"name":"wp","href":"https:\/\/api.w.org\/{rel}","templated":true}]}}