{"id":263353,"date":"2022-09-28T23:37:27","date_gmt":"2022-09-28T20:37:27","guid":{"rendered":"http:\/\/107.6.182.27\/tr\/?p=263353"},"modified":"2022-09-30T08:57:29","modified_gmt":"2022-09-30T05:57:29","slug":"suriyenin-katilimiyla-dunya-kultur-politikalari-ve-surdurulebilir-kalkinma-konferansi-basladi","status":"publish","type":"post","link":"https:\/\/archive.sana.sy\/tr\/?p=263353","title":{"rendered":"Suriye&#8217;nin Kat\u0131l\u0131m\u0131yla\u2026 D\u00fcnya K\u00fclt\u00fcr Politikalar\u0131 ve S\u00fcrd\u00fcr\u00fclebilir Kalk\u0131nma Konferans\u0131 Ba\u015flad\u0131"},"content":{"rendered":"<p>MEKS\u0130KA \u2013 Suriye&#8217;nin kat\u0131l\u0131m\u0131yla UNESCO D\u00fcnya K\u00fclt\u00fcr Politikalar\u0131 ve S\u00fcrd\u00fcr\u00fclebilir Kalk\u0131nma Konferans\u0131 \u201cMondiacult 2022\u201d bug\u00fcn Meksika&#8217;da ba\u015flad\u0131.<\/p>\n<p>Konferans\u0131n \u00e7al\u0131\u015fmalar\u0131 28-30 Eyl\u00fcl tarihleri \u200b\u200baras\u0131nda devam edecek ve d\u00fcnya \u00e7ap\u0131nda 140 k\u00fclt\u00fcr bakan\u0131 kat\u0131lacak.<\/p>\n<p>Konferans, t\u00fcm bi\u00e7imleri, ifadeleri ve anlamlar\u0131yla k\u00fclt\u00fcr ihtiyac\u0131n\u0131n insani geli\u015fmenin herhangi bir d\u00f6n\u00fc\u015f\u00fcm yolunun merkezinde yer almas\u0131 \u00e7a\u011fr\u0131s\u0131nda bulunurken, ayn\u0131 zamanda s\u00fcrd\u00fcr\u00fclebilir kalk\u0131nmada k\u00fclt\u00fcr\u00fcn rol\u00fc \u00fczerine k\u00fcresel bir diyalog yaratmay\u0131 da ama\u00e7lamaktad\u0131r.<\/p>\n<p><img loading=\"lazy\" decoding=\"async\" class=\"size-medium wp-image-263354 alignright\" src=\"http:\/\/107.6.182.27\/tr\/wp-content\/uploads\/2022\/09\/photo_2022-09-28_22-07-24-300x168.jpg\" alt=\"\" width=\"300\" height=\"168\" srcset=\"https:\/\/archive.sana.sy\/tr\/wp-content\/uploads\/2022\/09\/photo_2022-09-28_22-07-24-300x168.jpg 300w, https:\/\/archive.sana.sy\/tr\/wp-content\/uploads\/2022\/09\/photo_2022-09-28_22-07-24-150x84.jpg 150w, https:\/\/archive.sana.sy\/tr\/wp-content\/uploads\/2022\/09\/photo_2022-09-28_22-07-24.jpg 660w\" sizes=\"auto, (max-width: 300px) 100vw, 300px\" \/>Konferans\u0131n ilk g\u00fcn\u00fcn\u00fcn \u00e7al\u0131\u015fmalar\u0131 s\u0131ras\u0131nda K\u00fclt\u00fcr Bakan\u0131 Dr. Lubana Me\u015fuh, video arac\u0131yla yapt\u0131\u011f\u0131 konu\u015fmada, k\u00fclt\u00fcrel \u00e7e\u015fitlili\u011fin kapsaml\u0131 Suriye ulusal kimli\u011finin ay\u0131rt edici \u00f6zelli\u011fi oldu\u011funu ve Suriye Arap Cumhuriyeti anayasas\u0131n\u0131n, t\u00fcm bile\u015fenleri ve kollar\u0131n\u0131n \u00e7o\u011fullu\u011fu ile Suriye toplumu i\u00e7in bu \u00e7e\u015fitlili\u011fin korunmas\u0131n\u0131 bi\u00e7im ve i\u00e7erik olarak garanti etti\u011fini belirtirken, cinsiyet, k\u00f6ken, din, dil veya inan\u00e7 temelinde ayr\u0131m yap\u0131lmad\u0131\u011f\u0131n\u0131 ve t\u00fcm insanlar i\u00e7in f\u0131rsat e\u015fitli\u011fini teyit eder.<\/p>\n<p>K\u00fclt\u00fcr Bakan\u0131, Suriye&#8217;deki ulusal k\u00fclt\u00fcr stratejisinin, somut ve somut olmayan k\u00fclt\u00fcrel miras\u0131n korunmas\u0131, muhafaza edilmesi ve s\u00fcrd\u00fcr\u00fclebilirli\u011finin sa\u011flanmas\u0131 ile b\u00fcy\u00fck \u00e7e\u015fitlili\u011finin ve kapsay\u0131c\u0131l\u0131k \u00e7e\u015fitlili\u011finin korunmas\u0131na dayand\u0131\u011f\u0131n\u0131 teyit etti.<\/p>\n<p>Me\u015fuh: \u201cSuriye, \u00e7al\u0131\u015fmalar\u0131nda katk\u0131s\u0131 etkili olan UNESCO&#8217;nun kurucu \u00fcyesidir\u201d diyerek, Suriye d\u00fcnyaya ilk alfabesini verdi ve Ugarit numaras\u0131na insanl\u0131\u011f\u0131n bilinen ilk notas\u0131n\u0131 yazd\u0131, Suriye medeniyetlerin be\u015fi\u011fi ve k\u00fclt\u00fcrlerin kav\u015fak noktas\u0131d\u0131r\u201d dedi.<\/p>\n<div id='gallery-1' class='gallery galleryid-263353 gallery-columns-2 gallery-size-full'><figure class='gallery-item'>\n\t\t\t<div class='gallery-icon landscape'>\n\t\t\t\t<a href='https:\/\/archive.sana.sy\/tr\/wp-content\/uploads\/2022\/09\/3-12.jpg'><img loading=\"lazy\" decoding=\"async\" width=\"660\" height=\"376\" src=\"https:\/\/archive.sana.sy\/tr\/wp-content\/uploads\/2022\/09\/3-12.jpg\" class=\"attachment-full size-full\" alt=\"\" srcset=\"https:\/\/archive.sana.sy\/tr\/wp-content\/uploads\/2022\/09\/3-12.jpg 660w, https:\/\/archive.sana.sy\/tr\/wp-content\/uploads\/2022\/09\/3-12-300x171.jpg 300w, https:\/\/archive.sana.sy\/tr\/wp-content\/uploads\/2022\/09\/3-12-150x85.jpg 150w\" sizes=\"auto, (max-width: 660px) 100vw, 660px\" \/><\/a>\n\t\t\t<\/div><\/figure><figure class='gallery-item'>\n\t\t\t<div class='gallery-icon landscape'>\n\t\t\t\t<a href='https:\/\/archive.sana.sy\/tr\/wp-content\/uploads\/2022\/09\/4-8.jpg'><img loading=\"lazy\" decoding=\"async\" width=\"660\" height=\"370\" src=\"https:\/\/archive.sana.sy\/tr\/wp-content\/uploads\/2022\/09\/4-8.jpg\" class=\"attachment-full size-full\" alt=\"\" srcset=\"https:\/\/archive.sana.sy\/tr\/wp-content\/uploads\/2022\/09\/4-8.jpg 660w, https:\/\/archive.sana.sy\/tr\/wp-content\/uploads\/2022\/09\/4-8-300x168.jpg 300w, https:\/\/archive.sana.sy\/tr\/wp-content\/uploads\/2022\/09\/4-8-150x84.jpg 150w\" sizes=\"auto, (max-width: 660px) 100vw, 660px\" \/><\/a>\n\t\t\t<\/div><\/figure>\n\t\t<\/div>\n\n","protected":false},"excerpt":{"rendered":"<p>MEKS\u0130KA \u2013 Suriye&#8217;nin kat\u0131l\u0131m\u0131yla UNESCO D\u00fcnya K\u00fclt\u00fcr Politikalar\u0131 ve S\u00fcrd\u00fcr\u00fclebilir Kalk\u0131nma Konferans\u0131 \u201cMondiacult 2022\u201d bug\u00fcn Meksika&#8217;da ba\u015flad\u0131. Konferans\u0131n \u00e7al\u0131\u015fmalar\u0131 28-30 Eyl\u00fcl tarihleri \u200b\u200baras\u0131nda devam edecek ve d\u00fcnya \u00e7ap\u0131nda 140 k\u00fclt\u00fcr bakan\u0131 kat\u0131lacak. Konferans, t\u00fcm bi\u00e7imleri, ifadeleri ve anlamlar\u0131yla k\u00fclt\u00fcr ihtiyac\u0131n\u0131n insani geli\u015fmenin herhangi bir d\u00f6n\u00fc\u015f\u00fcm yolunun merkezinde yer almas\u0131 \u00e7a\u011fr\u0131s\u0131nda bulunurken, ayn\u0131 zamanda s\u00fcrd\u00fcr\u00fclebilir kalk\u0131nmada &hellip;<\/p>\n","protected":false},"author":36,"featured_media":263358,"comment_status":"closed","ping_status":"closed","sticky":false,"template":"","format":"standard","meta":{"footnotes":""},"categories":[458,459,17988],"tags":[],"class_list":["post-263353","post","type-post","status-publish","format-standard","has-post-thumbnail","","category-dunya1","category-haberler-arap-uluslararasi-politika","category-son-haberler"],"_links":{"self":[{"href":"https:\/\/archive.sana.sy\/tr\/index.php?rest_route=\/wp\/v2\/posts\/263353","targetHints":{"allow":["GET"]}}],"collection":[{"href":"https:\/\/archive.sana.sy\/tr\/index.php?rest_route=\/wp\/v2\/posts"}],"about":[{"href":"https:\/\/archive.sana.sy\/tr\/index.php?rest_route=\/wp\/v2\/types\/post"}],"author":[{"embeddable":true,"href":"https:\/\/archive.sana.sy\/tr\/index.php?rest_route=\/wp\/v2\/users\/36"}],"replies":[{"embeddable":true,"href":"https:\/\/archive.sana.sy\/tr\/index.php?rest_route=%2Fwp%2Fv2%2Fcomments&post=263353"}],"version-history":[{"count":0,"href":"https:\/\/archive.sana.sy\/tr\/index.php?rest_route=\/wp\/v2\/posts\/263353\/revisions"}],"wp:featuredmedia":[{"embeddable":true,"href":"https:\/\/archive.sana.sy\/tr\/index.php?rest_route=\/wp\/v2\/media\/263358"}],"wp:attachment":[{"href":"https:\/\/archive.sana.sy\/tr\/index.php?rest_route=%2Fwp%2Fv2%2Fmedia&parent=263353"}],"wp:term":[{"taxonomy":"category","embeddable":true,"href":"https:\/\/archive.sana.sy\/tr\/index.php?rest_route=%2Fwp%2Fv2%2Fcategories&post=263353"},{"taxonomy":"post_tag","embeddable":true,"href":"https:\/\/archive.sana.sy\/tr\/index.php?rest_route=%2Fwp%2Fv2%2Ftags&post=263353"}],"curies":[{"name":"wp","href":"https:\/\/api.w.org\/{rel}","templated":true}]}}