{"id":263367,"date":"2022-09-29T09:50:05","date_gmt":"2022-09-29T06:50:05","guid":{"rendered":"http:\/\/107.6.182.27\/tr\/?p=263367"},"modified":"2022-09-30T08:57:49","modified_gmt":"2022-09-30T05:57:49","slug":"el-halilde-israil-guclerinin-kursunlariyla-3-filistinli-yaralandi","status":"publish","type":"post","link":"https:\/\/archive.sana.sy\/tr\/?p=263367","title":{"rendered":"El Halil&#8217;de \u0130srail G\u00fc\u00e7lerinin Kur\u015funlar\u0131yla 3 Filistinli Yaraland\u0131"},"content":{"rendered":"<p>\u0130\u015eGAL ED\u0130LEN KUD\u00dcS \u2013 Bat\u0131 Yaka&#8217;n\u0131n El Halil kentinin g\u00fcneyindeki Dura beldesine \u0130srail i\u015fgal g\u00fc\u00e7lerinin kur\u015funlar\u0131yla 3 Filistinli yaraland\u0131.<\/p>\n<p>WAFA Haber Ajans\u0131n\u0131n aktard\u0131\u011f\u0131na g\u00f6re Filistin Sa\u011fl\u0131k Bakanl\u0131\u011f\u0131, i\u015fgal g\u00fc\u00e7lerinin Dura beldesi bast\u0131\u011f\u0131n\u0131 ve Filistinlilere ate\u015f a\u00e7arak 3 ki\u015fi yaralad\u0131\u011f\u0131n\u0131 s\u00f6yledi.<\/p>\n<p><a class=\"qi72231t nu7423ey n3hqoq4p r86q59rh b3qcqh3k fq87ekyn bdao358l fsf7x5fv rse6dlih s5oniofx m8h3af8h l7ghb35v kjdc1dyq kmwttqpk srn514ro oxkhqvkx rl78xhln nch0832m cr00lzj9 rn8ck1ys s3jn8y49 icdlwmnq cxfqmxzd d1w2l3lo tes86rjd\" tabindex=\"0\" role=\"link\" href=\"https:\/\/www.facebook.com\/hashtag\/telegram_kanal%C4%B1m%C4%B1z?__eep__=6&amp;__cft__[0]=AZWAGiphQu_mo_ln0MjG8Cn4JPaCSKbhKj4DmOAWZngH4Oqj7sqruCxkZn75BiMWVDyq6OGfzdtReLwhfH_cQse1UntAsdyh8Fu9NagvMCr95i25w-9PEJ3oBBMlTkymdZ8&amp;__tn__=*NK-R\">#Telegram_Kanal\u0131m\u0131z<\/a>: <a class=\"qi72231t nu7423ey n3hqoq4p r86q59rh b3qcqh3k fq87ekyn bdao358l fsf7x5fv rse6dlih s5oniofx m8h3af8h l7ghb35v kjdc1dyq kmwttqpk srn514ro oxkhqvkx rl78xhln nch0832m cr00lzj9 rn8ck1ys s3jn8y49 icdlwmnq cxfqmxzd ezidihy3\" tabindex=\"0\" role=\"link\" href=\"https:\/\/t.me\/SuriyeArapHaberAjans?fbclid=IwAR1KaAveNzj6D-ACFkJdV9C3C4eLauMzriZgTEnHaKM-nzxgkW0lc4z9-hs\" target=\"_blank\" rel=\"nofollow noopener\">https:\/\/t.me\/SuriyeArapHaberAjans<\/a><\/p>\n","protected":false},"excerpt":{"rendered":"<p>\u0130\u015eGAL ED\u0130LEN KUD\u00dcS \u2013 Bat\u0131 Yaka&#8217;n\u0131n El Halil kentinin g\u00fcneyindeki Dura beldesine \u0130srail i\u015fgal g\u00fc\u00e7lerinin kur\u015funlar\u0131yla 3 Filistinli yaraland\u0131. WAFA Haber Ajans\u0131n\u0131n aktard\u0131\u011f\u0131na g\u00f6re Filistin Sa\u011fl\u0131k Bakanl\u0131\u011f\u0131, i\u015fgal g\u00fc\u00e7lerinin Dura beldesi bast\u0131\u011f\u0131n\u0131 ve Filistinlilere ate\u015f a\u00e7arak 3 ki\u015fi yaralad\u0131\u011f\u0131n\u0131 s\u00f6yledi. #Telegram_Kanal\u0131m\u0131z: https:\/\/t.me\/SuriyeArapHaberAjans<\/p>\n","protected":false},"author":39,"featured_media":263368,"comment_status":"closed","ping_status":"closed","sticky":false,"template":"","format":"standard","meta":{"footnotes":""},"categories":[458,459,17988],"tags":[],"class_list":["post-263367","post","type-post","status-publish","format-standard","has-post-thumbnail","","category-dunya1","category-haberler-arap-uluslararasi-politika","category-son-haberler"],"_links":{"self":[{"href":"https:\/\/archive.sana.sy\/tr\/index.php?rest_route=\/wp\/v2\/posts\/263367","targetHints":{"allow":["GET"]}}],"collection":[{"href":"https:\/\/archive.sana.sy\/tr\/index.php?rest_route=\/wp\/v2\/posts"}],"about":[{"href":"https:\/\/archive.sana.sy\/tr\/index.php?rest_route=\/wp\/v2\/types\/post"}],"author":[{"embeddable":true,"href":"https:\/\/archive.sana.sy\/tr\/index.php?rest_route=\/wp\/v2\/users\/39"}],"replies":[{"embeddable":true,"href":"https:\/\/archive.sana.sy\/tr\/index.php?rest_route=%2Fwp%2Fv2%2Fcomments&post=263367"}],"version-history":[{"count":0,"href":"https:\/\/archive.sana.sy\/tr\/index.php?rest_route=\/wp\/v2\/posts\/263367\/revisions"}],"wp:featuredmedia":[{"embeddable":true,"href":"https:\/\/archive.sana.sy\/tr\/index.php?rest_route=\/wp\/v2\/media\/263368"}],"wp:attachment":[{"href":"https:\/\/archive.sana.sy\/tr\/index.php?rest_route=%2Fwp%2Fv2%2Fmedia&parent=263367"}],"wp:term":[{"taxonomy":"category","embeddable":true,"href":"https:\/\/archive.sana.sy\/tr\/index.php?rest_route=%2Fwp%2Fv2%2Fcategories&post=263367"},{"taxonomy":"post_tag","embeddable":true,"href":"https:\/\/archive.sana.sy\/tr\/index.php?rest_route=%2Fwp%2Fv2%2Ftags&post=263367"}],"curies":[{"name":"wp","href":"https:\/\/api.w.org\/{rel}","templated":true}]}}