{"id":263370,"date":"2022-09-29T11:15:36","date_gmt":"2022-09-29T08:15:36","guid":{"rendered":"http:\/\/107.6.182.27\/tr\/?p=263370"},"modified":"2022-10-01T09:11:44","modified_gmt":"2022-10-01T06:11:44","slug":"pakistan-cumhurbaskani-ulkesinin-suriye-ile-kardesce-iliskiler-gelistirme-konusundaki-istekliligini-teyit-etti","status":"publish","type":"post","link":"https:\/\/archive.sana.sy\/tr\/?p=263370","title":{"rendered":"Pakistan Cumhurba\u015fkan\u0131, \u00dclkesinin Suriye \u0130le Karde\u015f\u00e7e \u0130li\u015fkiler Geli\u015ftirme Konusundaki \u0130steklili\u011fini Teyit Etti"},"content":{"rendered":"<p>\u0130SLAMABAD \u2013 Pakistan Cumhurba\u015fkan\u0131 Arif Alvi, \u00fclkesinin Suriye ile Pakistan ve iki dost halk aras\u0131nda karde\u015flik ili\u015fkileri geli\u015ftirme ve iki \u00fclkedeki \u00f6zel ve kamu kurumlar\u0131 aras\u0131nda ileti\u015fim kurma konusundaki isteklili\u011fini teyit etti.<\/p>\n<p>Pakistan&#8217;\u0131n Suriye B\u00fcy\u00fckel\u00e7isi Ra\u015fid Ahtar ile yapt\u0131\u011f\u0131 g\u00f6r\u00fc\u015fmede Alvi, ikili ili\u015fkileri g\u00fc\u00e7lendirmek i\u00e7in her iki taraf\u0131n birbirini tamamlamas\u0131 i\u00e7in i\u015f heyetlerinin de\u011fi\u015fiminin, iki \u00fclke aras\u0131nda yat\u0131r\u0131mlar\u0131n geli\u015ftirilmesinin ve aralar\u0131ndaki g\u00fc\u00e7 unsurlar\u0131n\u0131n de\u011ferlendirilmesinin gereklili\u011fi \u00e7a\u011fr\u0131s\u0131nda bulundu.<\/p>\n<p>Alevi, \u00fclkesinin Suriyeli \u00f6\u011frenciler i\u00e7in t\u00fcm disiplinlerde \u201cAllama \u0130kbal\u201d \u00dcniversitesi ve Pakistan Sanal \u00dcniversitesi&#8217;nden bir dizi teknik e\u011fitim ve e\u011fitim kursu sa\u011flayaca\u011f\u0131n\u0131 ilan etti.<\/p>\n<p>Pakistan cumhurba\u015fkan\u0131, yeni b\u00fcy\u00fckel\u00e7iye, ziyaretlerin optimal \u015fekilde uygulanmas\u0131 i\u00e7in Suriye makamlar\u0131yla s\u00fcrekli temas halinde kalmas\u0131 ve bu alanda iki \u00fclke aras\u0131nda mutabakat zapt\u0131 imzalamas\u0131 talimat\u0131n\u0131 verdi.<\/p>\n<p><span style=\"color: #0000ff;\">#Telegram_Kanal\u0131m\u0131z: https:\/\/t.me\/SuriyeArapHaberAjans<\/span><\/p>\n","protected":false},"excerpt":{"rendered":"<p>\u0130SLAMABAD \u2013 Pakistan Cumhurba\u015fkan\u0131 Arif Alvi, \u00fclkesinin Suriye ile Pakistan ve iki dost halk aras\u0131nda karde\u015flik ili\u015fkileri geli\u015ftirme ve iki \u00fclkedeki \u00f6zel ve kamu kurumlar\u0131 aras\u0131nda ileti\u015fim kurma konusundaki isteklili\u011fini teyit etti. Pakistan&#8217;\u0131n Suriye B\u00fcy\u00fckel\u00e7isi Ra\u015fid Ahtar ile yapt\u0131\u011f\u0131 g\u00f6r\u00fc\u015fmede Alvi, ikili ili\u015fkileri g\u00fc\u00e7lendirmek i\u00e7in her iki taraf\u0131n birbirini tamamlamas\u0131 i\u00e7in i\u015f heyetlerinin de\u011fi\u015fiminin, iki &hellip;<\/p>\n","protected":false},"author":36,"featured_media":263371,"comment_status":"closed","ping_status":"closed","sticky":false,"template":"","format":"standard","meta":{"footnotes":""},"categories":[458,459,17988],"tags":[],"class_list":["post-263370","post","type-post","status-publish","format-standard","has-post-thumbnail","","category-dunya1","category-haberler-arap-uluslararasi-politika","category-son-haberler"],"_links":{"self":[{"href":"https:\/\/archive.sana.sy\/tr\/index.php?rest_route=\/wp\/v2\/posts\/263370","targetHints":{"allow":["GET"]}}],"collection":[{"href":"https:\/\/archive.sana.sy\/tr\/index.php?rest_route=\/wp\/v2\/posts"}],"about":[{"href":"https:\/\/archive.sana.sy\/tr\/index.php?rest_route=\/wp\/v2\/types\/post"}],"author":[{"embeddable":true,"href":"https:\/\/archive.sana.sy\/tr\/index.php?rest_route=\/wp\/v2\/users\/36"}],"replies":[{"embeddable":true,"href":"https:\/\/archive.sana.sy\/tr\/index.php?rest_route=%2Fwp%2Fv2%2Fcomments&post=263370"}],"version-history":[{"count":0,"href":"https:\/\/archive.sana.sy\/tr\/index.php?rest_route=\/wp\/v2\/posts\/263370\/revisions"}],"wp:featuredmedia":[{"embeddable":true,"href":"https:\/\/archive.sana.sy\/tr\/index.php?rest_route=\/wp\/v2\/media\/263371"}],"wp:attachment":[{"href":"https:\/\/archive.sana.sy\/tr\/index.php?rest_route=%2Fwp%2Fv2%2Fmedia&parent=263370"}],"wp:term":[{"taxonomy":"category","embeddable":true,"href":"https:\/\/archive.sana.sy\/tr\/index.php?rest_route=%2Fwp%2Fv2%2Fcategories&post=263370"},{"taxonomy":"post_tag","embeddable":true,"href":"https:\/\/archive.sana.sy\/tr\/index.php?rest_route=%2Fwp%2Fv2%2Ftags&post=263370"}],"curies":[{"name":"wp","href":"https:\/\/api.w.org\/{rel}","templated":true}]}}