{"id":263379,"date":"2022-09-29T12:34:39","date_gmt":"2022-09-29T09:34:39","guid":{"rendered":"http:\/\/107.6.182.27\/tr\/?p=263379"},"modified":"2022-09-30T08:58:02","modified_gmt":"2022-09-30T05:58:02","slug":"maaluli-imanipur-ile-suriye-ve-iran-arasindaki-kulturel-deneyim-alisverisini-gorustu","status":"publish","type":"post","link":"https:\/\/archive.sana.sy\/tr\/?p=263379","title":{"rendered":"Maaluli, Imanipur ile Suriye ve \u0130ran Aras\u0131ndaki K\u00fclt\u00fcrel Deneyim Al\u0131\u015fveri\u015fini G\u00f6r\u00fc\u015ft\u00fc"},"content":{"rendered":"<p>\u015eAM \u2013 Dar Al Esad K\u00fclt\u00fcr ve Sanat Kurumu M\u00fcd\u00fcr\u00fc Maestro Andre Maaluli, \u0130ran K\u00fclt\u00fcr ve \u0130slami \u0130li\u015fkiler Derne\u011fi ba\u015fkan\u0131 Dr. Muhammed Mehdi Imanipur ile iki dost \u00fclke aras\u0131ndaki k\u00fclt\u00fcrel deneyim al\u0131\u015fveri\u015fini g\u00f6r\u00fc\u015ft\u00fc.<\/p>\n<p>Maaluli, iki \u00fclke aras\u0131ndaki dostlu\u011fun derinli\u011fine ve k\u00fclt\u00fcrel deneyim al\u0131\u015fveri\u015fine yans\u0131malar\u0131n\u0131n \u00f6nemine dikkat \u00e7ekerek, \u0130ranl\u0131 grup liderlerinin \u015eam Opera Binas\u0131 konserlerinde a\u011f\u0131rlad\u0131.<\/p>\n<p><img loading=\"lazy\" decoding=\"async\" class=\"size-medium wp-image-263380 alignright\" src=\"http:\/\/107.6.182.27\/tr\/wp-content\/uploads\/2022\/09\/4-9-300x191.jpg\" alt=\"\" width=\"300\" height=\"191\" srcset=\"https:\/\/archive.sana.sy\/tr\/wp-content\/uploads\/2022\/09\/4-9-300x191.jpg 300w, https:\/\/archive.sana.sy\/tr\/wp-content\/uploads\/2022\/09\/4-9-150x96.jpg 150w, https:\/\/archive.sana.sy\/tr\/wp-content\/uploads\/2022\/09\/4-9.jpg 660w\" sizes=\"auto, (max-width: 300px) 100vw, 300px\" \/>Buna kar\u015f\u0131l\u0131k Imanipur, \u00f6zellikle iki \u00fclke aras\u0131ndaki k\u00fclt\u00fcrel ili\u015fkilerin geli\u015ftirilmesi \u00e7er\u00e7evesinde Suriye&#8217;ye yap\u0131lan mevcut ziyaret s\u0131ras\u0131nda Suriye&#8217;nin sanatsal yeteneklerini \u00f6\u011frendikten sonra, k\u00fclt\u00fcrel heyet de\u011fi\u015fiminin ve ortak i\u015fbirli\u011finin geli\u015ftirilmesinin gereklili\u011fini vurgulad\u0131.<\/p>\n<p>G\u00f6r\u00fc\u015fmelere \u015eam&#8217;daki \u0130ran K\u00fclt\u00fcr M\u00fc\u015faviri Hamid Reza Asmati, Tiyatro ve M\u00fczik M\u00fcd\u00fcrl\u00fc\u011f\u00fc Direkt\u00f6r\u00fc Imad Callul, Y\u00fcksek M\u00fczik Enstit\u00fcs\u00fc Dekan\u0131 Maestro Adnan Fathallah ve K\u00fclt\u00fcr Bakanl\u0131\u011f\u0131 K\u00fclt\u00fcrel \u0130li\u015fkiler Direkt\u00f6r\u00fc Ziad Maiman kat\u0131ld\u0131.<\/p>\n<p><a class=\"qi72231t nu7423ey n3hqoq4p r86q59rh b3qcqh3k fq87ekyn bdao358l fsf7x5fv rse6dlih s5oniofx m8h3af8h l7ghb35v kjdc1dyq kmwttqpk srn514ro oxkhqvkx rl78xhln nch0832m cr00lzj9 rn8ck1ys s3jn8y49 icdlwmnq cxfqmxzd d1w2l3lo tes86rjd\" tabindex=\"0\" role=\"link\" href=\"https:\/\/www.facebook.com\/hashtag\/telegram_kanal%C4%B1m%C4%B1z?__eep__=6&amp;__cft__[0]=AZWRtlDiWGr21KYqMfJ3kccM2luikcaz92Fyjlznw6ukNc7Wkg-aFjifr5fWorMmflhHMeDU_0XH3czUS4RXDQYfgswLqQzqS9U3qxiK2Zi7tN6UcEC9t2-z53nXDg4ZHJQ&amp;__tn__=*NK-R\">#Telegram_Kanal\u0131m\u0131z<\/a>: <a class=\"qi72231t nu7423ey n3hqoq4p r86q59rh b3qcqh3k fq87ekyn bdao358l fsf7x5fv rse6dlih s5oniofx m8h3af8h l7ghb35v kjdc1dyq kmwttqpk srn514ro oxkhqvkx rl78xhln nch0832m cr00lzj9 rn8ck1ys s3jn8y49 icdlwmnq cxfqmxzd ezidihy3\" tabindex=\"0\" role=\"link\" href=\"https:\/\/t.me\/SuriyeArapHaberAjans?fbclid=IwAR0wSMx5kWebD8flbZHffJayTFFqExofkwgChcIp8vhnP8yLU2V482xNz7g\" target=\"_blank\" rel=\"nofollow noopener\">https:\/\/t.me\/SuriyeArapHaberAjans<\/a><\/p>\n","protected":false},"excerpt":{"rendered":"<p>\u015eAM \u2013 Dar Al Esad K\u00fclt\u00fcr ve Sanat Kurumu M\u00fcd\u00fcr\u00fc Maestro Andre Maaluli, \u0130ran K\u00fclt\u00fcr ve \u0130slami \u0130li\u015fkiler Derne\u011fi ba\u015fkan\u0131 Dr. Muhammed Mehdi Imanipur ile iki dost \u00fclke aras\u0131ndaki k\u00fclt\u00fcrel deneyim al\u0131\u015fveri\u015fini g\u00f6r\u00fc\u015ft\u00fc. Maaluli, iki \u00fclke aras\u0131ndaki dostlu\u011fun derinli\u011fine ve k\u00fclt\u00fcrel deneyim al\u0131\u015fveri\u015fine yans\u0131malar\u0131n\u0131n \u00f6nemine dikkat \u00e7ekerek, \u0130ranl\u0131 grup liderlerinin \u015eam Opera Binas\u0131 konserlerinde a\u011f\u0131rlad\u0131. &hellip;<\/p>\n","protected":false},"author":36,"featured_media":263381,"comment_status":"closed","ping_status":"closed","sticky":false,"template":"","format":"standard","meta":{"footnotes":""},"categories":[479,17988,478],"tags":[],"class_list":["post-263379","post","type-post","status-publish","format-standard","has-post-thumbnail","","category-haberler-yerel","category-son-haberler","category-yerel"],"_links":{"self":[{"href":"https:\/\/archive.sana.sy\/tr\/index.php?rest_route=\/wp\/v2\/posts\/263379","targetHints":{"allow":["GET"]}}],"collection":[{"href":"https:\/\/archive.sana.sy\/tr\/index.php?rest_route=\/wp\/v2\/posts"}],"about":[{"href":"https:\/\/archive.sana.sy\/tr\/index.php?rest_route=\/wp\/v2\/types\/post"}],"author":[{"embeddable":true,"href":"https:\/\/archive.sana.sy\/tr\/index.php?rest_route=\/wp\/v2\/users\/36"}],"replies":[{"embeddable":true,"href":"https:\/\/archive.sana.sy\/tr\/index.php?rest_route=%2Fwp%2Fv2%2Fcomments&post=263379"}],"version-history":[{"count":0,"href":"https:\/\/archive.sana.sy\/tr\/index.php?rest_route=\/wp\/v2\/posts\/263379\/revisions"}],"wp:featuredmedia":[{"embeddable":true,"href":"https:\/\/archive.sana.sy\/tr\/index.php?rest_route=\/wp\/v2\/media\/263381"}],"wp:attachment":[{"href":"https:\/\/archive.sana.sy\/tr\/index.php?rest_route=%2Fwp%2Fv2%2Fmedia&parent=263379"}],"wp:term":[{"taxonomy":"category","embeddable":true,"href":"https:\/\/archive.sana.sy\/tr\/index.php?rest_route=%2Fwp%2Fv2%2Fcategories&post=263379"},{"taxonomy":"post_tag","embeddable":true,"href":"https:\/\/archive.sana.sy\/tr\/index.php?rest_route=%2Fwp%2Fv2%2Ftags&post=263379"}],"curies":[{"name":"wp","href":"https:\/\/api.w.org\/{rel}","templated":true}]}}