{"id":263384,"date":"2022-09-29T16:48:06","date_gmt":"2022-09-29T13:48:06","guid":{"rendered":"http:\/\/107.6.182.27\/tr\/?p=263384"},"modified":"2022-10-01T09:11:51","modified_gmt":"2022-10-01T06:11:51","slug":"cumhurbaskani-esad-adra-sanayi-sehrinde-fotovoltaik-enerji-projesinin-ilk-asamasini-baslatti","status":"publish","type":"post","link":"https:\/\/archive.sana.sy\/tr\/?p=263384","title":{"rendered":"Cumhurba\u015fkan\u0131 Esad Adra Sanayi Kentinde Fotovoltaik Enerji Projesinin \u0130lk Etab\u0131n\u0131n A\u00e7\u0131l\u0131\u015f\u0131n\u0131 Yapt\u0131"},"content":{"rendered":"<p style=\"text-align: left;\"><span style=\"color: #800000;\">\u015eAM\u00a0\u2013<\/span> Cumhurba\u015fkan\u0131 Be\u015f\u015far Esad, Adra Sanayi Kentindeki fotovoltaik enerji projesinin ilk a\u015famas\u0131n\u0131 proje ziyareti s\u0131ras\u0131nda bug\u00fcn ba\u015flatt\u0131.<\/p>\n<p style=\"text-align: left;\">Tamamland\u0131\u011f\u0131nda g\u00fcne\u015f panellerinden 100 megavat elektrik \u00fcretmeyi hedefleyen proje, 165 hektar\u0131n \u00fczerinde bir alana yay\u0131l\u0131yor.<\/p>\n<p style=\"text-align: left;\">Bug\u00fcne kadar 18 binden fazla g\u00fcne\u015f paneli ile 10 megavatl\u0131k \u00fcretim kurulmu\u015f ve bu projeden \u00fcretilen enerji bug\u00fcn \u015febekeye ba\u011flanarak Suriye\u2019deki elektrik \u00fcretimini k\u00fcm\u00fclatif olarak desteklemi\u015ftir.<\/p>\n<p style=\"text-align: left;\">Bu projedeki \u00e7al\u0131\u015fmalar, Cumhurba\u015fkan\u0131 Esad\u2019\u0131n Haziran 2021\u2019de Adra\u2019daki sanayi kentine yapt\u0131\u011f\u0131 ziyaretin ard\u0131ndan kamu sekt\u00f6r\u00fc ile i\u015fbirli\u011fi i\u00e7inde \u00f6zel bir yat\u0131r\u0131m olarak ba\u015flat\u0131ld\u0131.<\/p>\n<p style=\"text-align: left;\">Say\u0131n Cumhurba\u015fkan\u0131 Esad, Suriye ve El \u0130hbariyye haber kanallar\u0131na yapt\u0131\u011f\u0131 a\u00e7\u0131klamada Sava\u015f ko\u015fullar\u0131ndan ve ku\u015fatman\u0131n ko\u015fullar\u0131ndan bahsetmek istersek, o zaman k\u00fc\u00e7\u00fck, orta veya b\u00fcy\u00fck herhangi bir yeni ekonomik kalk\u0131nma projesi, b\u00fcy\u00fckl\u00fc\u011f\u00fc ne olursa olsun herhangi bir tesis de bu zorlu ko\u015fullara dayanabilmi\u015ftir. Yakla\u015f\u0131k 12 y\u0131l boyunca, bu ba\u015fl\u0131 ba\u015f\u0131na bir meydan okumad\u0131r, meydan okumalar sadece elektrik sekt\u00f6r\u00fcn\u00fc i\u00e7ermemektedir, bunlar genel meydan okumalard\u0131r, bunlar bir yandan finansman zorluklar\u0131d\u0131r, ekipman ve malzemeleri g\u00fcvenceye alma zorluklar\u0131d\u0131r, ama bununla birlikte, her iki konunun da ana zorluk oldu\u011funu d\u00fc\u015f\u00fcnm\u00fcyorum.. Bu projenin vizyonundan \u00e7\u0131kard\u0131\u011f\u0131m\u0131z en b\u00fcy\u00fck meydan okuma, \u00f6ncelikle iradenin meydan okumas\u0131 ve yat\u0131r\u0131m konusunda d\u00fc\u015f\u00fcnce kal\u0131b\u0131n\u0131n de\u011fi\u015ftirilmesi, bu \u00f6rneklerden bir \u00f6rnektir.<\/p>\n<p style=\"text-align: left;\">Cumhurba\u015fkan\u0131 Esad: Ne yapabiliriz.. Teorik olarak konu\u015fmamak i\u00e7in cevap \u00f6n\u00fcm\u00fczde diyorum, ger\u00e7ekte bu.. Daha erken safhalarda bile bir \u015feyler yapabildik ama iradeye ve d\u00fc\u015f\u00fcnce tarz\u0131na d\u00f6n\u00fc\u015f yeni bir d\u00fc\u015f\u00fcnce modelidir, bu i\u015fi yapanlar, yani sermaye sahipleri daha kolay yat\u0131r\u0131m projelerini d\u00fc\u015f\u00fcnebilirlerdi&#8230; paray\u0131 geri alma a\u00e7\u0131s\u0131ndan daha kolay, her bak\u0131mdan uygulama a\u00e7\u0131s\u0131ndan daha kolay ve karl\u0131 de\u011fil diyorum \u00e7\u00fcnk\u00fc elektrik projesi karl\u0131 ve istikrarl\u0131 ama uzun vadede, k\u0131sa vadede de\u011fil, bu da d\u00fc\u015f\u00fcnce \u00f6r\u00fcnt\u00fcs\u00fcnde bir de\u011fi\u015fikli\u011fi yans\u0131t\u0131yor. Bu da ba\u015fka bir t\u00fcr, Devlet kurumlar\u0131 ile \u00f6zel sekt\u00f6r aras\u0131nda y\u00f6ntem veya yeni bir i\u015fbirli\u011fi modeli.. de\u011fi\u015fik t\u00fcrde ortakl\u0131k, bu a\u00e7\u0131dan bir model sunmaktad\u0131r.. \u00d6te yandan, daha \u00f6nce ulusal sermaye konusundaki konu\u015fmalar\u0131mdan birinde bundan bahsetmi\u015ftim.<\/p>\n<p style=\"text-align: left;\"><span style=\"color: #0000ff;\">Sadece Ulusal Sermaye Cesur Sermayedir, Korkak Ve Vatansever Sermaye Olamaz<\/span><\/p>\n<p style=\"text-align: left;\">Cumhurba\u015fkan\u0131 Esad: Sadece ulusal sermaye cesur sermayedir. Korkak veya vatansever sermaye olamaz. Korkak oldu\u011funda genellkle yabanc\u0131 veya vatansever olmayan sermayedir. Model bu, yapabilece\u011fimiz \u015fey bu.. \u015eimdi t\u00fcm sekt\u00f6rler \u00f6nemlidir. T\u00fcm sekt\u00f6rler birbiriyle b\u00fct\u00fcnle\u015fir ve birbirini destekler. Ama bizatihi elektrik, \u00f6zellikle Suriye&#8217;de elektrik \u00fcretiminin olmad\u0131\u011f\u0131 ko\u015fullarda.. Di\u011fer t\u00fcm sekt\u00f6rlerinb i\u00e7ine giren ve d\u00fczeyini y\u00fckselten sekt\u00f6rd\u00fcr, buna ek olarak sosyal ya\u015fam seviyesini de, g\u00fcnl\u00fck hayat\u0131m\u0131zda var olmas\u0131 itibariyle y\u00fckseltmektedir.. Dolay\u0131s\u0131yla bu t\u00fcr projeleri \u00f6neminden dolay\u0131 devlet olarak desteklememiz, yat\u0131r\u0131m\u0131 nas\u0131l destekleyebiliriz ve \u00f6zel sekt\u00f6re nas\u0131l destek olabilece\u011fimiz konusunda yeni d\u00fc\u015f\u00fcnce tarz\u0131n\u0131 desteklememiz gerekiyor ve yat\u0131r\u0131mda nas\u0131l etkin bir katk\u0131 sa\u011flayabiliriz&#8221; dedi.<\/p>\n<p style=\"text-align: left;\">Cumhurba\u015fkan\u0131 Esad: &#8220;Son iki y\u0131lda alternatif enerji konusunu \u00e7ok konu\u015ftuk.. Bir\u00e7ok ki\u015fi gelece\u011fin alternatif enerji olaca\u011f\u0131n\u0131, devletin alternatif enerji santralleri kuraca\u011f\u0131n\u0131 d\u00fc\u015f\u00fcn\u00fcyor, hay\u0131r.. Durum b\u00f6yle de\u011fil. Alternatif enerji denir ama konvansiyonel enerjiye alternatif de\u011fildir. Geleneksel enerjinin yerini almak i\u00e7in teknik olarak d\u00fcnya seviyesine ula\u015fmam\u0131\u015ft\u0131r, sadece bir adland\u0131rmad\u0131r, yanl\u0131\u015f bir kavram verebilir.. Hakikat do\u011fru adland\u0131rmadad\u0131r o da \u015fu anda yard\u0131mc\u0131 enerjidir.. Destekleyici enerjidir.. Mevcut durumda \u00fcretimin k\u0131tl\u0131\u011f\u0131 durumunda.. tabii ki enerji fazlas\u0131 olan geli\u015fmi\u015f \u00fclkeler alternatif enerji kullan\u0131yor. Suriye&#8217;nin durumunda, \u00fcretim k\u0131tl\u0131\u011f\u0131 durumunda, biraz \u00fcretimin etkisi kesinlikle di\u011fer \u00fclkelere g\u00f6re daha somut olacakt\u0131r, bu nedenle elimizdeki enerjiyi, bu y\u00f6n\u00fc desteklemek i\u00e7in alternatif enerjiye y\u00f6nelmemiz do\u011fald\u0131r&#8221; dedi.<\/p>\n<p style=\"text-align: left;\">Cumhurba\u015fkan\u0131 Esad: \u00d6te yandan, alternatif enerji teknik olarak ilerliyor, yani alternatif enerjinin herhangi bir \u00fclkede ulusal sahne \u00fczerinde ger\u00e7ek bir etkisi olaca\u011f\u0131n\u0131 hayal etmek birka\u00e7 on y\u0131l boyunca m\u00fcmk\u00fcn de\u011fildi, ancak \u015fimdi durum daha da de\u011fi\u015fti. \u00d6yle zannediyoruz ki \u00f6n\u00fcm\u00fczdeki y\u0131llar i\u00e7erisinde fiyatlar\u0131n daha da d\u00fc\u015fece\u011fidir, bug\u00fcn\u00fcn ekipmanlar\u0131n\u0131n \u00fcretebilece\u011finden daha fazla enerji \u00fcretme kapasitesi olaca\u011f\u0131na inan\u0131yoruz&#8221;dedi.<\/p>\n<p style=\"text-align: left;\"><span style=\"color: #0000ff;\">Devlet D\u00fczeyinde, Hala Kamu Sekt\u00f6r\u00fc D\u00fczeyinde Geleneksel Enerjiyi Destekliyoruz<\/span><\/p>\n<p style=\"text-align: left;\">Cumhurba\u015fkan\u0131 Esad: Suriye&#8217;de bizim i\u00e7in hala devlet d\u00fczeyinde, geleneksel enerjiyi kamu sekt\u00f6r\u00fc d\u00fczeyinde destekliyoruz ve birka\u00e7 ay \u00f6nce Halep istasyonunda t\u00fcrbinlerden biri rehabilite edildi ve orada istasyonlar da rehabilitasyon s\u00fcrecindedir ve kapasiteye ba\u011fl\u0131 olarak aylar, belki de \u00f6n\u00fcm\u00fczdeki y\u0131llarda \u00fcretime d\u00f6neceklerdir. Etkisi, geleneksel enerjide oldu\u011fu gibi ani ve h\u0131zl\u0131 de\u011fil, birikimli olacakt\u0131r&#8221; dedi.<\/p>\n<p style=\"text-align: left;\">Cumhurba\u015fkan\u0131 Esad, &#8220;Devlet art\u0131k var olan\u0131 restore etme konusuna odaklan\u0131yor.. Ben var olan\u0131 dedi\u011fimde ter\u00f6r\u00fcn yok etti\u011fi istasyonlar\u0131m\u0131z var ama alt yap\u0131s\u0131 var mesela, bunun bedeli de tabiat\u0131yla daha azd\u0131r.. \u0130kincisi etkinin aciliyeti daha da b\u00fcy\u00fckt\u00fcr.. \u00d6rne\u011fin Halep&#8217;te buhar t\u00fcrbini faaliyete ge\u00e7tikten hemen sonra iki y\u00fcz megavat \u00fcretti.. Devlet bu y\u00f6nde gidecek ama \u00f6zel sekt\u00f6r ister r\u00fczgar ister g\u00fcne\u015f olsun alternatif enerji santrallerine gidebilir.. Yat\u0131r\u0131m a\u00e7\u0131s\u0131ndan ve elektrik \u00fcretimi yoluyla kamu yarar\u0131 a\u00e7\u0131s\u0131ndan.. Buna ek olarak, \u00f6zel sekt\u00f6r, do\u011frudan i\u015f yap\u0131yorsa, t\u00fcketicilerle i\u015f yapma bi\u00e7iminde esnekli\u011fe sahiptir&#8221; dedi.<\/p>\n<p style=\"text-align: left;\"><span style=\"color: #0000ff;\">\u00d6zel Ve Kamu Aras\u0131nda Mutlaka Ortakl\u0131k Olmal\u0131d\u0131r<\/span><\/p>\n<p style=\"text-align: left;\">Cumhurba\u015fkan\u0131 Esad: Lakin fiili olarak gerekli olan bir ortakl\u0131k a\u015famas\u0131ndan bahsedebiliriz. Zorunlu veya ilzami oldu\u011funu s\u00f6ylemek istemiyorum, ancak devletin art\u0131k iletim ve da\u011f\u0131t\u0131m \u015febekelerinin tek sahibi oldu\u011fu g\u00f6z \u00f6n\u00fcne al\u0131nd\u0131\u011f\u0131nda fiili olarak gereklidir. kamu ve \u00f6zel aras\u0131nda bir ortakl\u0131k olmal\u0131d\u0131r. Bu ortakl\u0131k illaki sermaye ile ortakl\u0131k de\u011fil, proje prosed\u00fcrleri ile ortakl\u0131k ve proje y\u00f6netimiyle de de\u011fil ayn\u0131 zamanda. Devlet, bu enerjiyi sat\u0131n alarak ve s\u00fcbvansiyonlu fiyattan t\u00fcketiciye satarak ortak olabilir.. Baz\u0131 durumlarda iletim ve da\u011f\u0131t\u0131m hatlar\u0131n\u0131n kiraya vereni olmak m\u00fcmk\u00fcnd\u00fcr ancak t\u00fcketici ile firmalar aras\u0131ndaki ili\u015fki do\u011frudand\u0131r&#8221; dedi.<\/p>\n<p style=\"text-align: left;\">Cumhurba\u015fkan\u0131 Esad: Devlet konvansiyonel enerjiye odaklan\u0131yor ama ayn\u0131 zamanda \u00fcretim hatlar\u0131na sahip olarak alternatif enerjiye ortak, sermayeyle de\u011fil, s\u00fcreci kolayla\u015ft\u0131rarak ortak oluyor. bir yandan yat\u0131r\u0131mc\u0131y\u0131 destekleyerek, di\u011fer yandan t\u00fcketiciyi s\u00fcbvanse ederek.. Sermayenin bir par\u00e7as\u0131 olmas\u0131 gerekmiyor, \u00e7\u00fcnk\u00fc bu durumda devlet bu sekt\u00f6r arac\u0131l\u0131\u011f\u0131yla kar aramaz, daha \u00e7ok onu ileriye g\u00f6t\u00fcrmeye ve ondan kar etmeye de\u011fil, desteklemeye \u00e7al\u0131\u015f\u0131r&#8221; dedi.<\/p>\n<p style=\"text-align: left;\">Cumhurba\u015fkan\u0131 Esad\u2019a proje ziyaretinde Ba\u015fbakan M\u00fchendis H\u00fcseyin Arnus, Elektrik, Ekonomi, D\u0131\u015f Ticaret ve Sanayi Bakanlar\u0131, \u015eam K\u0131rsal\u0131 Valisi ve Sosyalist Arap Baas Partisi \u015eam K\u0131rsal\u0131 \u015eube Sekreteri ile Elektrik Bakanl\u0131\u011f\u0131\u2019nda elektrik enerjisi sekt\u00f6r\u00fcnden sorumlu bir dizi yetkili, projeye katk\u0131da bulunanlar ve uzmanlar e\u015flik etti.<\/p>\n<div id='gallery-1' class='gallery galleryid-263384 gallery-columns-1 gallery-size-large'><figure class='gallery-item'>\n\t\t\t<div class='gallery-icon landscape'>\n\t\t\t\t<a href='https:\/\/archive.sana.sy\/tr\/wp-content\/uploads\/2022\/09\/6-5.jpg'><img loading=\"lazy\" decoding=\"async\" width=\"618\" height=\"331\" src=\"https:\/\/archive.sana.sy\/tr\/wp-content\/uploads\/2022\/09\/6-5-1024x549.jpg\" class=\"attachment-large size-large\" alt=\"\" srcset=\"https:\/\/archive.sana.sy\/tr\/wp-content\/uploads\/2022\/09\/6-5-1024x549.jpg 1024w, https:\/\/archive.sana.sy\/tr\/wp-content\/uploads\/2022\/09\/6-5-300x161.jpg 300w, https:\/\/archive.sana.sy\/tr\/wp-content\/uploads\/2022\/09\/6-5-150x80.jpg 150w, https:\/\/archive.sana.sy\/tr\/wp-content\/uploads\/2022\/09\/6-5-768x412.jpg 768w, https:\/\/archive.sana.sy\/tr\/wp-content\/uploads\/2022\/09\/6-5-310x165.jpg 310w, https:\/\/archive.sana.sy\/tr\/wp-content\/uploads\/2022\/09\/6-5.jpg 1200w\" sizes=\"auto, (max-width: 618px) 100vw, 618px\" \/><\/a>\n\t\t\t<\/div><\/figure><figure class='gallery-item'>\n\t\t\t<div class='gallery-icon landscape'>\n\t\t\t\t<a href='https:\/\/archive.sana.sy\/tr\/wp-content\/uploads\/2022\/09\/03-1.jpg'><img loading=\"lazy\" decoding=\"async\" width=\"618\" height=\"348\" src=\"https:\/\/archive.sana.sy\/tr\/wp-content\/uploads\/2022\/09\/03-1-1024x576.jpg\" class=\"attachment-large size-large\" alt=\"\" srcset=\"https:\/\/archive.sana.sy\/tr\/wp-content\/uploads\/2022\/09\/03-1-1024x576.jpg 1024w, https:\/\/archive.sana.sy\/tr\/wp-content\/uploads\/2022\/09\/03-1-300x169.jpg 300w, https:\/\/archive.sana.sy\/tr\/wp-content\/uploads\/2022\/09\/03-1-150x84.jpg 150w, https:\/\/archive.sana.sy\/tr\/wp-content\/uploads\/2022\/09\/03-1-768x432.jpg 768w, https:\/\/archive.sana.sy\/tr\/wp-content\/uploads\/2022\/09\/03-1.jpg 1200w\" sizes=\"auto, (max-width: 618px) 100vw, 618px\" \/><\/a>\n\t\t\t<\/div><\/figure><figure class='gallery-item'>\n\t\t\t<div class='gallery-icon landscape'>\n\t\t\t\t<a href='https:\/\/archive.sana.sy\/tr\/wp-content\/uploads\/2022\/09\/2-13.jpg'><img loading=\"lazy\" decoding=\"async\" width=\"618\" height=\"373\" src=\"https:\/\/archive.sana.sy\/tr\/wp-content\/uploads\/2022\/09\/2-13-1024x618.jpg\" class=\"attachment-large size-large\" alt=\"\" srcset=\"https:\/\/archive.sana.sy\/tr\/wp-content\/uploads\/2022\/09\/2-13-1024x618.jpg 1024w, https:\/\/archive.sana.sy\/tr\/wp-content\/uploads\/2022\/09\/2-13-300x181.jpg 300w, https:\/\/archive.sana.sy\/tr\/wp-content\/uploads\/2022\/09\/2-13-150x91.jpg 150w, https:\/\/archive.sana.sy\/tr\/wp-content\/uploads\/2022\/09\/2-13-768x463.jpg 768w, https:\/\/archive.sana.sy\/tr\/wp-content\/uploads\/2022\/09\/2-13.jpg 1200w\" sizes=\"auto, (max-width: 618px) 100vw, 618px\" \/><\/a>\n\t\t\t<\/div><\/figure><figure class='gallery-item'>\n\t\t\t<div class='gallery-icon landscape'>\n\t\t\t\t<a href='https:\/\/archive.sana.sy\/tr\/wp-content\/uploads\/2022\/09\/1-18.jpg'><img loading=\"lazy\" decoding=\"async\" width=\"618\" height=\"356\" src=\"https:\/\/archive.sana.sy\/tr\/wp-content\/uploads\/2022\/09\/1-18-1024x590.jpg\" class=\"attachment-large size-large\" alt=\"\" srcset=\"https:\/\/archive.sana.sy\/tr\/wp-content\/uploads\/2022\/09\/1-18-1024x590.jpg 1024w, https:\/\/archive.sana.sy\/tr\/wp-content\/uploads\/2022\/09\/1-18-300x173.jpg 300w, https:\/\/archive.sana.sy\/tr\/wp-content\/uploads\/2022\/09\/1-18-150x86.jpg 150w, https:\/\/archive.sana.sy\/tr\/wp-content\/uploads\/2022\/09\/1-18-768x442.jpg 768w, https:\/\/archive.sana.sy\/tr\/wp-content\/uploads\/2022\/09\/1-18.jpg 1200w\" sizes=\"auto, (max-width: 618px) 100vw, 618px\" \/><\/a>\n\t\t\t<\/div><\/figure>\n\t\t<\/div>\n\n","protected":false},"excerpt":{"rendered":"<p>\u015eAM\u00a0\u2013 Cumhurba\u015fkan\u0131 Be\u015f\u015far Esad, Adra Sanayi Kentindeki fotovoltaik enerji projesinin ilk a\u015famas\u0131n\u0131 proje ziyareti s\u0131ras\u0131nda bug\u00fcn ba\u015flatt\u0131. Tamamland\u0131\u011f\u0131nda g\u00fcne\u015f panellerinden 100 megavat elektrik \u00fcretmeyi hedefleyen proje, 165 hektar\u0131n \u00fczerinde bir alana yay\u0131l\u0131yor. Bug\u00fcne kadar 18 binden fazla g\u00fcne\u015f paneli ile 10 megavatl\u0131k \u00fcretim kurulmu\u015f ve bu projeden \u00fcretilen enerji bug\u00fcn \u015febekeye ba\u011flanarak Suriye\u2019deki elektrik \u00fcretimini &hellip;<\/p>\n","protected":false},"author":1,"featured_media":263385,"comment_status":"closed","ping_status":"closed","sticky":false,"template":"","format":"standard","meta":{"footnotes":""},"categories":[479,17988,478],"tags":[38219],"class_list":["post-263384","post","type-post","status-publish","format-standard","has-post-thumbnail","","category-haberler-yerel","category-son-haberler","category-yerel","tag-cumhurbaskani-esad"],"_links":{"self":[{"href":"https:\/\/archive.sana.sy\/tr\/index.php?rest_route=\/wp\/v2\/posts\/263384","targetHints":{"allow":["GET"]}}],"collection":[{"href":"https:\/\/archive.sana.sy\/tr\/index.php?rest_route=\/wp\/v2\/posts"}],"about":[{"href":"https:\/\/archive.sana.sy\/tr\/index.php?rest_route=\/wp\/v2\/types\/post"}],"author":[{"embeddable":true,"href":"https:\/\/archive.sana.sy\/tr\/index.php?rest_route=\/wp\/v2\/users\/1"}],"replies":[{"embeddable":true,"href":"https:\/\/archive.sana.sy\/tr\/index.php?rest_route=%2Fwp%2Fv2%2Fcomments&post=263384"}],"version-history":[{"count":0,"href":"https:\/\/archive.sana.sy\/tr\/index.php?rest_route=\/wp\/v2\/posts\/263384\/revisions"}],"wp:featuredmedia":[{"embeddable":true,"href":"https:\/\/archive.sana.sy\/tr\/index.php?rest_route=\/wp\/v2\/media\/263385"}],"wp:attachment":[{"href":"https:\/\/archive.sana.sy\/tr\/index.php?rest_route=%2Fwp%2Fv2%2Fmedia&parent=263384"}],"wp:term":[{"taxonomy":"category","embeddable":true,"href":"https:\/\/archive.sana.sy\/tr\/index.php?rest_route=%2Fwp%2Fv2%2Fcategories&post=263384"},{"taxonomy":"post_tag","embeddable":true,"href":"https:\/\/archive.sana.sy\/tr\/index.php?rest_route=%2Fwp%2Fv2%2Ftags&post=263384"}],"curies":[{"name":"wp","href":"https:\/\/api.w.org\/{rel}","templated":true}]}}