{"id":263389,"date":"2022-09-29T16:53:50","date_gmt":"2022-09-29T13:53:50","guid":{"rendered":"http:\/\/107.6.182.27\/tr\/?p=263389"},"modified":"2022-09-29T16:57:10","modified_gmt":"2022-09-29T13:57:10","slug":"cumhurbaskani-esad-adra-sanayi-sehrinde-fotovoltaik-enerji-projesinin-ilk-asamasini-baslatti-2","status":"publish","type":"post","link":"https:\/\/archive.sana.sy\/tr\/?p=263389","title":{"rendered":"Cumhurba\u015fkan\u0131 Esad, Adra Sanayi \u015eehri\u2019nde Fotovoltaik Enerji Projesinin \u0130lk A\u015famas\u0131n\u0131 Ba\u015flatt\u0131"},"content":{"rendered":"<p><iframe loading=\"lazy\" title=\"\u0627\u0644\u0631\u0626\u064a\u0633 \u0627\u0644\u0623\u0633\u062f \u064a\u064f\u0637\u0644\u0642 \u0627\u0644\u0645\u0631\u062d\u0644\u0629 \u0627\u0644\u0623\u0648\u0644\u0649 \u0645\u0646 \u062a\u0634\u063a\u064a\u0644 \u0645\u0634\u0631\u0648\u0639 \u0627\u0644\u0637\u0627\u0642\u0629 \u0627\u0644\u0643\u0647\u0631\u0648\u0636\u0648\u0626\u064a\u0629 \u0641\u064a \u0645\u062f\u064a\u0646\u0629 \u0639\u062f\u0631\u0627 \u0627\u0644\u0635\u0646\u0627\u0639\u064a\u0629\" src=\"https:\/\/www.youtube.com\/embed\/0eZWcm61Di0\" width=\"660\" height=\"370\" frameborder=\"0\" allowfullscreen=\"allowfullscreen\"><span style=\"display: inline-block; width: 0px; overflow: hidden; line-height: 0;\" data-mce-type=\"bookmark\" class=\"mce_SELRES_start\">\ufeff<\/span><\/iframe><\/p>\n","protected":false},"excerpt":{"rendered":"<p>\ufeff<\/p>\n","protected":false},"author":1,"featured_media":263390,"comment_status":"closed","ping_status":"closed","sticky":false,"template":"","format":"standard","meta":{"footnotes":""},"categories":[18295],"tags":[],"class_list":["post-263389","post","type-post","status-publish","format-standard","has-post-thumbnail","","category-sana-video"],"_links":{"self":[{"href":"https:\/\/archive.sana.sy\/tr\/index.php?rest_route=\/wp\/v2\/posts\/263389","targetHints":{"allow":["GET"]}}],"collection":[{"href":"https:\/\/archive.sana.sy\/tr\/index.php?rest_route=\/wp\/v2\/posts"}],"about":[{"href":"https:\/\/archive.sana.sy\/tr\/index.php?rest_route=\/wp\/v2\/types\/post"}],"author":[{"embeddable":true,"href":"https:\/\/archive.sana.sy\/tr\/index.php?rest_route=\/wp\/v2\/users\/1"}],"replies":[{"embeddable":true,"href":"https:\/\/archive.sana.sy\/tr\/index.php?rest_route=%2Fwp%2Fv2%2Fcomments&post=263389"}],"version-history":[{"count":0,"href":"https:\/\/archive.sana.sy\/tr\/index.php?rest_route=\/wp\/v2\/posts\/263389\/revisions"}],"wp:featuredmedia":[{"embeddable":true,"href":"https:\/\/archive.sana.sy\/tr\/index.php?rest_route=\/wp\/v2\/media\/263390"}],"wp:attachment":[{"href":"https:\/\/archive.sana.sy\/tr\/index.php?rest_route=%2Fwp%2Fv2%2Fmedia&parent=263389"}],"wp:term":[{"taxonomy":"category","embeddable":true,"href":"https:\/\/archive.sana.sy\/tr\/index.php?rest_route=%2Fwp%2Fv2%2Fcategories&post=263389"},{"taxonomy":"post_tag","embeddable":true,"href":"https:\/\/archive.sana.sy\/tr\/index.php?rest_route=%2Fwp%2Fv2%2Ftags&post=263389"}],"curies":[{"name":"wp","href":"https:\/\/api.w.org\/{rel}","templated":true}]}}