{"id":2634,"date":"2014-06-10T11:39:17","date_gmt":"2014-06-10T08:39:17","guid":{"rendered":"http:\/\/sanasyria.org\/tr\/?p=2634"},"modified":"2016-01-13T17:24:10","modified_gmt":"2016-01-13T15:24:10","slug":"yuva-ve-arac-konvoylari-muhtevalariyla-imha-ediliyor","status":"publish","type":"post","link":"https:\/\/archive.sana.sy\/tr\/?p=2634","title":{"rendered":"Yuva ve Ara\u00e7 Konvoylar\u0131 Muhtevalar\u0131yla \u0130mha Ediliyor"},"content":{"rendered":"<p><span style=\"color: #800000\">\u0130LLER \u2013<\/span> Vatan topraklar\u0131n\u0131n muhtelif yerlerinde tekfirci ve vatan haini ter\u00f6r gruplar\u0131na kar\u015f\u0131 operasyonlar\u0131n\u0131 ba\u015far\u0131yla s\u00fcrd\u00fcren ordu birliklerimiz d\u00fcn yuva ve ara\u00e7 konvoylar\u0131n\u0131 muhtevalar\u0131yla imha etti.<\/p>\n<div style=\"width: 618px;\" class=\"wp-video\"><!--[if lt IE 9]><script>document.createElement('video');<\/script><![endif]-->\n<video class=\"wp-video-shortcode\" id=\"video-2634-1\" width=\"618\" height=\"348\" preload=\"metadata\" controls=\"controls\"><source type=\"video\/x-flv\" src=\"http:\/\/sanasyria.org\/tr\/wp-content\/uploads\/2014\/06\/20140610-103050_h549270-tttt.flv?_=1\" \/><a href=\"http:\/\/sanasyria.org\/tr\/wp-content\/uploads\/2014\/06\/20140610-103050_h549270-tttt.flv\">http:\/\/sanasyria.org\/tr\/wp-content\/uploads\/2014\/06\/20140610-103050_h549270-tttt.flv<\/a><\/video><\/div>\n<p><span style=\"color: #0000ff\">\u015eam K\u0131rsal\u0131nda T\u00fcnelleri Bulundu<\/span><\/p>\n<p>Askeri kaynak ordu birliklerimizin \u015eam k\u0131rsal\u0131 Haresta Kasabas\u0131nda ter\u00f6ristleri kovalama operasyonlar\u0131 s\u0131ras\u0131nda yerin alt\u0131nda kulland\u0131klar\u0131 14 metre derinli\u011finde 300 metre uzunlu\u011funda bir t\u00fcnel bulduklar\u0131n\u0131 aktard\u0131\/<\/p>\n<p>Kaynak t\u00fcnelin ayd\u0131nlatma, havaland\u0131rma ve g\u00f6zetleme kameralar\u0131 ile donat\u0131lm\u0131\u015f oldu\u011funu belirtirken, izinsiz giri\u015fler i\u00e7in t\u00fcnele yerle\u015ftirilen bir\u00e7ok bomba d\u00fczene\u011fi ve bubi tuza\u011f\u0131n\u0131n etkisiz hale getirildi\u011fini s\u00f6yledi.<\/p>\n<p><span style=\"color: #0000ff\">Halep ve K\u0131rsal\u0131nda Yuva ve Ara\u00e7lar\u0131 \u0130mha Edildi<\/span><\/p>\n<p>Askeri kaynak ordu birliklerimizin Halep ve k\u0131rsal\u0131n\u0131n Cendul, Marei, Tel Krah, Hreytan, Handerat, Mansura, Han el Asel, Resm el Abbud, Cdeyde, Kveyris, Hanano, Tel Refat, Hayyan, Daret Ezza, Tel Cbin, Bbaiyd, sanayi b\u00f6lgesi, Leyramun, Meslimiye, Dahrat Abidrabbo, \u015eeyh Sait, Ra\u015fidin, Zehra, Kad\u0131 Asker, Kerm el Meyser, Merce, Bostan el Kasr ve Bostan el Pa\u015fa b\u00f6lgelerinde bir\u00e7ok ter\u00f6r yuvas\u0131 ve k\u00fcmelenme yerlerini muhtevalar\u0131yla tahrip etti\u011fini aktard\u0131.<\/p>\n<p>Kaynak operasyonlarda aralar\u0131nda yabanc\u0131 ve az\u0131l\u0131 eleba\u015flar\u0131n bulundu\u011fu onlarca ter\u00f6ristin \u00f6ld\u00fcr\u00fcld\u00fc\u011f\u00fcn\u00fc, \u00e7ok say\u0131da ter\u00f6ristin de yaraland\u0131\u011f\u0131n\u0131 aktar\u0131rken, bir k\u0131sm\u0131 a\u011f\u0131r makineli silahlarla donat\u0131lm\u0131\u015f cephane ve ter\u00f6rist ta\u015f\u0131yan bir\u00e7ok ara\u00e7lar\u0131n\u0131n da y\u00fckleriyle birlikte imha edildiklerini belirtti.<\/p>\n<p><span style=\"color: #0000ff\">Dera K\u0131rsal\u0131nda Onlarcas\u0131 \u00d6ld\u00fcr\u00fcld\u00fc<\/span><\/p>\n<p>Askeri kaynak ordu birliklerimizin Dera k\u0131rsal\u0131n\u0131n Do\u011fu Tel Ahmar B\u00f6lgesinin yan\u0131 s\u0131ra Etman Beldesinin g\u00fcneydo\u011fusunda onlarca ter\u00f6risti su\u00e7 edatlar\u0131yla birlikte etkisiz hale getirdi\u011fini belirtti.<\/p>\n<p>Kaynak vatan koruyucular\u0131m\u0131z\u0131n Kessara ve Dera Beled b\u00f6lgelerinde de \u00e7ok say\u0131da ter\u00f6risti \u00f6l\u00fc yaral\u0131 d\u00fc\u015f\u00fcrd\u00fcklerini aktar\u0131rken, Davvaya el Kebire K\u00f6y\u00fcnde ter\u00f6rist ta\u015f\u0131yan kapal\u0131 bir minib\u00fcs\u00fcn ta\u015f\u0131d\u0131\u011f\u0131 ter\u00f6ristlerle birlikte imha edildi\u011fini ekledi.<\/p>\n<p>Ordu birliklerimizin Etman Beldesinde a\u011f\u0131r makineli silahlarla donat\u0131lm\u0131\u015f bir arac\u0131 imha etti\u011fini s\u00f6yleyen kaynak; Kerk K\u00f6y\u00fcnde de ter\u00f6ristlerin bir ara\u00e7 konvoyunu hedef ald\u0131klar\u0131n\u0131 belirtti.<\/p>\n<p>Askeri kaynak ordu birliklerimizin Dera k\u0131rsal\u0131n\u0131n bat\u0131s\u0131nda Hicca Baraj\u0131 yak\u0131nlar\u0131na ilaveten Hicca B\u00f6lgesi ile Mheyyic Tepesi aras\u0131nda ter\u00f6ristlerin yuva ve k\u00fcmelenme yerlerini hedef alarak onlarca ter\u00f6risti su\u00e7 ara\u00e7lar\u0131yla birlikte etkisiz hale getirdiklerini belirtti.<\/p>\n<p><span style=\"color: #0000ff\">Homs K\u0131rsal\u0131nda Operasyonlar S\u00fcr\u00fcyor<\/span><\/p>\n<p>Askeri kaynak ordu birliklerimizin Homs iline tabi Telbise k\u0131rsal\u0131n\u0131n muhtelif b\u00f6lgelerinde \u00e7ok say\u0131da ter\u00f6risti \u00f6l\u00fc yaral\u0131 d\u00fc\u015f\u00fcrd\u00fc\u011f\u00fcn\u00fc ifade etti.<\/p>\n<p>Kaynak Teldo Beldesinin g\u00fcney giri\u015finde de bir ter\u00f6r grubunun t\u00fcm elemanlar\u0131n\u0131n ara\u00e7 ve silahlar\u0131yla tamamen etkisiz hale getirildiklerini s\u00f6yledi.<\/p>\n<p>&nbsp;<\/p>\n","protected":false},"excerpt":{"rendered":"<p>\u0130LLER \u2013 Vatan topraklar\u0131n\u0131n muhtelif yerlerinde tekfirci ve vatan haini ter\u00f6r gruplar\u0131na kar\u015f\u0131 operasyonlar\u0131n\u0131 ba\u015far\u0131yla s\u00fcrd\u00fcren ordu birliklerimiz d\u00fcn yuva ve ara\u00e7 konvoylar\u0131n\u0131 muhtevalar\u0131yla imha etti. \u015eam K\u0131rsal\u0131nda T\u00fcnelleri Bulundu Askeri kaynak ordu birliklerimizin \u015eam k\u0131rsal\u0131 Haresta Kasabas\u0131nda ter\u00f6ristleri kovalama operasyonlar\u0131 s\u0131ras\u0131nda yerin alt\u0131nda kulland\u0131klar\u0131 14 metre derinli\u011finde 300 metre uzunlu\u011funda bir t\u00fcnel bulduklar\u0131n\u0131 aktard\u0131\/ &hellip;<\/p>\n","protected":false},"author":1,"featured_media":2635,"comment_status":"closed","ping_status":"closed","sticky":false,"template":"","format":"standard","meta":{"footnotes":""},"categories":[479,575,478],"tags":[591],"class_list":["post-2634","post","type-post","status-publish","format-standard","has-post-thumbnail","","category-haberler-yerel","category-olaylar-ve-gercekler","category-yerel","tag-yuva-ve-arac-konvoylari-muhtevalariyla-imha-ediliyor"],"_links":{"self":[{"href":"https:\/\/archive.sana.sy\/tr\/index.php?rest_route=\/wp\/v2\/posts\/2634","targetHints":{"allow":["GET"]}}],"collection":[{"href":"https:\/\/archive.sana.sy\/tr\/index.php?rest_route=\/wp\/v2\/posts"}],"about":[{"href":"https:\/\/archive.sana.sy\/tr\/index.php?rest_route=\/wp\/v2\/types\/post"}],"author":[{"embeddable":true,"href":"https:\/\/archive.sana.sy\/tr\/index.php?rest_route=\/wp\/v2\/users\/1"}],"replies":[{"embeddable":true,"href":"https:\/\/archive.sana.sy\/tr\/index.php?rest_route=%2Fwp%2Fv2%2Fcomments&post=2634"}],"version-history":[{"count":0,"href":"https:\/\/archive.sana.sy\/tr\/index.php?rest_route=\/wp\/v2\/posts\/2634\/revisions"}],"wp:featuredmedia":[{"embeddable":true,"href":"https:\/\/archive.sana.sy\/tr\/index.php?rest_route=\/wp\/v2\/media\/2635"}],"wp:attachment":[{"href":"https:\/\/archive.sana.sy\/tr\/index.php?rest_route=%2Fwp%2Fv2%2Fmedia&parent=2634"}],"wp:term":[{"taxonomy":"category","embeddable":true,"href":"https:\/\/archive.sana.sy\/tr\/index.php?rest_route=%2Fwp%2Fv2%2Fcategories&post=2634"},{"taxonomy":"post_tag","embeddable":true,"href":"https:\/\/archive.sana.sy\/tr\/index.php?rest_route=%2Fwp%2Fv2%2Ftags&post=2634"}],"curies":[{"name":"wp","href":"https:\/\/api.w.org\/{rel}","templated":true}]}}