{"id":263404,"date":"2022-09-29T22:12:21","date_gmt":"2022-09-29T19:12:21","guid":{"rendered":"http:\/\/107.6.182.27\/tr\/?p=263404"},"modified":"2022-10-01T09:11:57","modified_gmt":"2022-10-01T06:11:57","slug":"mahluf-sultan-ile-suriyenin-cevreyi-korumak-ve-cevre-dostu-projelere-yatirim-yapmak-icin-aldigi-onlemleri-inceliyor","status":"publish","type":"post","link":"https:\/\/archive.sana.sy\/tr\/?p=263404","title":{"rendered":"Mahluf, Sultan ile Suriye\u2019nin \u00c7evreyi Korumak Ve \u00c7evre Dostu Projelere Yat\u0131r\u0131m Yapmak \u0130\u00e7in Ald\u0131\u011f\u0131 \u00d6nlemleri \u0130nceliyor"},"content":{"rendered":"<p>DUBA\u0130 \u2013 Suriye&#8217;nin kat\u0131l\u0131m\u0131yla Dubai&#8217;de ger\u00e7ekle\u015ftirilecek olan D\u00fcnya Ye\u015fil Ekonomi Zirvesi etkinlikleri kapsam\u0131nda Yerel Y\u00f6netim ve \u00c7evre Bakan\u0131 M\u00fchendis H\u00fcseyin Mahluf, D\u00fcnya Ye\u015fil Ekonomi \u00d6rg\u00fct\u00fc Direkt\u00f6r\u00fc Abdul Rahim Sultan ile yapt\u0131\u011f\u0131 g\u00f6r\u00fc\u015fmede, Suriye devletinin \u00e7evreyi korumak ve muhafaza etmek i\u00e7in ald\u0131\u011f\u0131 \u00f6nlemler ve ge\u00e7ti\u011fimiz y\u0131llarda maruz kald\u0131\u011f\u0131 ter\u00f6r\u00fcn \u00e7evreyi verdi\u011fi zararlar\u0131 de\u011ferlendirdi.<\/p>\n<p>Mahluf, \u00e7evre boyutunu da dikkate alan bir\u00e7ok mevzuat ve karar\u0131n \u00e7\u0131kar\u0131ld\u0131\u011f\u0131na dikkat \u00e7ekerek, Suriye&#8217;de \u00f6zellikle yenilenebilir enerji projeleri, kat\u0131 at\u0131klar\u0131n geri d\u00f6n\u00fc\u015f\u00fcm\u00fc ve \u00e7evre dostu ara\u00e7larla toplu ula\u015f\u0131mda yat\u0131r\u0131m imkanlar\u0131n\u0131n \u00e7ok b\u00fcy\u00fck oldu\u011funu vurgulad\u0131.<\/p>\n<p>Mahluf, \u015firketlerin Suriye&#8217;ye yat\u0131r\u0131m yapmalar\u0131n\u0131 te\u015fvik etme alan\u0131nda D\u00fcnya Ye\u015fil Ekonomi \u00d6rg\u00fct\u00fc ile i\u015fbirli\u011finin \u00f6nemine i\u015faret etti.<\/p>\n<p>D\u00fcnya Ye\u015fil Ekonomi \u00d6rg\u00fct\u00fc Direkt\u00f6r\u00fc bu \u00f6nerilere olan ilgisini ve bu ba\u011flamda Suriye ile i\u015fbirli\u011fi olas\u0131l\u0131\u011f\u0131n\u0131 dile getirerek, \u00e7evre alan\u0131nda \u00f6zel sekt\u00f6rde faaliyet g\u00f6steren kurulu\u015f ve yat\u0131r\u0131m \u015firketleri aras\u0131nda b\u00fcy\u00fck bir i\u015fbirli\u011fi oldu\u011funa dikkat \u00e7ekti.<\/p>\n<p>Bug\u00fcn sona eren zirve, d\u00f6rt ana temay\u0131 tart\u0131\u015ft\u0131: enerji, finans, g\u0131da g\u00fcvenli\u011fi, gen\u00e7lik ve ye\u015fil ekonomiye ge\u00e7i\u015f s\u00fcrecini ilerletmeye ve s\u00fcrd\u00fcr\u00fclebilir kalk\u0131nma \u00e7ark\u0131n\u0131 h\u0131zland\u0131rmaya katk\u0131da bulunan di\u011fer konular.<\/p>\n<p><span style=\"color: #0000ff;\">#Telegram_Kanal\u0131m\u0131z: https:\/\/t.me\/SuriyeArapHaberAjans<\/span><\/p>\n","protected":false},"excerpt":{"rendered":"<p>DUBA\u0130 \u2013 Suriye&#8217;nin kat\u0131l\u0131m\u0131yla Dubai&#8217;de ger\u00e7ekle\u015ftirilecek olan D\u00fcnya Ye\u015fil Ekonomi Zirvesi etkinlikleri kapsam\u0131nda Yerel Y\u00f6netim ve \u00c7evre Bakan\u0131 M\u00fchendis H\u00fcseyin Mahluf, D\u00fcnya Ye\u015fil Ekonomi \u00d6rg\u00fct\u00fc Direkt\u00f6r\u00fc Abdul Rahim Sultan ile yapt\u0131\u011f\u0131 g\u00f6r\u00fc\u015fmede, Suriye devletinin \u00e7evreyi korumak ve muhafaza etmek i\u00e7in ald\u0131\u011f\u0131 \u00f6nlemler ve ge\u00e7ti\u011fimiz y\u0131llarda maruz kald\u0131\u011f\u0131 ter\u00f6r\u00fcn \u00e7evreyi verdi\u011fi zararlar\u0131 de\u011ferlendirdi. Mahluf, \u00e7evre boyutunu &hellip;<\/p>\n","protected":false},"author":36,"featured_media":263405,"comment_status":"closed","ping_status":"closed","sticky":false,"template":"","format":"standard","meta":{"footnotes":""},"categories":[458,459,17988],"tags":[],"class_list":["post-263404","post","type-post","status-publish","format-standard","has-post-thumbnail","","category-dunya1","category-haberler-arap-uluslararasi-politika","category-son-haberler"],"_links":{"self":[{"href":"https:\/\/archive.sana.sy\/tr\/index.php?rest_route=\/wp\/v2\/posts\/263404","targetHints":{"allow":["GET"]}}],"collection":[{"href":"https:\/\/archive.sana.sy\/tr\/index.php?rest_route=\/wp\/v2\/posts"}],"about":[{"href":"https:\/\/archive.sana.sy\/tr\/index.php?rest_route=\/wp\/v2\/types\/post"}],"author":[{"embeddable":true,"href":"https:\/\/archive.sana.sy\/tr\/index.php?rest_route=\/wp\/v2\/users\/36"}],"replies":[{"embeddable":true,"href":"https:\/\/archive.sana.sy\/tr\/index.php?rest_route=%2Fwp%2Fv2%2Fcomments&post=263404"}],"version-history":[{"count":0,"href":"https:\/\/archive.sana.sy\/tr\/index.php?rest_route=\/wp\/v2\/posts\/263404\/revisions"}],"wp:featuredmedia":[{"embeddable":true,"href":"https:\/\/archive.sana.sy\/tr\/index.php?rest_route=\/wp\/v2\/media\/263405"}],"wp:attachment":[{"href":"https:\/\/archive.sana.sy\/tr\/index.php?rest_route=%2Fwp%2Fv2%2Fmedia&parent=263404"}],"wp:term":[{"taxonomy":"category","embeddable":true,"href":"https:\/\/archive.sana.sy\/tr\/index.php?rest_route=%2Fwp%2Fv2%2Fcategories&post=263404"},{"taxonomy":"post_tag","embeddable":true,"href":"https:\/\/archive.sana.sy\/tr\/index.php?rest_route=%2Fwp%2Fv2%2Ftags&post=263404"}],"curies":[{"name":"wp","href":"https:\/\/api.w.org\/{rel}","templated":true}]}}