{"id":263407,"date":"2022-09-29T22:26:57","date_gmt":"2022-09-29T19:26:57","guid":{"rendered":"http:\/\/107.6.182.27\/tr\/?p=263407"},"modified":"2022-10-01T09:12:01","modified_gmt":"2022-10-01T06:12:01","slug":"sabbag-suriyede-kimyasal-dosyayi-siyasallasmaya-devam-etmek-seciciligi-ve-cifte-standartlari-dogruluyor","status":"publish","type":"post","link":"https:\/\/archive.sana.sy\/tr\/?p=263407","title":{"rendered":"Sabba\u011f: Suriye&#8217;de \u201cKimyasal Dosyay\u0131\u201d Siyasalla\u015fmaya Devam Etmek, Se\u00e7icili\u011fi Ve \u00c7ifte Standartlar\u0131 Do\u011fruluyor"},"content":{"rendered":"<p>NEW YORK \u2013 Suriye&#8217;nin Birle\u015fmi\u015f Milletler daimi temsilcisi B\u00fcy\u00fckel\u00e7i Bessam Sabba\u011f, Kimyasal Silahlar\u0131n Yasaklanmas\u0131 \u00d6rg\u00fct\u00fc&#8217;n\u00fcn ve G\u00fcvenlik Konseyi Komitesi 1540&#8217;\u0131n Suriye&#8217;deki s\u00f6zde &#8220;kimyasal dosyay\u0131&#8221; siyasalla\u015ft\u0131rmaya devam etmesinin se\u00e7icili\u011fi ve \u00e7ifte standard\u0131 kan\u0131tlad\u0131\u011f\u0131n\u0131 vurgulad\u0131.<\/p>\n<p>G\u00fcvenlik Konseyi&#8217;nin &#8220;kimyasal dosya&#8221; konulu oturumunda yapt\u0131\u011f\u0131 a\u00e7\u0131klamada Sabba\u011f, Suriye&#8217;nin bu silahlar\u0131n her zaman, her yerde ve her ko\u015fulda kullan\u0131lmas\u0131n\u0131 her zaman ve kategorik olarak k\u0131nad\u0131\u011f\u0131n\u0131 belirtti.<\/p>\n<p>Sabba\u011f, Suriye Ulusal Komitesi&#8217;nin \u00f6rg\u00fct\u00fcn teknik sekreterli\u011fine Beyrut&#8217;ta iki taraf aras\u0131nda bir koordinasyon toplant\u0131s\u0131 d\u00fczenlemeyi teklif etti\u011fini ve D\u0131\u015fi\u015fleri ve Gurbet\u00e7iler Bakan\u0131, Ulusal Komite Ba\u015fkan\u0131 ve \u00d6rg\u00fct Genel M\u00fcd\u00fcr\u00fc aras\u0131nda yap\u0131lacak olan \u00fcst d\u00fczey toplant\u0131n\u0131n g\u00fcndeminde, \u00e7\u00f6z\u00fcm bekleyen sorunlar\u0131 \u00e7\u00f6zmek i\u00e7in anla\u015fmaya varmak.<\/p>\n<p>Sabba\u011f Ayr\u0131ca, Suriye&#8217;nin, Bilimsel Ara\u015ft\u0131rmalar ve Ara\u015ft\u0131rma Merkezi&#8217;nin dokuzuncu tefti\u015f turunu y\u00fcr\u00fctmek \u00fczere 11 ve 19 Eyl\u00fcl tarihleri \u200b\u200baras\u0131nda \u00d6rg\u00fct\u00fcn Teknik Sekreterli\u011fi&#8217;nden gelen ekibin ziyaretini kolayla\u015ft\u0131rd\u0131\u011f\u0131na dair g\u00fcvence verdi, ancak Genel M\u00fcd\u00fcr\u00fcn ayl\u0131k raporunun, Anla\u015fman\u0131n yasaklad\u0131\u011f\u0131 herhangi bir faaliyetin bulunmad\u0131\u011f\u0131n\u0131 teyit eden Komite raporundan bahsetmedi ve Suriye&#8217;nin bu gezi s\u0131ras\u0131nda tefti\u015f ekibine sa\u011flad\u0131\u011f\u0131 b\u00fcy\u00fck i\u015fbirli\u011fi ve kolayl\u0131klar\u0131 \u00f6vd\u00fc.<\/p>\n<p>Sabba\u011f, KSY\u00d6 Teknik Sekreterli\u011fi ve G\u00fcvenlik Konseyi 1540 Komitesi&#8217;nin, Suriye&#8217;deki ter\u00f6rist gruplar\u0131n kimyasal silah bulundurma ve kullanma konusunda se\u00e7icili\u011fi ve \u00e7ifte standartlar\u0131 do\u011frulayan bilgileri g\u00f6rmezden gelme \u0131srar\u0131 kar\u015f\u0131s\u0131nda Suriye&#8217;nin \u015fa\u015fk\u0131nl\u0131\u011f\u0131n\u0131 dile getirdi.<\/p>\n<p><span style=\"color: #0000ff;\">#Telegram_Kanal\u0131m\u0131z: https:\/\/t.me\/SuriyeArapHaberAjans<\/span><\/p>\n","protected":false},"excerpt":{"rendered":"<p>NEW YORK \u2013 Suriye&#8217;nin Birle\u015fmi\u015f Milletler daimi temsilcisi B\u00fcy\u00fckel\u00e7i Bessam Sabba\u011f, Kimyasal Silahlar\u0131n Yasaklanmas\u0131 \u00d6rg\u00fct\u00fc&#8217;n\u00fcn ve G\u00fcvenlik Konseyi Komitesi 1540&#8217;\u0131n Suriye&#8217;deki s\u00f6zde &#8220;kimyasal dosyay\u0131&#8221; siyasalla\u015ft\u0131rmaya devam etmesinin se\u00e7icili\u011fi ve \u00e7ifte standard\u0131 kan\u0131tlad\u0131\u011f\u0131n\u0131 vurgulad\u0131. G\u00fcvenlik Konseyi&#8217;nin &#8220;kimyasal dosya&#8221; konulu oturumunda yapt\u0131\u011f\u0131 a\u00e7\u0131klamada Sabba\u011f, Suriye&#8217;nin bu silahlar\u0131n her zaman, her yerde ve her ko\u015fulda kullan\u0131lmas\u0131n\u0131 her zaman &hellip;<\/p>\n","protected":false},"author":36,"featured_media":263408,"comment_status":"closed","ping_status":"closed","sticky":false,"template":"","format":"standard","meta":{"footnotes":""},"categories":[458,459,17988],"tags":[],"class_list":["post-263407","post","type-post","status-publish","format-standard","has-post-thumbnail","","category-dunya1","category-haberler-arap-uluslararasi-politika","category-son-haberler"],"_links":{"self":[{"href":"https:\/\/archive.sana.sy\/tr\/index.php?rest_route=\/wp\/v2\/posts\/263407","targetHints":{"allow":["GET"]}}],"collection":[{"href":"https:\/\/archive.sana.sy\/tr\/index.php?rest_route=\/wp\/v2\/posts"}],"about":[{"href":"https:\/\/archive.sana.sy\/tr\/index.php?rest_route=\/wp\/v2\/types\/post"}],"author":[{"embeddable":true,"href":"https:\/\/archive.sana.sy\/tr\/index.php?rest_route=\/wp\/v2\/users\/36"}],"replies":[{"embeddable":true,"href":"https:\/\/archive.sana.sy\/tr\/index.php?rest_route=%2Fwp%2Fv2%2Fcomments&post=263407"}],"version-history":[{"count":0,"href":"https:\/\/archive.sana.sy\/tr\/index.php?rest_route=\/wp\/v2\/posts\/263407\/revisions"}],"wp:featuredmedia":[{"embeddable":true,"href":"https:\/\/archive.sana.sy\/tr\/index.php?rest_route=\/wp\/v2\/media\/263408"}],"wp:attachment":[{"href":"https:\/\/archive.sana.sy\/tr\/index.php?rest_route=%2Fwp%2Fv2%2Fmedia&parent=263407"}],"wp:term":[{"taxonomy":"category","embeddable":true,"href":"https:\/\/archive.sana.sy\/tr\/index.php?rest_route=%2Fwp%2Fv2%2Fcategories&post=263407"},{"taxonomy":"post_tag","embeddable":true,"href":"https:\/\/archive.sana.sy\/tr\/index.php?rest_route=%2Fwp%2Fv2%2Ftags&post=263407"}],"curies":[{"name":"wp","href":"https:\/\/api.w.org\/{rel}","templated":true}]}}