{"id":263410,"date":"2022-09-29T22:33:17","date_gmt":"2022-09-29T19:33:17","guid":{"rendered":"http:\/\/107.6.182.27\/tr\/?p=263410"},"modified":"2022-10-01T09:12:04","modified_gmt":"2022-10-01T06:12:04","slug":"arissian-ve-sarkisyan-ekonomik-ve-ticari-iliskileri-gelistirmenin-yollarini-gorustu","status":"publish","type":"post","link":"https:\/\/archive.sana.sy\/tr\/?p=263410","title":{"rendered":"Arissian ve Sarkisyan Ekonomik Ve Ticari \u0130li\u015fkileri Geli\u015ftirmenin Yollar\u0131n\u0131 G\u00f6r\u00fc\u015ft\u00fc"},"content":{"rendered":"<p>ER\u0130VAN \u2013 Ermenistan Ticaret ve Sanayi Odas\u0131 Ba\u015fkan\u0131 Martin Sarkisyan, Suriye&#8217;nin Erivan B\u00fcy\u00fckel\u00e7isi Dr. Nura Arissian ile iki \u00fclke aras\u0131ndaki ekonomik, ticari ve end\u00fcstriyel ili\u015fkileri geli\u015ftirmenin yollar\u0131n\u0131 g\u00f6r\u00fc\u015ft\u00fc.<\/p>\n<p>Sarkisyan, \u00fclkesinin her iki taraf\u0131n deneyimlerinden yararlanarak iki \u00fclke aras\u0131ndaki her alanda i\u015fbirli\u011fini harekete ge\u00e7irmeye ve canland\u0131rmaya haz\u0131r oldu\u011funu ifade etti.<\/p>\n<p>B\u00fcy\u00fckel\u00e7i Arissian ise Suriye&#8217;de yat\u0131r\u0131m alan\u0131nda b\u00fcy\u00fck kolayl\u0131klar ve avantajlar sa\u011flayan 2021 tarihli 18 Say\u0131l\u0131 Yat\u0131r\u0131m Kanununa at\u0131fta bulunarak, Ermeni \u015firketlerinin Suriye&#8217;deki yeniden yap\u0131lanma s\u00fcrecine kat\u0131l\u0131m\u0131n\u0131n \u00f6nemini vurgulad\u0131.<\/p>\n<p>G\u00f6r\u00fc\u015fmede, iki \u00fclke aras\u0131ndaki ekonomik ve ticari ili\u015fkilerin geli\u015ftirilmesinde Ermeni Suriyeliler rol\u00fcn\u00fc ele ald\u0131lar.<\/p>\n<p>Toplant\u0131ya Erivan&#8217;daki Suriye B\u00fcy\u00fckel\u00e7ili\u011fi Ata\u015fesi Ahmed El Athba kat\u0131ld\u0131.<\/p>\n<p><span style=\"color: #0000ff;\">#Telegram_Kanal\u0131m\u0131z: https:\/\/t.me\/SuriyeArapHaberAjans<\/span><\/p>\n","protected":false},"excerpt":{"rendered":"<p>ER\u0130VAN \u2013 Ermenistan Ticaret ve Sanayi Odas\u0131 Ba\u015fkan\u0131 Martin Sarkisyan, Suriye&#8217;nin Erivan B\u00fcy\u00fckel\u00e7isi Dr. Nura Arissian ile iki \u00fclke aras\u0131ndaki ekonomik, ticari ve end\u00fcstriyel ili\u015fkileri geli\u015ftirmenin yollar\u0131n\u0131 g\u00f6r\u00fc\u015ft\u00fc. Sarkisyan, \u00fclkesinin her iki taraf\u0131n deneyimlerinden yararlanarak iki \u00fclke aras\u0131ndaki her alanda i\u015fbirli\u011fini harekete ge\u00e7irmeye ve canland\u0131rmaya haz\u0131r oldu\u011funu ifade etti. B\u00fcy\u00fckel\u00e7i Arissian ise Suriye&#8217;de yat\u0131r\u0131m alan\u0131nda &hellip;<\/p>\n","protected":false},"author":36,"featured_media":263411,"comment_status":"closed","ping_status":"closed","sticky":false,"template":"","format":"standard","meta":{"footnotes":""},"categories":[458,459,17988],"tags":[],"class_list":["post-263410","post","type-post","status-publish","format-standard","has-post-thumbnail","","category-dunya1","category-haberler-arap-uluslararasi-politika","category-son-haberler"],"_links":{"self":[{"href":"https:\/\/archive.sana.sy\/tr\/index.php?rest_route=\/wp\/v2\/posts\/263410","targetHints":{"allow":["GET"]}}],"collection":[{"href":"https:\/\/archive.sana.sy\/tr\/index.php?rest_route=\/wp\/v2\/posts"}],"about":[{"href":"https:\/\/archive.sana.sy\/tr\/index.php?rest_route=\/wp\/v2\/types\/post"}],"author":[{"embeddable":true,"href":"https:\/\/archive.sana.sy\/tr\/index.php?rest_route=\/wp\/v2\/users\/36"}],"replies":[{"embeddable":true,"href":"https:\/\/archive.sana.sy\/tr\/index.php?rest_route=%2Fwp%2Fv2%2Fcomments&post=263410"}],"version-history":[{"count":0,"href":"https:\/\/archive.sana.sy\/tr\/index.php?rest_route=\/wp\/v2\/posts\/263410\/revisions"}],"wp:featuredmedia":[{"embeddable":true,"href":"https:\/\/archive.sana.sy\/tr\/index.php?rest_route=\/wp\/v2\/media\/263411"}],"wp:attachment":[{"href":"https:\/\/archive.sana.sy\/tr\/index.php?rest_route=%2Fwp%2Fv2%2Fmedia&parent=263410"}],"wp:term":[{"taxonomy":"category","embeddable":true,"href":"https:\/\/archive.sana.sy\/tr\/index.php?rest_route=%2Fwp%2Fv2%2Fcategories&post=263410"},{"taxonomy":"post_tag","embeddable":true,"href":"https:\/\/archive.sana.sy\/tr\/index.php?rest_route=%2Fwp%2Fv2%2Ftags&post=263410"}],"curies":[{"name":"wp","href":"https:\/\/api.w.org\/{rel}","templated":true}]}}