{"id":263413,"date":"2022-09-30T09:41:26","date_gmt":"2022-09-30T06:41:26","guid":{"rendered":"http:\/\/107.6.182.27\/tr\/?p=263413"},"modified":"2022-10-16T10:28:55","modified_gmt":"2022-10-16T07:28:55","slug":"800den-fazla-kisinin-katilimiyla-kanserli-cocuklara-destek-amaciyla-besma-icin-kosmak-istiyoruz-maratonu-basladi","status":"publish","type":"post","link":"https:\/\/archive.sana.sy\/tr\/?p=263413","title":{"rendered":"800&#8217;den Fazla Ki\u015finin Kat\u0131l\u0131m\u0131yla.. Kanserli \u00c7ocuklara Destek Amac\u0131yla \u201cBesma \u0130\u00e7in Ko\u015fmak \u0130stiyoruz\u201d Maratonu Ba\u015flad\u0131"},"content":{"rendered":"<p>\u015eAM \u2013 800&#8217;den fazla ki\u015fi kanserli \u00e7ocuklara destek amac\u0131yla \u201cBesma \u0130\u00e7in Ko\u015fmak \u0130stiyoruz\u201d maratonuna kat\u0131ld\u0131.<\/p>\n<p>SANA muhabiri, kat\u0131l\u0131mc\u0131lar\u0131n \u015eam&#8217;daki Emeviler Meydan\u0131&#8217;ndaki Sheraton Oteli \u00f6n\u00fcnden Muvasat kav\u015fa\u011f\u0131na ve \u00c7ocuk Hastanesi&#8217;ne do\u011fru yola \u00e7\u0131kt\u0131klar\u0131n\u0131 ve ard\u0131ndan Mazzeh Otoyolu&#8217;na do\u011fru yola \u00e7\u0131kt\u0131klar\u0131n\u0131 ve ard\u0131ndan otele geri d\u00f6nd\u00fcklerini belirtti.<\/p>\n<p><span style=\"color: #0000ff;\">#Telegram_Kanal\u0131m\u0131z: https:\/\/t.me\/SuriyeArapHaberAjans<\/span><\/p>\n<div id='gallery-1' class='gallery galleryid-263413 gallery-columns-1 gallery-size-full'><figure class='gallery-item'>\n\t\t\t<div class='gallery-icon landscape'>\n\t\t\t\t<a href='https:\/\/archive.sana.sy\/tr\/wp-content\/uploads\/2022\/09\/photo_2022-09-30_08-09-30.jpg'><img loading=\"lazy\" decoding=\"async\" width=\"660\" height=\"495\" src=\"https:\/\/archive.sana.sy\/tr\/wp-content\/uploads\/2022\/09\/photo_2022-09-30_08-09-30.jpg\" class=\"attachment-full size-full\" alt=\"\" srcset=\"https:\/\/archive.sana.sy\/tr\/wp-content\/uploads\/2022\/09\/photo_2022-09-30_08-09-30.jpg 660w, https:\/\/archive.sana.sy\/tr\/wp-content\/uploads\/2022\/09\/photo_2022-09-30_08-09-30-300x225.jpg 300w, https:\/\/archive.sana.sy\/tr\/wp-content\/uploads\/2022\/09\/photo_2022-09-30_08-09-30-150x113.jpg 150w\" sizes=\"auto, (max-width: 660px) 100vw, 660px\" \/><\/a>\n\t\t\t<\/div><\/figure><figure class='gallery-item'>\n\t\t\t<div class='gallery-icon portrait'>\n\t\t\t\t<a href='https:\/\/archive.sana.sy\/tr\/wp-content\/uploads\/2022\/09\/photo_2022-09-30_08-09-59.jpg'><img loading=\"lazy\" decoding=\"async\" width=\"660\" height=\"880\" src=\"https:\/\/archive.sana.sy\/tr\/wp-content\/uploads\/2022\/09\/photo_2022-09-30_08-09-59.jpg\" class=\"attachment-full size-full\" alt=\"\" srcset=\"https:\/\/archive.sana.sy\/tr\/wp-content\/uploads\/2022\/09\/photo_2022-09-30_08-09-59.jpg 660w, https:\/\/archive.sana.sy\/tr\/wp-content\/uploads\/2022\/09\/photo_2022-09-30_08-09-59-225x300.jpg 225w, https:\/\/archive.sana.sy\/tr\/wp-content\/uploads\/2022\/09\/photo_2022-09-30_08-09-59-113x150.jpg 113w\" sizes=\"auto, (max-width: 660px) 100vw, 660px\" \/><\/a>\n\t\t\t<\/div><\/figure><figure class='gallery-item'>\n\t\t\t<div class='gallery-icon landscape'>\n\t\t\t\t<a href='https:\/\/archive.sana.sy\/tr\/wp-content\/uploads\/2022\/09\/photo_2022-09-30_08-10-01.jpg'><img loading=\"lazy\" decoding=\"async\" width=\"660\" height=\"495\" src=\"https:\/\/archive.sana.sy\/tr\/wp-content\/uploads\/2022\/09\/photo_2022-09-30_08-10-01.jpg\" class=\"attachment-full size-full\" alt=\"\" srcset=\"https:\/\/archive.sana.sy\/tr\/wp-content\/uploads\/2022\/09\/photo_2022-09-30_08-10-01.jpg 660w, https:\/\/archive.sana.sy\/tr\/wp-content\/uploads\/2022\/09\/photo_2022-09-30_08-10-01-300x225.jpg 300w, https:\/\/archive.sana.sy\/tr\/wp-content\/uploads\/2022\/09\/photo_2022-09-30_08-10-01-150x113.jpg 150w\" sizes=\"auto, (max-width: 660px) 100vw, 660px\" \/><\/a>\n\t\t\t<\/div><\/figure><figure class='gallery-item'>\n\t\t\t<div class='gallery-icon landscape'>\n\t\t\t\t<a href='https:\/\/archive.sana.sy\/tr\/wp-content\/uploads\/2022\/09\/photo_2022-09-30_08-10-06.jpg'><img loading=\"lazy\" decoding=\"async\" width=\"660\" height=\"438\" src=\"https:\/\/archive.sana.sy\/tr\/wp-content\/uploads\/2022\/09\/photo_2022-09-30_08-10-06.jpg\" class=\"attachment-full size-full\" alt=\"\" srcset=\"https:\/\/archive.sana.sy\/tr\/wp-content\/uploads\/2022\/09\/photo_2022-09-30_08-10-06.jpg 660w, https:\/\/archive.sana.sy\/tr\/wp-content\/uploads\/2022\/09\/photo_2022-09-30_08-10-06-300x199.jpg 300w, https:\/\/archive.sana.sy\/tr\/wp-content\/uploads\/2022\/09\/photo_2022-09-30_08-10-06-150x100.jpg 150w, https:\/\/archive.sana.sy\/tr\/wp-content\/uploads\/2022\/09\/photo_2022-09-30_08-10-06-310x205.jpg 310w\" sizes=\"auto, (max-width: 660px) 100vw, 660px\" \/><\/a>\n\t\t\t<\/div><\/figure><figure class='gallery-item'>\n\t\t\t<div class='gallery-icon landscape'>\n\t\t\t\t<a href='https:\/\/archive.sana.sy\/tr\/wp-content\/uploads\/2022\/09\/photo_2022-09-30_08-10-08.jpg'><img loading=\"lazy\" decoding=\"async\" width=\"660\" height=\"495\" src=\"https:\/\/archive.sana.sy\/tr\/wp-content\/uploads\/2022\/09\/photo_2022-09-30_08-10-08.jpg\" class=\"attachment-full size-full\" alt=\"\" srcset=\"https:\/\/archive.sana.sy\/tr\/wp-content\/uploads\/2022\/09\/photo_2022-09-30_08-10-08.jpg 660w, https:\/\/archive.sana.sy\/tr\/wp-content\/uploads\/2022\/09\/photo_2022-09-30_08-10-08-300x225.jpg 300w, https:\/\/archive.sana.sy\/tr\/wp-content\/uploads\/2022\/09\/photo_2022-09-30_08-10-08-150x113.jpg 150w\" sizes=\"auto, (max-width: 660px) 100vw, 660px\" \/><\/a>\n\t\t\t<\/div><\/figure>\n\t\t<\/div>\n\n","protected":false},"excerpt":{"rendered":"<p>\u015eAM \u2013 800&#8217;den fazla ki\u015fi kanserli \u00e7ocuklara destek amac\u0131yla \u201cBesma \u0130\u00e7in Ko\u015fmak \u0130stiyoruz\u201d maratonuna kat\u0131ld\u0131. SANA muhabiri, kat\u0131l\u0131mc\u0131lar\u0131n \u015eam&#8217;daki Emeviler Meydan\u0131&#8217;ndaki Sheraton Oteli \u00f6n\u00fcnden Muvasat kav\u015fa\u011f\u0131na ve \u00c7ocuk Hastanesi&#8217;ne do\u011fru yola \u00e7\u0131kt\u0131klar\u0131n\u0131 ve ard\u0131ndan Mazzeh Otoyolu&#8217;na do\u011fru yola \u00e7\u0131kt\u0131klar\u0131n\u0131 ve ard\u0131ndan otele geri d\u00f6nd\u00fcklerini belirtti. #Telegram_Kanal\u0131m\u0131z: https:\/\/t.me\/SuriyeArapHaberAjans<\/p>\n","protected":false},"author":36,"featured_media":263419,"comment_status":"closed","ping_status":"closed","sticky":false,"template":"","format":"standard","meta":{"footnotes":""},"categories":[596,479,6459,17988,478],"tags":[],"class_list":["post-263413","post","type-post","status-publish","format-standard","has-post-thumbnail","","category-fotografli-raporlar","category-haberler-yerel","category-sana-fotolarl","category-son-haberler","category-yerel"],"_links":{"self":[{"href":"https:\/\/archive.sana.sy\/tr\/index.php?rest_route=\/wp\/v2\/posts\/263413","targetHints":{"allow":["GET"]}}],"collection":[{"href":"https:\/\/archive.sana.sy\/tr\/index.php?rest_route=\/wp\/v2\/posts"}],"about":[{"href":"https:\/\/archive.sana.sy\/tr\/index.php?rest_route=\/wp\/v2\/types\/post"}],"author":[{"embeddable":true,"href":"https:\/\/archive.sana.sy\/tr\/index.php?rest_route=\/wp\/v2\/users\/36"}],"replies":[{"embeddable":true,"href":"https:\/\/archive.sana.sy\/tr\/index.php?rest_route=%2Fwp%2Fv2%2Fcomments&post=263413"}],"version-history":[{"count":0,"href":"https:\/\/archive.sana.sy\/tr\/index.php?rest_route=\/wp\/v2\/posts\/263413\/revisions"}],"wp:featuredmedia":[{"embeddable":true,"href":"https:\/\/archive.sana.sy\/tr\/index.php?rest_route=\/wp\/v2\/media\/263419"}],"wp:attachment":[{"href":"https:\/\/archive.sana.sy\/tr\/index.php?rest_route=%2Fwp%2Fv2%2Fmedia&parent=263413"}],"wp:term":[{"taxonomy":"category","embeddable":true,"href":"https:\/\/archive.sana.sy\/tr\/index.php?rest_route=%2Fwp%2Fv2%2Fcategories&post=263413"},{"taxonomy":"post_tag","embeddable":true,"href":"https:\/\/archive.sana.sy\/tr\/index.php?rest_route=%2Fwp%2Fv2%2Ftags&post=263413"}],"curies":[{"name":"wp","href":"https:\/\/api.w.org\/{rel}","templated":true}]}}