{"id":263478,"date":"2022-10-01T15:13:54","date_gmt":"2022-10-01T12:13:54","guid":{"rendered":"http:\/\/107.6.182.27\/tr\/?p=263478"},"modified":"2022-11-02T07:54:51","modified_gmt":"2022-11-02T05:54:51","slug":"suriye-ian-kasirgasi-karsisinda-dost-kuba-ile-dayanismasini-ifade-ediyor","status":"publish","type":"post","link":"https:\/\/archive.sana.sy\/tr\/?p=263478","title":{"rendered":"Suriye, \u201cIan\u201d Kas\u0131rgas\u0131 Kar\u015f\u0131s\u0131nda Dost K\u00fcba \u0130le Dayan\u0131\u015fmas\u0131n\u0131 \u0130fade Ediyor"},"content":{"rendered":"<p>\u015eAM \u2013Suriye, K\u00fcba&#8217;n\u0131n &#8220;Ian&#8221; Kas\u0131rgas\u0131&#8217;n\u0131n etkilerinin \u00fcstesinden gelme kudretine ve kabiliyetine olan g\u00fcvenini dile getirerek, bu \u00e7ileyi a\u015fmalar\u0131na yard\u0131mc\u0131 olmak i\u00e7in K\u00fcba halk\u0131n\u0131n \u00fczerindeki adaletsiz ABD ablukas\u0131n\u0131 kald\u0131rma ihtiyac\u0131n\u0131n \u00e7a\u011fr\u0131s\u0131n\u0131 yineledi.<\/p>\n<p>D\u0131\u015fi\u015fleri ve Gurbet\u00e7iler Bakanl\u0131\u011f\u0131\u2019ndan resmi bir kaynak SANA muhabirine yapt\u0131\u011f\u0131 a\u00e7\u0131klamada, Suriye\u2019nin, y\u0131k\u0131c\u0131 \u201cIan\u201d Kas\u0131rgas\u0131n\u0131n, kamu ve \u00f6zel m\u00fclklere verdi\u011fi b\u00fcy\u00fck zarar ve altyap\u0131s\u0131n\u0131n b\u00fcy\u00fck y\u0131k\u0131m\u0131 ile kar\u015f\u0131 kar\u015f\u0131ya kalan dost K\u00fcba Cumhuriyeti\u2019nin h\u00fck\u00fcmeti ve halk\u0131yla dayan\u0131\u015ft\u0131\u011f\u0131n\u0131 ifade etti.<\/p>\n<p>Kaynak ayr\u0131ca, Suriye\u2019nin, K\u00fcba&#8217;n\u0131n bu \u00e7ilenin etkilerinin \u00fcstesinden gelme kudretine ve kabiliyetine olan g\u00fcvenini teyit eder ve K\u00fcba h\u00fck\u00fcmetinin kas\u0131rgan\u0131n y\u0131k\u0131c\u0131 etkilerini hafifletmek i\u00e7in ald\u0131\u011f\u0131 \u00f6nlem ve \u00e7abalara tam deste\u011fini belirtti.<\/p>\n<p><a href=\"https:\/\/www.facebook.com\/hashtag\/telegram_kanal%C4%B1m%C4%B1z?__eep__=6&amp;__cft__%5b0%5d=AZUEjbJsMJQ_ttAavr352n6eXwBazo1jfPGZLFANnx_b2GIA1NmFBINxfDVf7UUHF8dsb_a7QnsveukFyu5ATEgOonB8SZRbX2l9ARSLjmawlwaRfQuoBjbjp_6aSMUvpUo&amp;__tn__=*NK-R\">#Telegram_Kanal\u0131m\u0131z<\/a>:\u00a0<a href=\"https:\/\/t.me\/SuriyeArapHaberAjans%C4%B1\">https:\/\/t.me\/SuriyeArapHaberAjans\u0131<\/a><\/p>\n<p>&nbsp;<\/p>\n","protected":false},"excerpt":{"rendered":"<p>\u015eAM \u2013Suriye, K\u00fcba&#8217;n\u0131n &#8220;Ian&#8221; Kas\u0131rgas\u0131&#8217;n\u0131n etkilerinin \u00fcstesinden gelme kudretine ve kabiliyetine olan g\u00fcvenini dile getirerek, bu \u00e7ileyi a\u015fmalar\u0131na yard\u0131mc\u0131 olmak i\u00e7in K\u00fcba halk\u0131n\u0131n \u00fczerindeki adaletsiz ABD ablukas\u0131n\u0131 kald\u0131rma ihtiyac\u0131n\u0131n \u00e7a\u011fr\u0131s\u0131n\u0131 yineledi. D\u0131\u015fi\u015fleri ve Gurbet\u00e7iler Bakanl\u0131\u011f\u0131\u2019ndan resmi bir kaynak SANA muhabirine yapt\u0131\u011f\u0131 a\u00e7\u0131klamada, Suriye\u2019nin, y\u0131k\u0131c\u0131 \u201cIan\u201d Kas\u0131rgas\u0131n\u0131n, kamu ve \u00f6zel m\u00fclklere verdi\u011fi b\u00fcy\u00fck zarar ve altyap\u0131s\u0131n\u0131n &hellip;<\/p>\n","protected":false},"author":1,"featured_media":263479,"comment_status":"closed","ping_status":"closed","sticky":false,"template":"","format":"standard","meta":{"footnotes":""},"categories":[479,17988,478],"tags":[],"class_list":["post-263478","post","type-post","status-publish","format-standard","has-post-thumbnail","","category-haberler-yerel","category-son-haberler","category-yerel"],"_links":{"self":[{"href":"https:\/\/archive.sana.sy\/tr\/index.php?rest_route=\/wp\/v2\/posts\/263478","targetHints":{"allow":["GET"]}}],"collection":[{"href":"https:\/\/archive.sana.sy\/tr\/index.php?rest_route=\/wp\/v2\/posts"}],"about":[{"href":"https:\/\/archive.sana.sy\/tr\/index.php?rest_route=\/wp\/v2\/types\/post"}],"author":[{"embeddable":true,"href":"https:\/\/archive.sana.sy\/tr\/index.php?rest_route=\/wp\/v2\/users\/1"}],"replies":[{"embeddable":true,"href":"https:\/\/archive.sana.sy\/tr\/index.php?rest_route=%2Fwp%2Fv2%2Fcomments&post=263478"}],"version-history":[{"count":0,"href":"https:\/\/archive.sana.sy\/tr\/index.php?rest_route=\/wp\/v2\/posts\/263478\/revisions"}],"wp:featuredmedia":[{"embeddable":true,"href":"https:\/\/archive.sana.sy\/tr\/index.php?rest_route=\/wp\/v2\/media\/263479"}],"wp:attachment":[{"href":"https:\/\/archive.sana.sy\/tr\/index.php?rest_route=%2Fwp%2Fv2%2Fmedia&parent=263478"}],"wp:term":[{"taxonomy":"category","embeddable":true,"href":"https:\/\/archive.sana.sy\/tr\/index.php?rest_route=%2Fwp%2Fv2%2Fcategories&post=263478"},{"taxonomy":"post_tag","embeddable":true,"href":"https:\/\/archive.sana.sy\/tr\/index.php?rest_route=%2Fwp%2Fv2%2Ftags&post=263478"}],"curies":[{"name":"wp","href":"https:\/\/api.w.org\/{rel}","templated":true}]}}