{"id":263509,"date":"2022-10-01T21:02:49","date_gmt":"2022-10-01T18:02:49","guid":{"rendered":"http:\/\/107.6.182.27\/tr\/?p=263509"},"modified":"2022-10-02T09:19:34","modified_gmt":"2022-10-02T06:19:34","slug":"800den-fazla-kisinin-katilimiyla-kanserli-cocuklara-destek-amaciyla-besma-icin-kosmak-istiyoruz-maratonu-basladi-2","status":"publish","type":"post","link":"https:\/\/archive.sana.sy\/tr\/?p=263509","title":{"rendered":"800\u2019den Fazla Ki\u015finin Kat\u0131l\u0131m\u0131yla.. Kanserli \u00c7ocuklara Destek Amac\u0131yla \u201cBesma \u0130\u00e7in Ko\u015fmak \u0130stiyoruz\u201d Maratonu Ba\u015flad\u0131"},"content":{"rendered":"<p><iframe loading=\"lazy\" title=\"Suriye folklor\u00fc Suriye G\u00f6kku\u015fa\u011f\u0131 Festivali kapsam\u0131nda dans eden portrelerle somutla\u015ft\u0131r\u0131ld\u0131\" src=\"https:\/\/www.youtube.com\/embed\/R0os7wEEA7k\" width=\"640\" height=\"360\" frameborder=\"0\" allowfullscreen=\"allowfullscreen\"><\/iframe><\/p>\n","protected":false},"excerpt":{"rendered":"","protected":false},"author":1,"featured_media":263510,"comment_status":"closed","ping_status":"closed","sticky":false,"template":"","format":"standard","meta":{"footnotes":""},"categories":[18295],"tags":[],"class_list":["post-263509","post","type-post","status-publish","format-standard","has-post-thumbnail","","category-sana-video"],"_links":{"self":[{"href":"https:\/\/archive.sana.sy\/tr\/index.php?rest_route=\/wp\/v2\/posts\/263509","targetHints":{"allow":["GET"]}}],"collection":[{"href":"https:\/\/archive.sana.sy\/tr\/index.php?rest_route=\/wp\/v2\/posts"}],"about":[{"href":"https:\/\/archive.sana.sy\/tr\/index.php?rest_route=\/wp\/v2\/types\/post"}],"author":[{"embeddable":true,"href":"https:\/\/archive.sana.sy\/tr\/index.php?rest_route=\/wp\/v2\/users\/1"}],"replies":[{"embeddable":true,"href":"https:\/\/archive.sana.sy\/tr\/index.php?rest_route=%2Fwp%2Fv2%2Fcomments&post=263509"}],"version-history":[{"count":0,"href":"https:\/\/archive.sana.sy\/tr\/index.php?rest_route=\/wp\/v2\/posts\/263509\/revisions"}],"wp:featuredmedia":[{"embeddable":true,"href":"https:\/\/archive.sana.sy\/tr\/index.php?rest_route=\/wp\/v2\/media\/263510"}],"wp:attachment":[{"href":"https:\/\/archive.sana.sy\/tr\/index.php?rest_route=%2Fwp%2Fv2%2Fmedia&parent=263509"}],"wp:term":[{"taxonomy":"category","embeddable":true,"href":"https:\/\/archive.sana.sy\/tr\/index.php?rest_route=%2Fwp%2Fv2%2Fcategories&post=263509"},{"taxonomy":"post_tag","embeddable":true,"href":"https:\/\/archive.sana.sy\/tr\/index.php?rest_route=%2Fwp%2Fv2%2Ftags&post=263509"}],"curies":[{"name":"wp","href":"https:\/\/api.w.org\/{rel}","templated":true}]}}