{"id":263533,"date":"2022-10-02T15:35:28","date_gmt":"2022-10-02T12:35:28","guid":{"rendered":"http:\/\/107.6.182.27\/tr\/?p=263533"},"modified":"2022-10-04T08:05:48","modified_gmt":"2022-10-04T05:05:48","slug":"mikdad-hindistan-disisleri-bakanina-protez-uzuvlarin-yerlestirilmesi-icin-bir-kampin-baslatilmasi-iki-ulke-arasindaki-insani-iliskilerin-derinligini-yansitiyor","status":"publish","type":"post","link":"https:\/\/archive.sana.sy\/tr\/?p=263533","title":{"rendered":"Mikdad Avsaf&#8217;a: Protez Uzuvlar\u0131n Yerle\u015ftirilmesi \u0130\u00e7in Bir Kamp\u0131n Ba\u015flat\u0131lmas\u0131, \u0130ki \u00dclke Aras\u0131ndaki \u0130nsani \u0130li\u015fkilerin Derinli\u011fini Yans\u0131t\u0131yor"},"content":{"rendered":"<p>\u015eAM &#8211;\u00a0 D\u0131\u015fi\u015fleri ve Gurbet\u00e7iler Bakan\u0131 Faysal Mikdad, bug\u00fcn Hindistan D\u0131\u015fi\u015fleri Bakan Yard\u0131mc\u0131s\u0131 Avsaf Seyyid ve beraberindeki heyet ile iki \u00fclke aras\u0131ndaki ikili ili\u015fkileri ve bu ili\u015fkileri \u00a0\u00e7e\u015fitli alanlarda geli\u015ftirmenin ve g\u00fc\u00e7lendirmenin yollar\u0131n\u0131 g\u00f6r\u00fc\u015ft\u00fc.<\/p>\n<p>Bakan Mikdad , protez uzuvlar\u0131n yerle\u015ftirilmesi i\u00e7in ikinci kamp\u0131n ba\u015flat\u0131lmas\u0131 \u00e7er\u00e7evesinde gelen bu ziyaretin \u00f6nemine dikkat \u00e7ekerek, Suriye halk\u0131n\u0131n, dost Hindistan Cumhuriyeti&#8217;nin, h\u00fck\u00fcmetin ve halk\u0131n\u0131n Suriye&#8217;yi ter\u00f6re kar\u015f\u0131 sava\u015f\u0131nda destekledi\u011fi tutumlar\u0131ndan dolay\u0131 minnettarl\u0131\u011f\u0131n\u0131 dile getirdi.<\/p>\n<p><img loading=\"lazy\" decoding=\"async\" class=\"size-medium wp-image-263535 alignright\" src=\"http:\/\/107.6.182.27\/tr\/wp-content\/uploads\/2022\/10\/MAH_6303-copy-300x190.jpg\" alt=\"\" width=\"300\" height=\"190\" srcset=\"https:\/\/archive.sana.sy\/tr\/wp-content\/uploads\/2022\/10\/MAH_6303-copy-300x190.jpg 300w, https:\/\/archive.sana.sy\/tr\/wp-content\/uploads\/2022\/10\/MAH_6303-copy-150x95.jpg 150w, https:\/\/archive.sana.sy\/tr\/wp-content\/uploads\/2022\/10\/MAH_6303-copy.jpg 660w\" sizes=\"auto, (max-width: 300px) 100vw, 300px\" \/>Mikdad, ter\u00f6r ve Suriye halk\u0131na insanl\u0131k d\u0131\u015f\u0131 bir \u015fekilde dayat\u0131lan tek tarafl\u0131 cebri ekonomik yapt\u0131r\u0131mlar sonucunda Suriye&#8217;nin ekonomik alanda kar\u015f\u0131la\u015ft\u0131\u011f\u0131 zorluklara de\u011finerek, Amerikan i\u015fgalinin varl\u0131\u011f\u0131n\u0131n ve El Ceziyre b\u00f6lgesindeki Suriye kaynaklar\u0131n\u0131n kaynaklar\u0131n\u0131 ya\u011fmalamas\u0131n\u0131n yaratt\u0131\u011f\u0131 zorluklara ve bu i\u015fgalin ter\u00f6rist gruplara sa\u011flad\u0131\u011f\u0131 deste\u011fe i\u015faret etti.<\/p>\n<p>Buna kar\u015f\u0131l\u0131k Hindistan D\u0131\u015fi\u015fleri Bakan Yard\u0131mc\u0131s\u0131, iki \u00fclke aras\u0131ndaki ekonomik, teknik, e\u011fitim, ticari ve siyasi alanlarda ikili i\u015fbirli\u011finin \u00e7e\u015fitli y\u00f6nlerini g\u00f6zden ge\u00e7irerek, iki dost halk\u0131n beklentilerini ger\u00e7ekle\u015ftirmek i\u00e7in ili\u015fkilerin daha da geli\u015ftirilmesi ihtiyac\u0131na i\u015faret etti.<\/p>\n<p>Sayed, Suriye&#8217;nin b\u00f6lgedeki \u00f6nemli ve iyi bilinen rol\u00fcne dikkat \u00e7ekerek \u00fclkesinin Suriye&#8217;ye y\u00f6nelik destekleyici duru\u015funu yineledi.<\/p>\n<p><a class=\"qi72231t nu7423ey n3hqoq4p r86q59rh b3qcqh3k fq87ekyn bdao358l fsf7x5fv rse6dlih s5oniofx m8h3af8h l7ghb35v kjdc1dyq kmwttqpk srn514ro oxkhqvkx rl78xhln nch0832m cr00lzj9 rn8ck1ys s3jn8y49 icdlwmnq cxfqmxzd d1w2l3lo tes86rjd\" tabindex=\"0\" role=\"link\" href=\"https:\/\/www.facebook.com\/hashtag\/telegram_kanal%C4%B1m%C4%B1z?__eep__=6&amp;__cft__[0]=AZXDV-EbEh7Q0uuSu3aUOf72InINlYeQuXoZ1IEGaUmLP8nMxiBsXbz2wYSVdboBKcNBUIaQSABvMRavMbt9j_XOjZ0tRQJ2jHSfwEEMts83JyaQIZM6MYRR7m20YuOEAt8gyuolhTTohtH6WSpxSqyUbNwmDSWndTcjcUT-247w4Q&amp;__tn__=*NK-R\">#Telegram_Kanal\u0131m\u0131z<\/a>:\u00a0<a class=\"qi72231t nu7423ey n3hqoq4p r86q59rh b3qcqh3k fq87ekyn bdao358l fsf7x5fv rse6dlih s5oniofx m8h3af8h l7ghb35v kjdc1dyq kmwttqpk srn514ro oxkhqvkx rl78xhln nch0832m cr00lzj9 rn8ck1ys s3jn8y49 icdlwmnq cxfqmxzd ezidihy3\" tabindex=\"0\" role=\"link\" href=\"https:\/\/t.me\/SuriyeArapHaberAjans?fbclid=IwAR2vhfBDPbAH99VviWHjmMXAhXXcD1eOrHQrvR8Ny-CaZwQjq-IexAle9Ko\" target=\"_blank\" rel=\"nofollow noopener\">https:\/\/t.me\/SuriyeArapHaberAjans<\/a>\u0131<\/p>\n","protected":false},"excerpt":{"rendered":"<p>\u015eAM &#8211;\u00a0 D\u0131\u015fi\u015fleri ve Gurbet\u00e7iler Bakan\u0131 Faysal Mikdad, bug\u00fcn Hindistan D\u0131\u015fi\u015fleri Bakan Yard\u0131mc\u0131s\u0131 Avsaf Seyyid ve beraberindeki heyet ile iki \u00fclke aras\u0131ndaki ikili ili\u015fkileri ve bu ili\u015fkileri \u00a0\u00e7e\u015fitli alanlarda geli\u015ftirmenin ve g\u00fc\u00e7lendirmenin yollar\u0131n\u0131 g\u00f6r\u00fc\u015ft\u00fc. Bakan Mikdad , protez uzuvlar\u0131n yerle\u015ftirilmesi i\u00e7in ikinci kamp\u0131n ba\u015flat\u0131lmas\u0131 \u00e7er\u00e7evesinde gelen bu ziyaretin \u00f6nemine dikkat \u00e7ekerek, Suriye halk\u0131n\u0131n, dost Hindistan &hellip;<\/p>\n","protected":false},"author":41,"featured_media":263534,"comment_status":"closed","ping_status":"closed","sticky":false,"template":"","format":"standard","meta":{"footnotes":""},"categories":[479,17988,478],"tags":[],"class_list":["post-263533","post","type-post","status-publish","format-standard","has-post-thumbnail","","category-haberler-yerel","category-son-haberler","category-yerel"],"_links":{"self":[{"href":"https:\/\/archive.sana.sy\/tr\/index.php?rest_route=\/wp\/v2\/posts\/263533","targetHints":{"allow":["GET"]}}],"collection":[{"href":"https:\/\/archive.sana.sy\/tr\/index.php?rest_route=\/wp\/v2\/posts"}],"about":[{"href":"https:\/\/archive.sana.sy\/tr\/index.php?rest_route=\/wp\/v2\/types\/post"}],"author":[{"embeddable":true,"href":"https:\/\/archive.sana.sy\/tr\/index.php?rest_route=\/wp\/v2\/users\/41"}],"replies":[{"embeddable":true,"href":"https:\/\/archive.sana.sy\/tr\/index.php?rest_route=%2Fwp%2Fv2%2Fcomments&post=263533"}],"version-history":[{"count":0,"href":"https:\/\/archive.sana.sy\/tr\/index.php?rest_route=\/wp\/v2\/posts\/263533\/revisions"}],"wp:featuredmedia":[{"embeddable":true,"href":"https:\/\/archive.sana.sy\/tr\/index.php?rest_route=\/wp\/v2\/media\/263534"}],"wp:attachment":[{"href":"https:\/\/archive.sana.sy\/tr\/index.php?rest_route=%2Fwp%2Fv2%2Fmedia&parent=263533"}],"wp:term":[{"taxonomy":"category","embeddable":true,"href":"https:\/\/archive.sana.sy\/tr\/index.php?rest_route=%2Fwp%2Fv2%2Fcategories&post=263533"},{"taxonomy":"post_tag","embeddable":true,"href":"https:\/\/archive.sana.sy\/tr\/index.php?rest_route=%2Fwp%2Fv2%2Ftags&post=263533"}],"curies":[{"name":"wp","href":"https:\/\/api.w.org\/{rel}","templated":true}]}}