{"id":263542,"date":"2022-10-02T17:24:41","date_gmt":"2022-10-02T14:24:41","guid":{"rendered":"http:\/\/107.6.182.27\/tr\/?p=263542"},"modified":"2022-10-03T08:19:18","modified_gmt":"2022-10-03T05:19:18","slug":"hindistanin-inisiyatifiyle-samda-savas-yaralilari-ve-engelliler-icin-500-yapay-uzuv-yerlestirmek-icin-ikinci-kamp-acildi","status":"publish","type":"post","link":"https:\/\/archive.sana.sy\/tr\/?p=263542","title":{"rendered":"Hindistan&#8217;\u0131n \u0130nisiyatifiyle&#8230; \u015eam&#8217;da Sava\u015f Yaral\u0131lar\u0131 Ve Engelliler \u0130\u00e7in 500 Yapay Uzuv Yerle\u015ftirmek \u0130\u00e7in \u0130kinci Kamp  A\u00e7\u0131ld\u0131 &#8220;V\u0130DEO&#8221;"},"content":{"rendered":"<p>\u015eAM &#8211; Sosyal \u0130\u015fler ve \u00c7al\u0131\u015fma Bakanl\u0131\u011f\u0131 ve Hindistan \u015eam B\u00fcy\u00fckel\u00e7ili\u011fi, \u015eam&#8217;daki Engelliler Mesleki Rehabilitasyon Enstit\u00fcs\u00fc&#8217;nde sava\u015f yaral\u0131lar\u0131 ve engelliler i\u00e7in 500 adet alt protez kurulumu i\u00e7in ikinci kamp\u0131 ba\u015flatt\u0131.<\/p>\n<p><iframe loading=\"lazy\" title=\"\u0628\u0645\u0628\u0627\u062f\u0631\u0629 \u0645\u0646 \u0627\u0644\u0647\u0646\u062f ..\u0645\u0639\u0633\u0643\u0631 \u0644\u062a\u0631\u0643\u064a\u0628 500 \u0637\u0631\u0641 \u0627\u0635\u0637\u0646\u0627\u0639\u064a\" src=\"https:\/\/www.youtube.com\/embed\/rAHV-bIoX0w\" width=\"620\" height=\"348\" frameborder=\"0\" allowfullscreen=\"allowfullscreen\"><\/iframe><\/p>\n<div id='gallery-1' class='gallery galleryid-263542 gallery-columns-1 gallery-size-full'><figure class='gallery-item'>\n\t\t\t<div class='gallery-icon landscape'>\n\t\t\t\t<a href='https:\/\/archive.sana.sy\/tr\/?attachment_id=263544'><img loading=\"lazy\" decoding=\"async\" width=\"660\" height=\"371\" src=\"https:\/\/archive.sana.sy\/tr\/wp-content\/uploads\/2022\/10\/photo_2022-10-02_16-28-03-2-copy.jpg\" class=\"attachment-full size-full\" alt=\"\" srcset=\"https:\/\/archive.sana.sy\/tr\/wp-content\/uploads\/2022\/10\/photo_2022-10-02_16-28-03-2-copy.jpg 660w, https:\/\/archive.sana.sy\/tr\/wp-content\/uploads\/2022\/10\/photo_2022-10-02_16-28-03-2-copy-300x169.jpg 300w, https:\/\/archive.sana.sy\/tr\/wp-content\/uploads\/2022\/10\/photo_2022-10-02_16-28-03-2-copy-150x84.jpg 150w\" sizes=\"auto, (max-width: 660px) 100vw, 660px\" \/><\/a>\n\t\t\t<\/div><\/figure><figure class='gallery-item'>\n\t\t\t<div class='gallery-icon landscape'>\n\t\t\t\t<a href='https:\/\/archive.sana.sy\/tr\/?attachment_id=263545'><img loading=\"lazy\" decoding=\"async\" width=\"660\" height=\"371\" src=\"https:\/\/archive.sana.sy\/tr\/wp-content\/uploads\/2022\/10\/photo_2022-10-02_16-28-03-copy.jpg\" class=\"attachment-full size-full\" alt=\"\" srcset=\"https:\/\/archive.sana.sy\/tr\/wp-content\/uploads\/2022\/10\/photo_2022-10-02_16-28-03-copy.jpg 660w, https:\/\/archive.sana.sy\/tr\/wp-content\/uploads\/2022\/10\/photo_2022-10-02_16-28-03-copy-300x169.jpg 300w, https:\/\/archive.sana.sy\/tr\/wp-content\/uploads\/2022\/10\/photo_2022-10-02_16-28-03-copy-150x84.jpg 150w\" sizes=\"auto, (max-width: 660px) 100vw, 660px\" \/><\/a>\n\t\t\t<\/div><\/figure>\n\t\t<\/div>\n\n<p><a class=\"qi72231t nu7423ey n3hqoq4p r86q59rh b3qcqh3k fq87ekyn bdao358l fsf7x5fv rse6dlih s5oniofx m8h3af8h l7ghb35v kjdc1dyq kmwttqpk srn514ro oxkhqvkx rl78xhln nch0832m cr00lzj9 rn8ck1ys s3jn8y49 icdlwmnq cxfqmxzd d1w2l3lo tes86rjd\" tabindex=\"0\" role=\"link\" href=\"https:\/\/www.facebook.com\/hashtag\/telegram_kanal%C4%B1m%C4%B1z?__eep__=6&amp;__cft__[0]=AZXDV-EbEh7Q0uuSu3aUOf72InINlYeQuXoZ1IEGaUmLP8nMxiBsXbz2wYSVdboBKcNBUIaQSABvMRavMbt9j_XOjZ0tRQJ2jHSfwEEMts83JyaQIZM6MYRR7m20YuOEAt8gyuolhTTohtH6WSpxSqyUbNwmDSWndTcjcUT-247w4Q&amp;__tn__=*NK-R\">#Telegram_Kanal\u0131m\u0131z<\/a>:\u00a0<a class=\"qi72231t nu7423ey n3hqoq4p r86q59rh b3qcqh3k fq87ekyn bdao358l fsf7x5fv rse6dlih s5oniofx m8h3af8h l7ghb35v kjdc1dyq kmwttqpk srn514ro oxkhqvkx rl78xhln nch0832m cr00lzj9 rn8ck1ys s3jn8y49 icdlwmnq cxfqmxzd ezidihy3\" tabindex=\"0\" role=\"link\" href=\"https:\/\/t.me\/SuriyeArapHaberAjans?fbclid=IwAR2vhfBDPbAH99VviWHjmMXAhXXcD1eOrHQrvR8Ny-CaZwQjq-IexAle9Ko\" target=\"_blank\" rel=\"nofollow noopener\">https:\/\/t.me\/SuriyeArapHaberAjans<\/a>\u0131<\/p>\n","protected":false},"excerpt":{"rendered":"<p>\u015eAM &#8211; Sosyal \u0130\u015fler ve \u00c7al\u0131\u015fma Bakanl\u0131\u011f\u0131 ve Hindistan \u015eam B\u00fcy\u00fckel\u00e7ili\u011fi, \u015eam&#8217;daki Engelliler Mesleki Rehabilitasyon Enstit\u00fcs\u00fc&#8217;nde sava\u015f yaral\u0131lar\u0131 ve engelliler i\u00e7in 500 adet alt protez kurulumu i\u00e7in ikinci kamp\u0131 ba\u015flatt\u0131. #Telegram_Kanal\u0131m\u0131z:\u00a0https:\/\/t.me\/SuriyeArapHaberAjans\u0131<\/p>\n","protected":false},"author":41,"featured_media":263543,"comment_status":"closed","ping_status":"closed","sticky":false,"template":"","format":"standard","meta":{"footnotes":""},"categories":[479,17988,478],"tags":[],"class_list":["post-263542","post","type-post","status-publish","format-standard","has-post-thumbnail","","category-haberler-yerel","category-son-haberler","category-yerel"],"_links":{"self":[{"href":"https:\/\/archive.sana.sy\/tr\/index.php?rest_route=\/wp\/v2\/posts\/263542","targetHints":{"allow":["GET"]}}],"collection":[{"href":"https:\/\/archive.sana.sy\/tr\/index.php?rest_route=\/wp\/v2\/posts"}],"about":[{"href":"https:\/\/archive.sana.sy\/tr\/index.php?rest_route=\/wp\/v2\/types\/post"}],"author":[{"embeddable":true,"href":"https:\/\/archive.sana.sy\/tr\/index.php?rest_route=\/wp\/v2\/users\/41"}],"replies":[{"embeddable":true,"href":"https:\/\/archive.sana.sy\/tr\/index.php?rest_route=%2Fwp%2Fv2%2Fcomments&post=263542"}],"version-history":[{"count":0,"href":"https:\/\/archive.sana.sy\/tr\/index.php?rest_route=\/wp\/v2\/posts\/263542\/revisions"}],"wp:featuredmedia":[{"embeddable":true,"href":"https:\/\/archive.sana.sy\/tr\/index.php?rest_route=\/wp\/v2\/media\/263543"}],"wp:attachment":[{"href":"https:\/\/archive.sana.sy\/tr\/index.php?rest_route=%2Fwp%2Fv2%2Fmedia&parent=263542"}],"wp:term":[{"taxonomy":"category","embeddable":true,"href":"https:\/\/archive.sana.sy\/tr\/index.php?rest_route=%2Fwp%2Fv2%2Fcategories&post=263542"},{"taxonomy":"post_tag","embeddable":true,"href":"https:\/\/archive.sana.sy\/tr\/index.php?rest_route=%2Fwp%2Fv2%2Ftags&post=263542"}],"curies":[{"name":"wp","href":"https:\/\/api.w.org\/{rel}","templated":true}]}}