{"id":263548,"date":"2022-10-02T17:00:59","date_gmt":"2022-10-02T14:00:59","guid":{"rendered":"http:\/\/107.6.182.27\/tr\/?p=263548"},"modified":"2022-10-03T08:13:26","modified_gmt":"2022-10-03T05:13:26","slug":"caferi-hindistan-disisleri-bakan-yardimcisi-ile-ortak-cikarlari-ilgilendiren-bir-dizi-konuyu-gorusuyor","status":"publish","type":"post","link":"https:\/\/archive.sana.sy\/tr\/?p=263548","title":{"rendered":"Caferi, Hindistan D\u0131\u015fi\u015fleri Bakan Yard\u0131mc\u0131s\u0131 ile Ortak \u00c7\u0131karlar\u0131 \u0130lgilendiren Bir Dizi Konuyu G\u00f6r\u00fc\u015f\u00fcyor"},"content":{"rendered":"<p>\u015eAM \u2013 D\u0131\u015fi\u015fleri ve Gurbet\u00e7iler Bakan Yard\u0131mc\u0131s\u0131 Be\u015f\u015far Caferi, bug\u00fcn Hindistan D\u0131\u015fi\u015fleri Bakan Yard\u0131mc\u0131s\u0131 Avsaf Seyyid ve beraberindeki heyet ile yapt\u0131\u011f\u0131 g\u00f6r\u00fc\u015fmede, Suriye ile Hindistan aras\u0131ndaki ikili ili\u015fkilerin derinli\u011fini ve g\u00fc\u00e7lendirilmesinin gerekti\u011fini vurgulad\u0131.<\/p>\n<p>Caferi g\u00f6r\u00fc\u015fmede, Suriye-Hindistan ili\u015fkilerinin sahip oldu\u011fu eski medeni ba\u011flardan ve iki \u00fclke aras\u0131ndaki ikili d\u00fczeydeki se\u00e7kin siyasi ili\u015fkilerden ve bir\u00e7ok siyasi ve ilkeli konuda yan yana durduklar\u0131ndan bahsetti.<\/p>\n<p><img loading=\"lazy\" decoding=\"async\" class=\"size-medium wp-image-263550 alignright\" src=\"http:\/\/107.6.182.27\/tr\/wp-content\/uploads\/2022\/10\/MAH_6248-copy-300x189.jpg\" alt=\"\" width=\"300\" height=\"189\" srcset=\"https:\/\/archive.sana.sy\/tr\/wp-content\/uploads\/2022\/10\/MAH_6248-copy-300x189.jpg 300w, https:\/\/archive.sana.sy\/tr\/wp-content\/uploads\/2022\/10\/MAH_6248-copy-150x94.jpg 150w, https:\/\/archive.sana.sy\/tr\/wp-content\/uploads\/2022\/10\/MAH_6248-copy.jpg 660w\" sizes=\"auto, (max-width: 300px) 100vw, 300px\" \/>Caferi ayr\u0131ca, iki \u00fclke aras\u0131ndaki ortak i\u015fbirli\u011fini her d\u00fczeyde g\u00fc\u00e7lendirme ihtiyac\u0131na dikkat \u00e7ekerek, Hindistan&#8217;\u0131n ter\u00f6rizme kar\u015f\u0131 sava\u015f\u0131nda Suriye&#8217;ye kar\u015f\u0131 destekleyici tutumlar\u0131n\u0131 takdir etti\u011fini ve ter\u00f6r sava\u015f\u0131n\u0131n ve Covid-19 krizinin yans\u0131malar\u0131yla y\u00fczle\u015fmek i\u00e7in Hindistan&#8217;\u0131n ge\u00e7ti\u011fimiz d\u00f6nemde g\u00f6nderdi\u011fi yard\u0131m i\u00e7in minnettarl\u0131\u011f\u0131n\u0131 ifade etti.<\/p>\n<p>Avsaf Seyyid ise, Suriye ile Hindistan aras\u0131nda gelecekte uygulanmas\u0131 beklenen \u00f6zellikle teknik, sa\u011fl\u0131k, k\u00fclt\u00fcrel, bilimsel ve sanatsal alanlarda bir dizi konuyu g\u00f6zden ge\u00e7irerek, Hindistan H\u00fck\u00fcmetinin, engelli insanlar i\u00e7in yapay uzuvlar ve ekipman temini de dahil olmak \u00fczere, insani nitelikteki projeleri finanse etmek ve uygulamak i\u00e7in hibeler sa\u011flad\u0131\u011f\u0131n\u0131 kaydetti.<\/p>\n<p>Toplant\u0131ya, \u00a0Arap \u0130\u015fleri Dairesi Ba\u015fkan\u0131 \u00a0Riyad Abbas, Protokol Dairesi Ba\u015fkan\u0131 B\u00fcy\u00fckel\u00e7i Unfuan El Naib, Afro-Asya \u0130\u015fleri Dairesi M\u00fcd\u00fcr\u00fc Ramiz El Rai, Medya M\u00fcd\u00fcr\u00fc Verif El Halabi ve \u015eam&#8217;daki Hindistan B\u00fcy\u00fckel\u00e7ili\u011fi Maslahatg\u00fczar\u0131 Satinder Kumar Yadav kat\u0131ld\u0131.<\/p>\n<p><a class=\"qi72231t nu7423ey n3hqoq4p r86q59rh b3qcqh3k fq87ekyn bdao358l fsf7x5fv rse6dlih s5oniofx m8h3af8h l7ghb35v kjdc1dyq kmwttqpk srn514ro oxkhqvkx rl78xhln nch0832m cr00lzj9 rn8ck1ys s3jn8y49 icdlwmnq cxfqmxzd d1w2l3lo tes86rjd\" tabindex=\"0\" role=\"link\" href=\"https:\/\/www.facebook.com\/hashtag\/telegram_kanal%C4%B1m%C4%B1z?__eep__=6&amp;__cft__[0]=AZXDV-EbEh7Q0uuSu3aUOf72InINlYeQuXoZ1IEGaUmLP8nMxiBsXbz2wYSVdboBKcNBUIaQSABvMRavMbt9j_XOjZ0tRQJ2jHSfwEEMts83JyaQIZM6MYRR7m20YuOEAt8gyuolhTTohtH6WSpxSqyUbNwmDSWndTcjcUT-247w4Q&amp;__tn__=*NK-R\">#Telegram_Kanal\u0131m\u0131z<\/a>:\u00a0<a class=\"qi72231t nu7423ey n3hqoq4p r86q59rh b3qcqh3k fq87ekyn bdao358l fsf7x5fv rse6dlih s5oniofx m8h3af8h l7ghb35v kjdc1dyq kmwttqpk srn514ro oxkhqvkx rl78xhln nch0832m cr00lzj9 rn8ck1ys s3jn8y49 icdlwmnq cxfqmxzd ezidihy3\" tabindex=\"0\" role=\"link\" href=\"https:\/\/t.me\/SuriyeArapHaberAjans?fbclid=IwAR2vhfBDPbAH99VviWHjmMXAhXXcD1eOrHQrvR8Ny-CaZwQjq-IexAle9Ko\" target=\"_blank\" rel=\"nofollow noopener\">https:\/\/t.me\/SuriyeArapHaberAjans<\/a>\u0131<\/p>\n","protected":false},"excerpt":{"rendered":"<p>\u015eAM \u2013 D\u0131\u015fi\u015fleri ve Gurbet\u00e7iler Bakan Yard\u0131mc\u0131s\u0131 Be\u015f\u015far Caferi, bug\u00fcn Hindistan D\u0131\u015fi\u015fleri Bakan Yard\u0131mc\u0131s\u0131 Avsaf Seyyid ve beraberindeki heyet ile yapt\u0131\u011f\u0131 g\u00f6r\u00fc\u015fmede, Suriye ile Hindistan aras\u0131ndaki ikili ili\u015fkilerin derinli\u011fini ve g\u00fc\u00e7lendirilmesinin gerekti\u011fini vurgulad\u0131. Caferi g\u00f6r\u00fc\u015fmede, Suriye-Hindistan ili\u015fkilerinin sahip oldu\u011fu eski medeni ba\u011flardan ve iki \u00fclke aras\u0131ndaki ikili d\u00fczeydeki se\u00e7kin siyasi ili\u015fkilerden ve bir\u00e7ok siyasi ve &hellip;<\/p>\n","protected":false},"author":41,"featured_media":263549,"comment_status":"closed","ping_status":"closed","sticky":false,"template":"","format":"standard","meta":{"footnotes":""},"categories":[458,459,17988],"tags":[],"class_list":["post-263548","post","type-post","status-publish","format-standard","has-post-thumbnail","","category-dunya1","category-haberler-arap-uluslararasi-politika","category-son-haberler"],"_links":{"self":[{"href":"https:\/\/archive.sana.sy\/tr\/index.php?rest_route=\/wp\/v2\/posts\/263548","targetHints":{"allow":["GET"]}}],"collection":[{"href":"https:\/\/archive.sana.sy\/tr\/index.php?rest_route=\/wp\/v2\/posts"}],"about":[{"href":"https:\/\/archive.sana.sy\/tr\/index.php?rest_route=\/wp\/v2\/types\/post"}],"author":[{"embeddable":true,"href":"https:\/\/archive.sana.sy\/tr\/index.php?rest_route=\/wp\/v2\/users\/41"}],"replies":[{"embeddable":true,"href":"https:\/\/archive.sana.sy\/tr\/index.php?rest_route=%2Fwp%2Fv2%2Fcomments&post=263548"}],"version-history":[{"count":0,"href":"https:\/\/archive.sana.sy\/tr\/index.php?rest_route=\/wp\/v2\/posts\/263548\/revisions"}],"wp:featuredmedia":[{"embeddable":true,"href":"https:\/\/archive.sana.sy\/tr\/index.php?rest_route=\/wp\/v2\/media\/263549"}],"wp:attachment":[{"href":"https:\/\/archive.sana.sy\/tr\/index.php?rest_route=%2Fwp%2Fv2%2Fmedia&parent=263548"}],"wp:term":[{"taxonomy":"category","embeddable":true,"href":"https:\/\/archive.sana.sy\/tr\/index.php?rest_route=%2Fwp%2Fv2%2Fcategories&post=263548"},{"taxonomy":"post_tag","embeddable":true,"href":"https:\/\/archive.sana.sy\/tr\/index.php?rest_route=%2Fwp%2Fv2%2Ftags&post=263548"}],"curies":[{"name":"wp","href":"https:\/\/api.w.org\/{rel}","templated":true}]}}