{"id":263575,"date":"2022-10-03T09:34:10","date_gmt":"2022-10-03T06:34:10","guid":{"rendered":"http:\/\/107.6.182.27\/tr\/?p=263575"},"modified":"2022-10-04T08:06:05","modified_gmt":"2022-10-04T05:06:05","slug":"ramallahta-israil-isgal-guclerinin-kursunlariyla-2-filistinli-sehit-dustu-ve-bir-kisi-de-yaralandi","status":"publish","type":"post","link":"https:\/\/archive.sana.sy\/tr\/?p=263575","title":{"rendered":"Ramallah&#8217;ta \u0130srail \u0130\u015fgal G\u00fc\u00e7lerinin Kur\u015funlariyla 2 Filistinli \u015eehit D\u00fc\u015ft\u00fc Ve Bir Ki\u015fi De Yaraland\u0131"},"content":{"rendered":"<p>\u0130\u015eGAL ED\u0130LEN KUD\u00dcS \u2013 Bat\u0131 Yaka&#8217;n\u0131n Ramallah kentinin kuzeyindeki El Celzun kamp\u0131nda \u0130srail i\u015fgal g\u00fc\u00e7lerinin kur\u015funlar\u0131yla 2 Filistinli \u015fehit d\u00fc\u015ft\u00fc, bir ki\u015fi de yaraland\u0131.<\/p>\n<p>Filistinli MAAN Haber Ajans\u0131, i\u015fgal g\u00fc\u00e7lerinin, Ramallah\u2019taki El Terbiye ve El Talim Banliy\u00f6s\u00fc&#8217;ne bask\u0131n d\u00fczenledi\u011fini, bir Filistinli arac\u0131na ate\u015f a\u00e7arak iki Filistinliyi \u015eehit d\u00fc\u015ft\u00fc\u011f\u00fcn\u00fc ve bir Filistinliyi yaralad\u0131\u011f\u0131n\u0131 belirtti.<\/p>\n<p><a class=\"qi72231t nu7423ey n3hqoq4p r86q59rh b3qcqh3k fq87ekyn bdao358l fsf7x5fv rse6dlih s5oniofx m8h3af8h l7ghb35v kjdc1dyq kmwttqpk srn514ro oxkhqvkx rl78xhln nch0832m cr00lzj9 rn8ck1ys s3jn8y49 icdlwmnq cxfqmxzd d1w2l3lo tes86rjd\" tabindex=\"0\" role=\"link\" href=\"https:\/\/www.facebook.com\/hashtag\/telegram_kanal%C4%B1m%C4%B1z?__eep__=6&amp;__cft__[0]=AZXOUR6Hr2Rcnzf3OeIsTWtsnpuEc4XHz3sfONedC-ia5SQVT6Fw8WZ-Sfyk1MJ-mWz2n1wTwsNkuwP3iWsCTS5d1VwW7GXoJTDO_RG76VOO9KSvr1nxzXxv1BvDy3UkCH4&amp;__tn__=*NK-R\">#Telegram_Kanal\u0131m\u0131z<\/a>: <a class=\"qi72231t nu7423ey n3hqoq4p r86q59rh b3qcqh3k fq87ekyn bdao358l fsf7x5fv rse6dlih s5oniofx m8h3af8h l7ghb35v kjdc1dyq kmwttqpk srn514ro oxkhqvkx rl78xhln nch0832m cr00lzj9 rn8ck1ys s3jn8y49 icdlwmnq cxfqmxzd ezidihy3\" tabindex=\"0\" role=\"link\" href=\"https:\/\/t.me\/SuriyeArapHaberAjans%C4%B1?fbclid=IwAR3XFhRdV3A5n6hcELjXSGM1aLA6fpuAjK7o47lrCjUMnQXPTaRUEfctNzo\" target=\"_blank\" rel=\"nofollow noopener\">https:\/\/t.me\/SuriyeArapHaberAjans\u0131<\/a><\/p>\n","protected":false},"excerpt":{"rendered":"<p>\u0130\u015eGAL ED\u0130LEN KUD\u00dcS \u2013 Bat\u0131 Yaka&#8217;n\u0131n Ramallah kentinin kuzeyindeki El Celzun kamp\u0131nda \u0130srail i\u015fgal g\u00fc\u00e7lerinin kur\u015funlar\u0131yla 2 Filistinli \u015fehit d\u00fc\u015ft\u00fc, bir ki\u015fi de yaraland\u0131. Filistinli MAAN Haber Ajans\u0131, i\u015fgal g\u00fc\u00e7lerinin, Ramallah\u2019taki El Terbiye ve El Talim Banliy\u00f6s\u00fc&#8217;ne bask\u0131n d\u00fczenledi\u011fini, bir Filistinli arac\u0131na ate\u015f a\u00e7arak iki Filistinliyi \u015eehit d\u00fc\u015ft\u00fc\u011f\u00fcn\u00fc ve bir Filistinliyi yaralad\u0131\u011f\u0131n\u0131 belirtti. #Telegram_Kanal\u0131m\u0131z: https:\/\/t.me\/SuriyeArapHaberAjans\u0131<\/p>\n","protected":false},"author":39,"featured_media":263576,"comment_status":"closed","ping_status":"closed","sticky":false,"template":"","format":"standard","meta":{"footnotes":""},"categories":[458,459,17988],"tags":[],"class_list":["post-263575","post","type-post","status-publish","format-standard","has-post-thumbnail","","category-dunya1","category-haberler-arap-uluslararasi-politika","category-son-haberler"],"_links":{"self":[{"href":"https:\/\/archive.sana.sy\/tr\/index.php?rest_route=\/wp\/v2\/posts\/263575","targetHints":{"allow":["GET"]}}],"collection":[{"href":"https:\/\/archive.sana.sy\/tr\/index.php?rest_route=\/wp\/v2\/posts"}],"about":[{"href":"https:\/\/archive.sana.sy\/tr\/index.php?rest_route=\/wp\/v2\/types\/post"}],"author":[{"embeddable":true,"href":"https:\/\/archive.sana.sy\/tr\/index.php?rest_route=\/wp\/v2\/users\/39"}],"replies":[{"embeddable":true,"href":"https:\/\/archive.sana.sy\/tr\/index.php?rest_route=%2Fwp%2Fv2%2Fcomments&post=263575"}],"version-history":[{"count":0,"href":"https:\/\/archive.sana.sy\/tr\/index.php?rest_route=\/wp\/v2\/posts\/263575\/revisions"}],"wp:featuredmedia":[{"embeddable":true,"href":"https:\/\/archive.sana.sy\/tr\/index.php?rest_route=\/wp\/v2\/media\/263576"}],"wp:attachment":[{"href":"https:\/\/archive.sana.sy\/tr\/index.php?rest_route=%2Fwp%2Fv2%2Fmedia&parent=263575"}],"wp:term":[{"taxonomy":"category","embeddable":true,"href":"https:\/\/archive.sana.sy\/tr\/index.php?rest_route=%2Fwp%2Fv2%2Fcategories&post=263575"},{"taxonomy":"post_tag","embeddable":true,"href":"https:\/\/archive.sana.sy\/tr\/index.php?rest_route=%2Fwp%2Fv2%2Ftags&post=263575"}],"curies":[{"name":"wp","href":"https:\/\/api.w.org\/{rel}","templated":true}]}}