{"id":263774,"date":"2022-10-06T09:25:33","date_gmt":"2022-10-06T06:25:33","guid":{"rendered":"http:\/\/107.6.182.27\/tr\/?p=263774"},"modified":"2022-10-08T09:29:22","modified_gmt":"2022-10-08T06:29:22","slug":"tisrin-kurtulus-savasi-suriyelilerin-iradesini-vatanlarini-savunmaya-adayan-parlak-bir-mucadele-istasyonu","status":"publish","type":"post","link":"https:\/\/archive.sana.sy\/tr\/?p=263774","title":{"rendered":"Ti\u015frin \u00a0Kurtulu\u015f Sava\u015f\u0131.. Suriyelilerin \u0130radesini Vatanlar\u0131n\u0131 Savunmaya Adayan Parlak Bir M\u00fccadele \u0130stasyonu"},"content":{"rendered":"<p>\u015eAM \u2013 Bug\u00fcn, Arap-\u0130srail \u00e7at\u0131\u015fmas\u0131n\u0131n seyrindeki en \u00f6nemli istasyon olan Ti\u015frin Kurtulu\u015f Sava\u015f\u0131&#8217;n\u0131n ve Golan ve Sina&#8217;daki Siyonist d\u00fc\u015fmanla kar\u015f\u0131 kar\u015f\u0131ya gelinen alanlar\u0131n y\u0131ld\u00f6n\u00fcm\u00fc.<\/p>\n<p>Ti\u015frin kurtulu\u015f sava\u015f\u0131, i\u00e7eri\u011finde Suriye co\u011frafyas\u0131n\u0131n son on y\u0131lda Suriyelileri, devletlerini ve ba\u011f\u0131ms\u0131z varl\u0131\u011f\u0131n\u0131 hedef alan sald\u0131rgan ve ter\u00f6rist bir sava\u015fla kar\u015f\u0131 kar\u015f\u0131ya kald\u0131\u011f\u0131 sava\u015flara benzer.<\/p>\n<p>Sald\u0131rganl\u0131\u011f\u0131n, ara\u00e7lar\u0131n\u0131n ve ama\u00e7lar\u0131n\u0131n benzerli\u011fi, Ti\u015frin Kurtulu\u015f Sava\u015f\u0131&#8217;n\u0131n y\u0131ld\u00f6n\u00fcm\u00fcn\u00fc her y\u0131l kutlanan bir olaydan daha fazlas\u0131 k\u0131l\u0131yor, \u00e7\u00fcnk\u00fc Suriye&#8217;de ve b\u00f6lgedeki di\u011fer \u00fclkelerde ter\u00f6rle m\u00fccadele alanlar\u0131nda ya\u015fanan bir ger\u00e7ekli\u011fe d\u00f6n\u00fc\u015ft\u00fc.<\/p>\n<p>Arap ulusunu ve varl\u0131\u011f\u0131n\u0131 savunma sava\u015f\u0131, 1973&#8217;\u00fcn alt\u0131nc\u0131 Ekim \u00f6\u011fleden sonra saat ikide Ti\u015frin kurtulu\u015f sava\u015f\u0131nda s\u0131f\u0131r saatinin ba\u015flad\u0131\u011f\u0131ndan beri devam ediyor.<\/p>\n<p>Ti\u015frin kurtulu\u015f sava\u015f\u0131n\u0131n Bat\u0131&#8217;dan Do\u011fu&#8217;ya t\u00fcm d\u00fcnyay\u0131 sarsan \u00e7ok b\u00fcy\u00fck etkileri ve sonu\u00e7lar\u0131 oldu ve uluslararas\u0131 toplumun Araplara bak\u0131\u015f\u0131 \u00f6nceki Araplara bak\u0131\u015f\u0131ndan farkl\u0131la\u015ft\u0131.<\/p>\n<p><span style=\"color: #0000ff;\">#Telegram_Kanal\u0131m\u0131z: https:\/\/t.me\/SuriyeArapHaberAjans\u0131<\/span><\/p>\n","protected":false},"excerpt":{"rendered":"<p>\u015eAM \u2013 Bug\u00fcn, Arap-\u0130srail \u00e7at\u0131\u015fmas\u0131n\u0131n seyrindeki en \u00f6nemli istasyon olan Ti\u015frin Kurtulu\u015f Sava\u015f\u0131&#8217;n\u0131n ve Golan ve Sina&#8217;daki Siyonist d\u00fc\u015fmanla kar\u015f\u0131 kar\u015f\u0131ya gelinen alanlar\u0131n y\u0131ld\u00f6n\u00fcm\u00fc. Ti\u015frin kurtulu\u015f sava\u015f\u0131, i\u00e7eri\u011finde Suriye co\u011frafyas\u0131n\u0131n son on y\u0131lda Suriyelileri, devletlerini ve ba\u011f\u0131ms\u0131z varl\u0131\u011f\u0131n\u0131 hedef alan sald\u0131rgan ve ter\u00f6rist bir sava\u015fla kar\u015f\u0131 kar\u015f\u0131ya kald\u0131\u011f\u0131 sava\u015flara benzer. Sald\u0131rganl\u0131\u011f\u0131n, ara\u00e7lar\u0131n\u0131n ve ama\u00e7lar\u0131n\u0131n benzerli\u011fi, &hellip;<\/p>\n","protected":false},"author":36,"featured_media":263775,"comment_status":"closed","ping_status":"closed","sticky":false,"template":"","format":"standard","meta":{"footnotes":""},"categories":[479,17988,478],"tags":[],"class_list":["post-263774","post","type-post","status-publish","format-standard","has-post-thumbnail","","category-haberler-yerel","category-son-haberler","category-yerel"],"_links":{"self":[{"href":"https:\/\/archive.sana.sy\/tr\/index.php?rest_route=\/wp\/v2\/posts\/263774","targetHints":{"allow":["GET"]}}],"collection":[{"href":"https:\/\/archive.sana.sy\/tr\/index.php?rest_route=\/wp\/v2\/posts"}],"about":[{"href":"https:\/\/archive.sana.sy\/tr\/index.php?rest_route=\/wp\/v2\/types\/post"}],"author":[{"embeddable":true,"href":"https:\/\/archive.sana.sy\/tr\/index.php?rest_route=\/wp\/v2\/users\/36"}],"replies":[{"embeddable":true,"href":"https:\/\/archive.sana.sy\/tr\/index.php?rest_route=%2Fwp%2Fv2%2Fcomments&post=263774"}],"version-history":[{"count":0,"href":"https:\/\/archive.sana.sy\/tr\/index.php?rest_route=\/wp\/v2\/posts\/263774\/revisions"}],"wp:featuredmedia":[{"embeddable":true,"href":"https:\/\/archive.sana.sy\/tr\/index.php?rest_route=\/wp\/v2\/media\/263775"}],"wp:attachment":[{"href":"https:\/\/archive.sana.sy\/tr\/index.php?rest_route=%2Fwp%2Fv2%2Fmedia&parent=263774"}],"wp:term":[{"taxonomy":"category","embeddable":true,"href":"https:\/\/archive.sana.sy\/tr\/index.php?rest_route=%2Fwp%2Fv2%2Fcategories&post=263774"},{"taxonomy":"post_tag","embeddable":true,"href":"https:\/\/archive.sana.sy\/tr\/index.php?rest_route=%2Fwp%2Fv2%2Ftags&post=263774"}],"curies":[{"name":"wp","href":"https:\/\/api.w.org\/{rel}","templated":true}]}}