{"id":26380,"date":"2015-03-13T14:24:49","date_gmt":"2015-03-13T12:24:49","guid":{"rendered":"http:\/\/www.sana.sy\/tr\/?p=26380"},"modified":"2015-03-14T15:03:18","modified_gmt":"2015-03-14T13:03:18","slug":"suriyeli-kadinin-yasadigi-acilarin-ana-nedeni-terordur","status":"publish","type":"post","link":"https:\/\/archive.sana.sy\/tr\/?p=26380","title":{"rendered":"Suriyeli Kad\u0131n\u0131n Ya\u015fad\u0131\u011f\u0131 Ac\u0131lar\u0131n Ana Nedeni Ter\u00f6rd\u00fcr"},"content":{"rendered":"<p>NEW YORK \u2013 Suriye&#8217;nin Birle\u015fmi\u015f Milletlerdeki Daimi Temsilcisi Be\u015f\u015far el Caferi kimi devletlerin; Suriye&#8217;de genel olarak t\u00fcm halk olmak \u00fczere \u00f6zellikle Suriye kad\u0131n\u0131n\u0131n \u00e7ekti\u011fi b\u00fcy\u00fck ac\u0131lar\u0131n ana nedeninin, kendi h\u00fck\u00fcmetlerinin ter\u00f6r \u00f6rg\u00fctlere verdikleri destek oldu\u011funu g\u00f6rmezden geldiklerine dikkat \u00e7ekti.<\/p>\n<p>Caferi BM\u2019de Kad\u0131n Durumu Komisyonunun d\u00fczenledi\u011fi 59. Oturumda okudu\u011fu Suriye beyan\u0131nda; kimi devletlerin Suriye&#8217;de kad\u0131n\u0131n \u00e7ekti\u011fi ac\u0131lar ve ya\u015fad\u0131 durumlara timsah g\u00f6zya\u015flar\u0131 d\u00f6kt\u00fcklerini ifade etti. S\u00f6z konusu ayn\u0131 devletlerin Suriye&#8217;de \u00e7okuluslu, radikal ve vatan haini ter\u00f6r \u00e7etelerin t\u00fcm\u00fcne \u2018\u0131l\u0131ml\u0131 muhalifler\u2019 ad\u0131n\u0131 vererek her t\u00fcrl\u00fc deste\u011fi sa\u011flad\u0131klar\u0131na vurgu yapan Caferi; bu devletlerin ter\u00f6ristleri d\u00fcnyan\u0131n her yerinden \u00f6rg\u00fctlediklerini, silah ve finans sa\u011flad\u0131klar\u0131n\u0131, g\u00fcvenli bar\u0131nak ve ge\u00e7it temin ettiklerini, topraklar\u0131nda ter\u00f6r e\u011fitimi verdiklerini ve ard\u0131ndan da her t\u00fcrl\u00fc vah\u015feti i\u015flemek i\u00e7in Suriye&#8217;ye seferber ettiklerine dikkat \u00e7ekti.<\/p>\n<p>Caferi Suriye&#8217;de \u2018\u0131l\u0131ml\u0131 muhalifler\u2019 ad\u0131 verilen ter\u00f6r \u00e7etelerin Suriyeli kad\u0131nlar\u0131, gen\u00e7 k\u0131zlar\u0131 ve hatta k\u0131z \u00e7ocuklar\u0131 da nas\u0131l kulland\u0131klar\u0131na dikkat \u00e7ekti. Ter\u00f6ristlerin onlar\u0131 destekleyen ve komuta eden taraflarla i\u015fbirli\u011fi i\u00e7inde Suriyeli k\u0131zlar\u0131 nas\u0131l seks i\u015f\u00e7ileri olarak kullan\u0131p satt\u0131klar\u0131na vurgu yapan Caferi; ayn\u0131 h\u00fck\u00fcmetlerin destekledikleri radikal ter\u00f6ristlerin de k\u0131zlar\u0131 s\u00f6zde cihat nikah\u0131nda nas\u0131l kulland\u0131klar\u0131na dikkat \u00e7ekti.<\/p>\n<p>Caferi Suriye&#8217;de kad\u0131na, \u00e7ocuklara ve t\u00fcm masum insanlara i\u015flenen bu deh\u015fet verici vah\u015fet kar\u015f\u0131s\u0131nda BM kad\u0131n komitesi dahil d\u00fcnya kamuoyunun tak\u0131nd\u0131\u011f\u0131 sessiz tutumun ger\u00e7ekten esef verici oldu\u011funu ifade etti.<\/p>\n<p>Bu ter\u00f6r \u00e7etelerin masum sivil insanlara kar\u015f\u0131 herhangi bir ay\u0131r\u0131m g\u00f6zetmeksizin vah\u015fet dolu eylemler ger\u00e7ekle\u015ftirdiklerini belirten Caferi; t\u00fcm kanunlar, ilkeler, yasalar ve tan\u0131mlar kapsam\u0131nda ter\u00f6rist bilinen s\u00f6z konusu ter\u00f6r \u00e7etelerin adlar\u0131n\u0131 \u2018\u0131l\u0131ml\u0131 muhalifler\u2019 olarak adland\u0131rman\u0131n ger\u00e7e\u011fi hi\u00e7bir \u015fekilde de\u011fi\u015ftirmeyece\u011finin alt\u0131n\u0131 \u00e7izdi.<\/p>\n<p>BM genel sekreteri, temsilcileri, g\u00fcvenlik konseyi ve oturumda yer alan \u00e7ok say\u0131da devletin uzun s\u00fcren bir inkardan sonra Suriye&#8217;de mevcut ter\u00f6r\u00fc itiraf ettiklerine dikkat \u00e7eken Caferi; bu itiraf\u0131n ter\u00f6r\u00fcn Suriye&#8217;de on binlerce masum can\u0131 almas\u0131ndan sonra gelmesinin esef verici oldu\u011funu belirti.\u00a0 Caferi Suriye&#8217;de kad\u0131n \u00e7ocuk, ya\u015fl\u0131 demeden vah\u015fice ve gaddarca katleden, altyap\u0131 ve hizmet kurumlar\u0131n\u0131 sistematik bir \u015fekilde sabote eden ter\u00f6r\u00fcn Suriyeli kad\u0131nlar ba\u015fta olmak \u00fczere t\u00fcm Suriyelilerin ya\u015fad\u0131klar\u0131 ac\u0131lar\u0131n ana nedeni oldu\u011funa bir kez daha vurgu yapt\u0131.<\/p>\n<p>Dolay\u0131s\u0131yla Suriye&#8217;de kad\u0131nlar ve t\u00fcm halk\u0131n ac\u0131lar\u0131na son vermek i\u00e7in her \u015feyden \u00f6nce ter\u00f6re verilen deste\u011fin kesilmesi gerekti\u011fine dikkat \u00e7eken Caferi; bu ba\u011flamda ciddi ve d\u00fcr\u00fcst \u00e7abalar\u0131n ter\u00f6r\u00fc destekleyen devletleri bu desteklerini kesmeye zorlanmalar\u0131yla ba\u015flamas\u0131 gerekti\u011fini ifade etti.<\/p>\n<p>Caferi; BM ve uluslar aras\u0131 toplumda Suriye&#8217;de vah\u015fet dolu ter\u00f6r\u00fcn itiraf edilmesine ra\u011fmen kimi devletlerin bu vah\u015fetleri i\u015fleyenlerin ad\u0131n\u0131 \u2018\u0131l\u0131ml\u0131 muhalifler\u2019 olarak de\u011fi\u015ftirmeye \u00e7al\u0131\u015f\u0131p desteklerini s\u00fcrd\u00fcrmelerine \u0131srarl\u0131 olduklar\u0131n\u0131 s\u00f6yledi. Bu devletlerin ter\u00f6rle m\u00fccadelede ciddiyetsizliklerine dikkat \u00e7eken Caferi; G\u00fcvenlik Konseyinin ter\u00f6rle m\u00fccadele kararlar\u0131n\u0131 kendilerine g\u00f6re yorumlad\u0131klar\u0131n\u0131, BM misak\u0131 ve uluslar aras\u0131 kararlarda \u00e7ifte standartl\u0131 tutum ve politikalar izlediklerini belirtti.<\/p>\n<p>Caferi BM kad\u0131n komitesi ve BM\u2019ye tabi t\u00fcm kurumlar\u0131n Suriye&#8217;de kad\u0131n\u0131n ekonomik ve sosyal a\u00e7\u0131dan g\u00fc\u00e7lendirilmesi, maruz kald\u0131\u011f\u0131 ter\u00f6rist dayatmalardan kurtulmas\u0131 i\u00e7in Suriye h\u00fck\u00fcmetini desteklemeye davet etti.<\/p>\n<p>Beyan\u0131n\u0131n bitiminde Caferi; BM kurum ve komitelerinin yan\u0131 s\u0131ra t\u00fcm uluslar aras\u0131 toplumu Filistin ve Golan\u2019da \u0130srail dayatmalar\u0131 ve ter\u00f6r\u00fcne kar\u015f\u0131 direnen kad\u0131nlar\u0131 da desteklemesine \u00e7a\u011f\u0131rd\u0131.<br \/>\nA.A. &#8211; R.H.<\/p>\n","protected":false},"excerpt":{"rendered":"<p>NEW YORK \u2013 Suriye&#8217;nin Birle\u015fmi\u015f Milletlerdeki Daimi Temsilcisi Be\u015f\u015far el Caferi kimi devletlerin; Suriye&#8217;de genel olarak t\u00fcm halk olmak \u00fczere \u00f6zellikle Suriye kad\u0131n\u0131n\u0131n \u00e7ekti\u011fi b\u00fcy\u00fck ac\u0131lar\u0131n ana nedeninin, kendi h\u00fck\u00fcmetlerinin ter\u00f6r \u00f6rg\u00fctlere verdikleri destek oldu\u011funu g\u00f6rmezden geldiklerine dikkat \u00e7ekti. Caferi BM\u2019de Kad\u0131n Durumu Komisyonunun d\u00fczenledi\u011fi 59. Oturumda okudu\u011fu Suriye beyan\u0131nda; kimi devletlerin Suriye&#8217;de kad\u0131n\u0131n \u00e7ekti\u011fi &hellip;<\/p>\n","protected":false},"author":1,"featured_media":26381,"comment_status":"closed","ping_status":"closed","sticky":false,"template":"","format":"standard","meta":{"footnotes":""},"categories":[458,459,2554,2555],"tags":[12498,12497],"class_list":["post-26380","post","type-post","status-publish","format-standard","has-post-thumbnail","","category-dunya1","category-haberler-arap-uluslararasi-politika","category-suriye-ve-dunya","category-suriye-ve-turkiye","tag-kendi-hukumetlerinin-teror-orgutlere-verdikleri-destek-oldugunu-gormezden-geldiklerine-dikkat-cekti","tag-suriyeli-kadinin-yasadigi-acilarin-ana-nedeni-terordur-new-york-suriyenin-birlesmis-milletlerdeki-daimi-temsilcisi-bessar-el-caferi-kimi-devletlerin-suriyede-genel-olarak-tum-halk-olmak-u"],"_links":{"self":[{"href":"https:\/\/archive.sana.sy\/tr\/index.php?rest_route=\/wp\/v2\/posts\/26380","targetHints":{"allow":["GET"]}}],"collection":[{"href":"https:\/\/archive.sana.sy\/tr\/index.php?rest_route=\/wp\/v2\/posts"}],"about":[{"href":"https:\/\/archive.sana.sy\/tr\/index.php?rest_route=\/wp\/v2\/types\/post"}],"author":[{"embeddable":true,"href":"https:\/\/archive.sana.sy\/tr\/index.php?rest_route=\/wp\/v2\/users\/1"}],"replies":[{"embeddable":true,"href":"https:\/\/archive.sana.sy\/tr\/index.php?rest_route=%2Fwp%2Fv2%2Fcomments&post=26380"}],"version-history":[{"count":0,"href":"https:\/\/archive.sana.sy\/tr\/index.php?rest_route=\/wp\/v2\/posts\/26380\/revisions"}],"wp:featuredmedia":[{"embeddable":true,"href":"https:\/\/archive.sana.sy\/tr\/index.php?rest_route=\/wp\/v2\/media\/26381"}],"wp:attachment":[{"href":"https:\/\/archive.sana.sy\/tr\/index.php?rest_route=%2Fwp%2Fv2%2Fmedia&parent=26380"}],"wp:term":[{"taxonomy":"category","embeddable":true,"href":"https:\/\/archive.sana.sy\/tr\/index.php?rest_route=%2Fwp%2Fv2%2Fcategories&post=26380"},{"taxonomy":"post_tag","embeddable":true,"href":"https:\/\/archive.sana.sy\/tr\/index.php?rest_route=%2Fwp%2Fv2%2Ftags&post=26380"}],"curies":[{"name":"wp","href":"https:\/\/api.w.org\/{rel}","templated":true}]}}