{"id":263849,"date":"2022-10-08T10:25:00","date_gmt":"2022-10-08T07:25:00","guid":{"rendered":"http:\/\/107.6.182.27\/tr\/?p=263849"},"modified":"2022-10-09T08:33:07","modified_gmt":"2022-10-09T05:33:07","slug":"moskova-kirim-koprusunde-bir-kamyon-patlamasinda-bir-dizi-yakit-tankerini-atese-verdi","status":"publish","type":"post","link":"https:\/\/archive.sana.sy\/tr\/?p=263849","title":{"rendered":"Moskova: K\u0131r\u0131m K\u00f6pr\u00fcs\u00fcnde Bir Kamyon Patlamas\u0131nda Bir Dizi Yak\u0131t Tankeri Yand\u0131"},"content":{"rendered":"<p>MOSKOVA \u2013 Rusya Ulusal Ter\u00f6rle M\u00fccadele Komitesi, bug\u00fcn \u015fafak vakti K\u0131r\u0131m k\u00f6pr\u00fcs\u00fcnde bir kamyonun havaya u\u00e7tu\u011funu ve k\u00f6pr\u00fcy\u00fc ge\u00e7mekte olan bir trende \u00e7ok say\u0131da yak\u0131t tankerini ate\u015fe verdi\u011fini ilan etti.<\/p>\n<p>Komite yapt\u0131\u011f\u0131 a\u00e7\u0131klamada, &#8220;K\u0131r\u0131m K\u00f6pr\u00fcs\u00fc&#8217;n\u00fcn araba ge\u00e7i\u015f b\u00f6l\u00fcm\u00fcnde bir kamyon patlamas\u0131 meydana geldi ve K\u0131r\u0131m yar\u0131madas\u0131na giden bir trende yedi yak\u0131t tank\u0131n\u0131n ate\u015flenmesine neden oldu&#8221; dedi.<\/p>\n<p>A\u00e7\u0131klamada ayr\u0131ca, karayolunun iki kesiminde k\u00f6pr\u00fcn\u00fcn bu yerinde deniz seyir kemerine zarar vermeden k\u0131smi \u00e7\u00f6kme meydana geldi\u011fini belirtirken, patlaman\u0131n ko\u015fullar\u0131n\u0131 belirlemek ve etkilerini ortadan kald\u0131rmak i\u00e7in kaza mahallinde \u00f6nlemler al\u0131nd\u0131\u011f\u0131na i\u015faret etti.<\/p>\n<p>RT sitesi aktard\u0131\u011f\u0131 a\u00e7\u0131klamada K\u0131r\u0131m Devlet Ba\u015fkan\u0131 Dan\u0131\u015fman\u0131 Oleg Kruchkov, &#8220;Bir akaryak\u0131t tankeri k\u00f6pr\u00fc alanlar\u0131ndan birinde alev ald\u0131 ve K\u0131r\u0131m k\u00f6pr\u00fcs\u00fcndeki ara\u00e7 trafi\u011finin durmas\u0131na neden oldu&#8221; dedi.<\/p>\n<p>K\u0131r\u0131m K\u00f6pr\u00fcs\u00fc&#8217;n\u00fcn 19 km&#8217;lik uzunlu\u011fuyla Rusya&#8217;n\u0131n en uzun k\u00f6pr\u00fcs\u00fc olmas\u0131 ve Eyl\u00fcl 2019&#8217;da k\u00f6pr\u00fc \u00fczerinden tren seferlerinin ba\u015flamas\u0131yla birlikte ara\u00e7 trafi\u011fi b\u00f6l\u00fcm\u00fcn\u00fcn May\u0131s 2018&#8217;de faaliyete ge\u00e7mesi dikkat \u00e7ekicidir.<\/p>\n<p><span style=\"color: #0000ff;\">#Telegram_Kanal\u0131m\u0131z: https:\/\/t.me\/SuriyeArapHaberAjans\u0131<\/span><\/p>\n","protected":false},"excerpt":{"rendered":"<p>MOSKOVA \u2013 Rusya Ulusal Ter\u00f6rle M\u00fccadele Komitesi, bug\u00fcn \u015fafak vakti K\u0131r\u0131m k\u00f6pr\u00fcs\u00fcnde bir kamyonun havaya u\u00e7tu\u011funu ve k\u00f6pr\u00fcy\u00fc ge\u00e7mekte olan bir trende \u00e7ok say\u0131da yak\u0131t tankerini ate\u015fe verdi\u011fini ilan etti. Komite yapt\u0131\u011f\u0131 a\u00e7\u0131klamada, &#8220;K\u0131r\u0131m K\u00f6pr\u00fcs\u00fc&#8217;n\u00fcn araba ge\u00e7i\u015f b\u00f6l\u00fcm\u00fcnde bir kamyon patlamas\u0131 meydana geldi ve K\u0131r\u0131m yar\u0131madas\u0131na giden bir trende yedi yak\u0131t tank\u0131n\u0131n ate\u015flenmesine neden oldu&#8221; &hellip;<\/p>\n","protected":false},"author":36,"featured_media":263850,"comment_status":"closed","ping_status":"closed","sticky":false,"template":"","format":"standard","meta":{"footnotes":""},"categories":[458,459,17988],"tags":[],"class_list":["post-263849","post","type-post","status-publish","format-standard","has-post-thumbnail","","category-dunya1","category-haberler-arap-uluslararasi-politika","category-son-haberler"],"_links":{"self":[{"href":"https:\/\/archive.sana.sy\/tr\/index.php?rest_route=\/wp\/v2\/posts\/263849","targetHints":{"allow":["GET"]}}],"collection":[{"href":"https:\/\/archive.sana.sy\/tr\/index.php?rest_route=\/wp\/v2\/posts"}],"about":[{"href":"https:\/\/archive.sana.sy\/tr\/index.php?rest_route=\/wp\/v2\/types\/post"}],"author":[{"embeddable":true,"href":"https:\/\/archive.sana.sy\/tr\/index.php?rest_route=\/wp\/v2\/users\/36"}],"replies":[{"embeddable":true,"href":"https:\/\/archive.sana.sy\/tr\/index.php?rest_route=%2Fwp%2Fv2%2Fcomments&post=263849"}],"version-history":[{"count":0,"href":"https:\/\/archive.sana.sy\/tr\/index.php?rest_route=\/wp\/v2\/posts\/263849\/revisions"}],"wp:featuredmedia":[{"embeddable":true,"href":"https:\/\/archive.sana.sy\/tr\/index.php?rest_route=\/wp\/v2\/media\/263850"}],"wp:attachment":[{"href":"https:\/\/archive.sana.sy\/tr\/index.php?rest_route=%2Fwp%2Fv2%2Fmedia&parent=263849"}],"wp:term":[{"taxonomy":"category","embeddable":true,"href":"https:\/\/archive.sana.sy\/tr\/index.php?rest_route=%2Fwp%2Fv2%2Fcategories&post=263849"},{"taxonomy":"post_tag","embeddable":true,"href":"https:\/\/archive.sana.sy\/tr\/index.php?rest_route=%2Fwp%2Fv2%2Ftags&post=263849"}],"curies":[{"name":"wp","href":"https:\/\/api.w.org\/{rel}","templated":true}]}}