{"id":263894,"date":"2022-10-08T18:38:23","date_gmt":"2022-10-08T15:38:23","guid":{"rendered":"http:\/\/107.6.182.27\/tr\/?p=263894"},"modified":"2022-10-09T08:35:48","modified_gmt":"2022-10-09T05:35:48","slug":"ekonomik-ve-yatirim-isbirligini-gelistirmek-icin-suriye-iran-gorusmeleri-2","status":"publish","type":"post","link":"https:\/\/archive.sana.sy\/tr\/?p=263894","title":{"rendered":"Ekonomik Ve Yat\u0131r\u0131m \u0130\u015fbirli\u011fini Geli\u015ftirmek \u0130\u00e7in Suriye-\u0130ran G\u00f6r\u00fc\u015fmeleri"},"content":{"rendered":"<p>TAHRAN \u2013 Suriye&#8217;nin Tahran B\u00fcy\u00fckel\u00e7isi \u015eefik Deyub, \u0130ran-Suriye Dostluk Komitesi ba\u015fkan\u0131 Ayetullah Hassan Ahtari ile iki dost \u00fclke ve halka hizmet eden \u00e7e\u015fitli alanlarda ikili i\u015fbirli\u011fini geli\u015ftirmenin yollar\u0131n\u0131 g\u00f6r\u00fc\u015ft\u00fc.<\/p>\n<p>B\u00fcy\u00fckel\u00e7i Deyub, mevcut a\u015faman\u0131n gerekliliklerini kar\u015f\u0131layan somut pratik sonu\u00e7lara ula\u015fmak i\u00e7in ikili i\u015fbirli\u011fini g\u00fc\u00e7lendirmenin ve kamu ve \u00f6zel sekt\u00f6r taraf\u0131ndan \u00e7e\u015fitli alanlarda ortak \u00e7abalar\u0131n iki kat\u0131na \u00e7\u0131kar\u0131lmas\u0131n\u0131n \u00f6nemine i\u015faret etti.<\/p>\n<p>Deyub, \u0130ran-Suriye Dostluk Komitesi ve \u0130ran \u015firketlerinin \u00e7al\u0131\u015fmalar\u0131n\u0131n, her iki tarafa da fayda sa\u011flayan ortak \u015firketler olu\u015fturarak yat\u0131r\u0131m\u0131 te\u015fvik etmede \u00f6nc\u00fc rol oynaman\u0131n \u00f6nemini\u00a0 de vurgulad\u0131.<\/p>\n<p>Ahtari ise \u00e7e\u015fitli alanlarda ikili i\u015fbirli\u011finin \u00f6nemini vurgulyarak, \u00fclkesinin, petrol, turizm, bankac\u0131l\u0131k ve bankac\u0131l\u0131k kolayl\u0131klar\u0131, g\u00fcmr\u00fck vergileri, nakliye ve oto yedek par\u00e7a alanlar\u0131nda ortak \u015firketler kurulmas\u0131 da dahil olmak \u00fczere di\u011fer projeler i\u00e7in bir model olu\u015fturan yeni ba\u015far\u0131lar pe\u015finde oldu\u011funu belirtti.<\/p>\n<p>\u0130ki taraf, &#8220;Ku\u015fak ve Yol Giri\u015fimi&#8221;nin \u00f6nemine ve ikili ve \u00e7ok tarafl\u0131 i\u015fbirli\u011fini te\u015fvik etmede oynayabilece\u011fi role de dikkat \u00e7ekti.<\/p>\n<p><a class=\"qi72231t nu7423ey n3hqoq4p r86q59rh b3qcqh3k fq87ekyn bdao358l fsf7x5fv rse6dlih s5oniofx m8h3af8h l7ghb35v kjdc1dyq kmwttqpk srn514ro oxkhqvkx rl78xhln nch0832m cr00lzj9 rn8ck1ys s3jn8y49 icdlwmnq cxfqmxzd d1w2l3lo tes86rjd\" tabindex=\"0\" role=\"link\" href=\"https:\/\/www.facebook.com\/hashtag\/telegram_kanal%C4%B1m%C4%B1z?__eep__=6&amp;__cft__[0]=AZXXBW7YvlOqLUCpGs24pKuUFB7etQRVwb2YdqT8TlDFwb-tzMTFrTDdR7PY6Br6kXOMK778aPSmMONE9-KD-NIqmunfunxKRKdJ9jgon9KIpZbFVsRLwBV9O-HL_1oQUEs&amp;__tn__=*NK-R\">#Telegram_Kanal\u0131m\u0131z<\/a>:\u00a0<a class=\"qi72231t nu7423ey n3hqoq4p r86q59rh b3qcqh3k fq87ekyn bdao358l fsf7x5fv rse6dlih s5oniofx m8h3af8h l7ghb35v kjdc1dyq kmwttqpk srn514ro oxkhqvkx rl78xhln nch0832m cr00lzj9 rn8ck1ys s3jn8y49 icdlwmnq cxfqmxzd ezidihy3\" tabindex=\"0\" role=\"link\" href=\"https:\/\/t.me\/SuriyeArapHaberAjans?fbclid=IwAR12_SRwkGvGTjFtsEpqHRFnRk1en0wPBxCAnxoQWlUcTd2wqShBNg7cgbA\" target=\"_blank\" rel=\"nofollow noopener\">https:\/\/t.me\/SuriyeArapHaberAjans\u0131<\/a><\/p>\n","protected":false},"excerpt":{"rendered":"<p>TAHRAN \u2013 Suriye&#8217;nin Tahran B\u00fcy\u00fckel\u00e7isi \u015eefik Deyub, \u0130ran-Suriye Dostluk Komitesi ba\u015fkan\u0131 Ayetullah Hassan Ahtari ile iki dost \u00fclke ve halka hizmet eden \u00e7e\u015fitli alanlarda ikili i\u015fbirli\u011fini geli\u015ftirmenin yollar\u0131n\u0131 g\u00f6r\u00fc\u015ft\u00fc. B\u00fcy\u00fckel\u00e7i Deyub, mevcut a\u015faman\u0131n gerekliliklerini kar\u015f\u0131layan somut pratik sonu\u00e7lara ula\u015fmak i\u00e7in ikili i\u015fbirli\u011fini g\u00fc\u00e7lendirmenin ve kamu ve \u00f6zel sekt\u00f6r taraf\u0131ndan \u00e7e\u015fitli alanlarda ortak \u00e7abalar\u0131n iki kat\u0131na &hellip;<\/p>\n","protected":false},"author":41,"featured_media":263895,"comment_status":"closed","ping_status":"closed","sticky":false,"template":"","format":"standard","meta":{"footnotes":""},"categories":[458,459,17988],"tags":[],"class_list":["post-263894","post","type-post","status-publish","format-standard","has-post-thumbnail","","category-dunya1","category-haberler-arap-uluslararasi-politika","category-son-haberler"],"_links":{"self":[{"href":"https:\/\/archive.sana.sy\/tr\/index.php?rest_route=\/wp\/v2\/posts\/263894","targetHints":{"allow":["GET"]}}],"collection":[{"href":"https:\/\/archive.sana.sy\/tr\/index.php?rest_route=\/wp\/v2\/posts"}],"about":[{"href":"https:\/\/archive.sana.sy\/tr\/index.php?rest_route=\/wp\/v2\/types\/post"}],"author":[{"embeddable":true,"href":"https:\/\/archive.sana.sy\/tr\/index.php?rest_route=\/wp\/v2\/users\/41"}],"replies":[{"embeddable":true,"href":"https:\/\/archive.sana.sy\/tr\/index.php?rest_route=%2Fwp%2Fv2%2Fcomments&post=263894"}],"version-history":[{"count":0,"href":"https:\/\/archive.sana.sy\/tr\/index.php?rest_route=\/wp\/v2\/posts\/263894\/revisions"}],"wp:featuredmedia":[{"embeddable":true,"href":"https:\/\/archive.sana.sy\/tr\/index.php?rest_route=\/wp\/v2\/media\/263895"}],"wp:attachment":[{"href":"https:\/\/archive.sana.sy\/tr\/index.php?rest_route=%2Fwp%2Fv2%2Fmedia&parent=263894"}],"wp:term":[{"taxonomy":"category","embeddable":true,"href":"https:\/\/archive.sana.sy\/tr\/index.php?rest_route=%2Fwp%2Fv2%2Fcategories&post=263894"},{"taxonomy":"post_tag","embeddable":true,"href":"https:\/\/archive.sana.sy\/tr\/index.php?rest_route=%2Fwp%2Fv2%2Ftags&post=263894"}],"curies":[{"name":"wp","href":"https:\/\/api.w.org\/{rel}","templated":true}]}}