{"id":263924,"date":"2022-10-09T10:12:33","date_gmt":"2022-10-09T07:12:33","guid":{"rendered":"http:\/\/107.6.182.27\/tr\/?p=263924"},"modified":"2022-10-10T08:14:34","modified_gmt":"2022-10-10T05:14:34","slug":"isgal-gucleri-bati-yakada-3-filistinliyi-tutukladi","status":"publish","type":"post","link":"https:\/\/archive.sana.sy\/tr\/?p=263924","title":{"rendered":"\u0130srail \u0130\u015fgal G\u00fc\u00e7leri, Bat\u0131 Yaka&#8217;da 3 Filistinliyi Tutuklad\u0131"},"content":{"rendered":"<p>\u0130\u015eGAL ED\u0130LEN KUD\u00dcS \u2013 \u0130srail i\u015fgal g\u00fc\u00e7leri, Bat\u0131 Yaka&#8217;da 3 Filistinliyi tutuklad\u0131.<\/p>\n<p>WAFA Haber Ajans\u0131, i\u015fgal g\u00fc\u00e7lerinin, Beyt Lahm&#8217;daki Dhi\u015feh ve Ramallah&#8217;taki El Calzun kamplar\u0131na bask\u0131n d\u00fczenledi\u011fini belirtirken, 2 Filistinliyi tutuklad\u0131\u011f\u0131n\u0131, \u00fc\u00e7\u00fcnc\u00fcs\u00fcn\u00fcn ise Ramallah yak\u0131nlar\u0131ndaki kontrol noktalar\u0131ndan birinde tutukland\u0131\u011f\u0131na i\u015faret etti.<\/p>\n<p>\u0650Ajans ayr\u0131ca, Nablus&#8217;un Havara beldesi giri\u015findeki kontrol noktas\u0131n\u0131 kapatan i\u015fgal g\u00fc\u00e7leri, Filistinli ara\u00e7lar\u0131n\u0131n ge\u00e7i\u015fini engelledi\u011fini belirtti.<\/p>\n<p><a class=\"x1i10hfl xjbqb8w x6umtig x1b1mbwd xaqea5y xav7gou x9f619 x1ypdohk xt0psk2 xe8uvvx xdj266r x11i5rnm xat24cr x1mh8g0r xexx8yu x4uap5 x18d9i69 xkhd6sd x16tdsg8 x1hl2dhg xggy1nq x1a2a7pz xt0b8zv x1qq9wsj xo1l8bm\" tabindex=\"0\" role=\"link\" href=\"https:\/\/www.facebook.com\/hashtag\/telegram_kanal%C4%B1m%C4%B1z?__eep__=6&amp;__cft__[0]=AZVukWzLOTnPSazt-OOh4fxlph72JSI4cg2aQ3URLTk4tFWL4BWipR9XNxTjgsoV8-5wZex-msD6araaa_q52lyqvu-Qh1LrJ429ie0VzKkGZ6FzO3KO5aYBz7vnTNbk0HmmdNW0dE-AVWp_BqjW2KU24rhFM15lhc1nEuUZcWuWJpZejAA7geLNg0B8wdHDRzE&amp;__tn__=*NK-R\">#Telegram_Kanal\u0131m\u0131z<\/a>: <a class=\"x1i10hfl xjbqb8w x6umtig x1b1mbwd xaqea5y xav7gou x9f619 x1ypdohk xt0psk2 xe8uvvx xdj266r x11i5rnm xat24cr x1mh8g0r xexx8yu x4uap5 x18d9i69 xkhd6sd x16tdsg8 x1hl2dhg xggy1nq x1a2a7pz xt0b8zv x1fey0fg\" tabindex=\"0\" role=\"link\" href=\"https:\/\/t.me\/SuriyeArapHaberAjans?fbclid=IwAR2hYomKBxaI5w86PPmuKgtCpV1xLkwPo9Y-VeC8v23VnAxfeSmy4GcGl_0\" target=\"_blank\" rel=\"nofollow noopener\">https:\/\/t.me\/SuriyeArapHaberAjans<\/a><\/p>\n","protected":false},"excerpt":{"rendered":"<p>\u0130\u015eGAL ED\u0130LEN KUD\u00dcS \u2013 \u0130srail i\u015fgal g\u00fc\u00e7leri, Bat\u0131 Yaka&#8217;da 3 Filistinliyi tutuklad\u0131. WAFA Haber Ajans\u0131, i\u015fgal g\u00fc\u00e7lerinin, Beyt Lahm&#8217;daki Dhi\u015feh ve Ramallah&#8217;taki El Calzun kamplar\u0131na bask\u0131n d\u00fczenledi\u011fini belirtirken, 2 Filistinliyi tutuklad\u0131\u011f\u0131n\u0131, \u00fc\u00e7\u00fcnc\u00fcs\u00fcn\u00fcn ise Ramallah yak\u0131nlar\u0131ndaki kontrol noktalar\u0131ndan birinde tutukland\u0131\u011f\u0131na i\u015faret etti. \u0650Ajans ayr\u0131ca, Nablus&#8217;un Havara beldesi giri\u015findeki kontrol noktas\u0131n\u0131 kapatan i\u015fgal g\u00fc\u00e7leri, Filistinli ara\u00e7lar\u0131n\u0131n ge\u00e7i\u015fini &hellip;<\/p>\n","protected":false},"author":39,"featured_media":263925,"comment_status":"closed","ping_status":"closed","sticky":false,"template":"","format":"standard","meta":{"footnotes":""},"categories":[458,459,17988],"tags":[],"class_list":["post-263924","post","type-post","status-publish","format-standard","has-post-thumbnail","","category-dunya1","category-haberler-arap-uluslararasi-politika","category-son-haberler"],"_links":{"self":[{"href":"https:\/\/archive.sana.sy\/tr\/index.php?rest_route=\/wp\/v2\/posts\/263924","targetHints":{"allow":["GET"]}}],"collection":[{"href":"https:\/\/archive.sana.sy\/tr\/index.php?rest_route=\/wp\/v2\/posts"}],"about":[{"href":"https:\/\/archive.sana.sy\/tr\/index.php?rest_route=\/wp\/v2\/types\/post"}],"author":[{"embeddable":true,"href":"https:\/\/archive.sana.sy\/tr\/index.php?rest_route=\/wp\/v2\/users\/39"}],"replies":[{"embeddable":true,"href":"https:\/\/archive.sana.sy\/tr\/index.php?rest_route=%2Fwp%2Fv2%2Fcomments&post=263924"}],"version-history":[{"count":0,"href":"https:\/\/archive.sana.sy\/tr\/index.php?rest_route=\/wp\/v2\/posts\/263924\/revisions"}],"wp:featuredmedia":[{"embeddable":true,"href":"https:\/\/archive.sana.sy\/tr\/index.php?rest_route=\/wp\/v2\/media\/263925"}],"wp:attachment":[{"href":"https:\/\/archive.sana.sy\/tr\/index.php?rest_route=%2Fwp%2Fv2%2Fmedia&parent=263924"}],"wp:term":[{"taxonomy":"category","embeddable":true,"href":"https:\/\/archive.sana.sy\/tr\/index.php?rest_route=%2Fwp%2Fv2%2Fcategories&post=263924"},{"taxonomy":"post_tag","embeddable":true,"href":"https:\/\/archive.sana.sy\/tr\/index.php?rest_route=%2Fwp%2Fv2%2Ftags&post=263924"}],"curies":[{"name":"wp","href":"https:\/\/api.w.org\/{rel}","templated":true}]}}