{"id":2640,"date":"2014-06-10T12:18:53","date_gmt":"2014-06-10T09:18:53","guid":{"rendered":"http:\/\/sanasyria.org\/tr\/?p=2640"},"modified":"2014-06-10T13:34:13","modified_gmt":"2014-06-10T10:34:13","slug":"acilisa-katildiktan-sonra-halk-kredi-bankasini-ziyaret-etti","status":"publish","type":"post","link":"https:\/\/archive.sana.sy\/tr\/?p=2640","title":{"rendered":"A\u00e7\u0131l\u0131\u015fa Kat\u0131ld\u0131ktan Sonra Halk Kredi Bankas\u0131n\u0131 Ziyaret Etti"},"content":{"rendered":"<p><span style=\"color: #800000\">\u015eAM \u2013<\/span> Ba\u015fbakan Vail el Halaki d\u00fcn, Tabipler Sendikas\u0131, Di\u015f Hekimleri Sendikas\u0131 ve Eczac\u0131lar Sendikas\u0131n\u0131n \u00e7al\u0131\u015fmalar\u0131 sonucu kurulan Sa\u011fl\u0131k Sigortas\u0131 T\u0131bbi Hizmetler \u015eirketinin a\u00e7\u0131l\u0131\u015f\u0131n\u0131 yapt\u0131ktan sonra Halk Kredi Bankas\u0131n\u0131n Ebu Rommani \u015eubesini ziyaret etti.<\/p>\n<p>A\u00e7\u0131l\u0131\u015f t\u00f6reninde bir konu\u015fma yapan Halaki; Sa\u011fl\u0131k Sigortas\u0131 T\u0131bbi Hizmetler \u015eirketinin, sa\u011fl\u0131k sigortas\u0131 \u00e7al\u0131\u015fmalar\u0131nda g\u00f6r\u00fclen zorluk ve engellerin a\u015f\u0131lmas\u0131 amac\u0131yla t\u0131bbi idare ve harcamalara ek bir gelir sa\u011flad\u0131\u011f\u0131n\u0131 dile getirdi.<\/p>\n<p>\u00c7al\u0131\u015fmalar\u0131na 2010 y\u0131l\u0131nda ba\u015flanan Sa\u011fl\u0131k Sigortas\u0131 Projesinin ba\u015flang\u0131c\u0131ndan itibaren b\u00fcy\u00fck zorluklarla kar\u015f\u0131 kar\u015f\u0131ya kald\u0131\u011f\u0131n\u0131 ifade eden Halaki; \u00fclkenin maruz kald\u0131\u011f\u0131 kriz ve uluslararas\u0131 yapt\u0131r\u0131mlar\u0131n sa\u011fl\u0131k sigortas\u0131 \u00e7al\u0131\u015fmalar\u0131 \u00f6n\u00fcndeki en b\u00fcy\u00fck zorluklardan birini te\u015fkil etti\u011fini belirtti.<\/p>\n<p>Sa\u011fl\u0131k Sigortas\u0131 T\u0131bbi Hizmetler \u015eirketinin, sa\u011fl\u0131k sigortas\u0131 \u00e7al\u0131\u015fmalar\u0131ndaki teknik sorunlar\u0131a b\u00fcy\u00fck oranda \u00e7\u00f6z\u00fcm getirece\u011fine de\u011finen Halaki; b\u00fct\u00fcn illerde bulunan hastane, sa\u011fl\u0131k merkezi, laboratuar ve eczane gibi sa\u011fl\u0131k kurumlar\u0131 aras\u0131nda bir ileti\u015fim ve koordinasyon sa\u011flanaca\u011f\u0131n\u0131 aktard\u0131.<\/p>\n<p>T\u0131bbi Hizmetler \u015eirketinin; sa\u011fl\u0131k sigortas\u0131 kapsam\u0131nda bulunan vatanda\u015flara nitelikli hizmet vermesi ve sa\u011fl\u0131k hizmetleri seviyesini daha \u00fcst a\u015famalara ta\u015f\u0131mas\u0131 temennisinde bulunan Halaki; H\u00fck\u00fcmetin ilgili b\u00fct\u00fcn bakanl\u0131klar\u0131yla Sa\u011fl\u0131k Sigortas\u0131 projesinin geli\u015ftirilmesi i\u00e7in gerekli hizmet ve kolayl\u0131klar\u0131 sunmaya haz\u0131r olduklar\u0131n\u0131n alt\u0131n\u0131 \u00e7izdi.<\/p>\n<p>A\u00e7\u0131l\u0131\u015f t\u00f6reninin ard\u0131ndan Halk Kredi Bankas\u0131n\u0131n Ebu Rommani \u015fubesini ziyaret eden Halaki; Suriye\u2019nin, kahraman birliklerimiz sa\u011flad\u0131klar\u0131 b\u00fcy\u00fck zaferlerden sonra, yeniden in\u015fa projesi ve \u00e7al\u0131\u015fmalar\u0131 ve yat\u0131r\u0131m projeleri a\u00e7\u0131s\u0131ndan gelece\u011fi parlak bir s\u00fcrece ba\u015flad\u0131\u011f\u0131n\u0131 beyan etti.<\/p>\n<p>Bankac\u0131l\u0131k sekt\u00f6r\u00fcn\u00fcn yeniden in\u015fa s\u00fcrecinde temel ve hayati \u00f6neme sahip alanlar aras\u0131nda yer ald\u0131\u011f\u0131na i\u015faret eden Halaki; vatanda\u015flar\u0131n ulusal ekonomiye duyduklar\u0131 g\u00fcven sonucu bankac\u0131l\u0131k sekt\u00f6r\u00fcne olan ilginin artt\u0131\u011f\u0131n\u0131 belirtti.<\/p>\n<p>Banka yetkililerinden yak\u0131n ve uzak vadeli plan projelerine ili\u015fkin anlat\u0131mlar\u0131 dinleyen Halaki; gazetecilere yapt\u0131\u011f\u0131 a\u00e7\u0131klamada \u00f6n\u00fcm\u00fczdeki s\u00fcrece ili\u015fkin k\u00fc\u00e7\u00fck ve orta boy i\u015fletmelere destek kredileri ve ter\u00f6r sald\u0131r\u0131lar\u0131 sonucu hazar g\u00f6ren i\u015fletmelere tadilat deste\u011fi projeler \u00fczerinde \u00e7al\u0131\u015fmalar\u0131n s\u00fcrd\u00fc\u011f\u00fcn\u00fc ifade etti.<\/p>\n<p>Ulusal bankalar\u0131m\u0131z\u0131n yeniden in\u015fa s\u00fcrecinin temelini te\u015fkil edece\u011fine de\u011finen Halaki; Bankalara k\u00fc\u00e7\u00fck ve orta boy i\u015fletmeler \u00e7er\u00e7evesindeki iktisat projelerini en yak\u0131n zamanda uygulama \u00e7a\u011fr\u0131s\u0131nda bulundu.<\/p>\n<p>&nbsp;<\/p>\n","protected":false},"excerpt":{"rendered":"<p>\u015eAM \u2013 Ba\u015fbakan Vail el Halaki d\u00fcn, Tabipler Sendikas\u0131, Di\u015f Hekimleri Sendikas\u0131 ve Eczac\u0131lar Sendikas\u0131n\u0131n \u00e7al\u0131\u015fmalar\u0131 sonucu kurulan Sa\u011fl\u0131k Sigortas\u0131 T\u0131bbi Hizmetler \u015eirketinin a\u00e7\u0131l\u0131\u015f\u0131n\u0131 yapt\u0131ktan sonra Halk Kredi Bankas\u0131n\u0131n Ebu Rommani \u015eubesini ziyaret etti. A\u00e7\u0131l\u0131\u015f t\u00f6reninde bir konu\u015fma yapan Halaki; Sa\u011fl\u0131k Sigortas\u0131 T\u0131bbi Hizmetler \u015eirketinin, sa\u011fl\u0131k sigortas\u0131 \u00e7al\u0131\u015fmalar\u0131nda g\u00f6r\u00fclen zorluk ve engellerin a\u015f\u0131lmas\u0131 amac\u0131yla t\u0131bbi &hellip;<\/p>\n","protected":false},"author":1,"featured_media":2641,"comment_status":"closed","ping_status":"closed","sticky":false,"template":"","format":"standard","meta":{"footnotes":""},"categories":[479,478],"tags":[593],"class_list":["post-2640","post","type-post","status-publish","format-standard","has-post-thumbnail","","category-haberler-yerel","category-yerel","tag-acilisa-katildiktan-sonra-halk-kredi-bankasini-ziyaret-etti"],"_links":{"self":[{"href":"https:\/\/archive.sana.sy\/tr\/index.php?rest_route=\/wp\/v2\/posts\/2640","targetHints":{"allow":["GET"]}}],"collection":[{"href":"https:\/\/archive.sana.sy\/tr\/index.php?rest_route=\/wp\/v2\/posts"}],"about":[{"href":"https:\/\/archive.sana.sy\/tr\/index.php?rest_route=\/wp\/v2\/types\/post"}],"author":[{"embeddable":true,"href":"https:\/\/archive.sana.sy\/tr\/index.php?rest_route=\/wp\/v2\/users\/1"}],"replies":[{"embeddable":true,"href":"https:\/\/archive.sana.sy\/tr\/index.php?rest_route=%2Fwp%2Fv2%2Fcomments&post=2640"}],"version-history":[{"count":0,"href":"https:\/\/archive.sana.sy\/tr\/index.php?rest_route=\/wp\/v2\/posts\/2640\/revisions"}],"wp:featuredmedia":[{"embeddable":true,"href":"https:\/\/archive.sana.sy\/tr\/index.php?rest_route=\/wp\/v2\/media\/2641"}],"wp:attachment":[{"href":"https:\/\/archive.sana.sy\/tr\/index.php?rest_route=%2Fwp%2Fv2%2Fmedia&parent=2640"}],"wp:term":[{"taxonomy":"category","embeddable":true,"href":"https:\/\/archive.sana.sy\/tr\/index.php?rest_route=%2Fwp%2Fv2%2Fcategories&post=2640"},{"taxonomy":"post_tag","embeddable":true,"href":"https:\/\/archive.sana.sy\/tr\/index.php?rest_route=%2Fwp%2Fv2%2Ftags&post=2640"}],"curies":[{"name":"wp","href":"https:\/\/api.w.org\/{rel}","templated":true}]}}