{"id":2643,"date":"2014-06-10T12:30:35","date_gmt":"2014-06-10T09:30:35","guid":{"rendered":"http:\/\/sanasyria.org\/tr\/?p=2643"},"modified":"2014-06-10T12:31:45","modified_gmt":"2014-06-10T09:31:45","slug":"halaki-suriye-ve-iraki-vuran-teror-uluslararasi-finansla-beslenen-terordur","status":"publish","type":"post","link":"https:\/\/archive.sana.sy\/tr\/?p=2643","title":{"rendered":"Halaki: Suriye ve Irak\u2019\u0131 Vuran Ter\u00f6r Uluslararas\u0131 Finansla Beslenen Ter\u00f6rd\u00fcr"},"content":{"rendered":"<p>\u015eAM \u2013 Ba\u015fbakan Vail el Halaki d\u00fcn Irak\u2019\u0131n \u015eam B\u00fcy\u00fckel\u00e7isi Alaa el Cevadi ile bir araya geldi\u011fi toplant\u0131da, Suriye ve Irak\u2019\u0131 vuran tekfirci ter\u00f6r\u00fcn, uluslararas\u0131 destek ve finansla beslenerek Arap ulusunu ve topraklar\u0131n par\u00e7alamay\u0131 ama\u00e7layan ter\u00f6r\u00fcn kendisi oldu\u011funa dikkat \u00e7ekti.<\/p>\n<p>SiyoAmerikan Projelerin, Avrupal\u0131 ve Arap kimi i\u015fbirlik\u00e7ilerle birlikte haz\u0131rlanm\u0131\u015f oldu\u011funa i\u015faret eden Halaki; bu projelerin Arap topraklar\u0131n\u0131n b\u00fct\u00fcn kaynak ve bereketini gasp ederek Siyonist olu\u015fumun rahatl\u0131kla hegemonya kurabilece\u011fi k\u00fc\u00e7\u00fck par\u00e7alara ay\u0131rmak oldu\u011funun alt\u0131n\u0131 \u00e7izdi.<\/p>\n<p>Irak\u2019\u0131 vuran ter\u00f6r sald\u0131r\u0131lar\u0131n\u0131 \u015fiddetle k\u0131nayan Halaki; bu tekfirci ter\u00f6r\u00fcn, b\u00fct\u00fcn Arap ulusunun ortak d\u00fc\u015fman\u0131 oldu\u011funu ibraz ederek ortak d\u00fc\u015fman\u0131n ortak bir zaferle hezimete u\u011frat\u0131laca\u011f\u0131n\u0131 vurgulad\u0131.<\/p>\n<p>Irak\u2019\u0131n yeni d\u00fczenlemi\u015f oldu\u011fu parlamento se\u00e7imleri sonu\u00e7lar\u0131n\u0131 kutlayan Halaki; yeni se\u00e7ilen parlamentonun Irak halk\u0131n\u0131n demokrasi ve kalk\u0131nma hedef ve \u00f6zlemlerine kavu\u015fturmas\u0131n\u0131 temenni etti.<\/p>\n<p>Halaki, ayr\u0131ca iki \u00fclke aras\u0131ndaki ekonomik, siyasi ve ticari i\u015fbirli\u011finin daha \u00fcst seviyelere ta\u015f\u0131nmas\u0131n\u0131n \u00f6nemine dikkat \u00e7ekti.<\/p>\n<p>\u00d6te yandan, Suriye halk\u0131n\u0131n maruz kald\u0131\u011f\u0131 evrensel sava\u015fa kar\u015f\u0131 b\u00fcy\u00fck zaferler sa\u011flayacak g\u00fc\u00e7 ve iradeye sahip oldu\u011funa inand\u0131\u011f\u0131n\u0131 ifade eden Irakl\u0131 B\u00fcy\u00fckel\u00e7i; b\u00fct\u00fcn d\u00fcnyaya demokrasi dersi te\u015fkil eden cumhurba\u015fkanl\u0131\u011f\u0131 se\u00e7imlerini kutlad\u0131.<\/p>\n<p>&nbsp;<\/p>\n","protected":false},"excerpt":{"rendered":"<p>\u015eAM \u2013 Ba\u015fbakan Vail el Halaki d\u00fcn Irak\u2019\u0131n \u015eam B\u00fcy\u00fckel\u00e7isi Alaa el Cevadi ile bir araya geldi\u011fi toplant\u0131da, Suriye ve Irak\u2019\u0131 vuran tekfirci ter\u00f6r\u00fcn, uluslararas\u0131 destek ve finansla beslenerek Arap ulusunu ve topraklar\u0131n par\u00e7alamay\u0131 ama\u00e7layan ter\u00f6r\u00fcn kendisi oldu\u011funa dikkat \u00e7ekti. SiyoAmerikan Projelerin, Avrupal\u0131 ve Arap kimi i\u015fbirlik\u00e7ilerle birlikte haz\u0131rlanm\u0131\u015f oldu\u011funa i\u015faret eden Halaki; bu projelerin &hellip;<\/p>\n","protected":false},"author":1,"featured_media":2645,"comment_status":"closed","ping_status":"closed","sticky":false,"template":"","format":"standard","meta":{"footnotes":""},"categories":[478],"tags":[594],"class_list":["post-2643","post","type-post","status-publish","format-standard","has-post-thumbnail","","category-yerel","tag-halaki-suriye-ve-iraki-vuran-teror-uluslararasi-finansla-beslenen-terordur"],"_links":{"self":[{"href":"https:\/\/archive.sana.sy\/tr\/index.php?rest_route=\/wp\/v2\/posts\/2643","targetHints":{"allow":["GET"]}}],"collection":[{"href":"https:\/\/archive.sana.sy\/tr\/index.php?rest_route=\/wp\/v2\/posts"}],"about":[{"href":"https:\/\/archive.sana.sy\/tr\/index.php?rest_route=\/wp\/v2\/types\/post"}],"author":[{"embeddable":true,"href":"https:\/\/archive.sana.sy\/tr\/index.php?rest_route=\/wp\/v2\/users\/1"}],"replies":[{"embeddable":true,"href":"https:\/\/archive.sana.sy\/tr\/index.php?rest_route=%2Fwp%2Fv2%2Fcomments&post=2643"}],"version-history":[{"count":0,"href":"https:\/\/archive.sana.sy\/tr\/index.php?rest_route=\/wp\/v2\/posts\/2643\/revisions"}],"wp:featuredmedia":[{"embeddable":true,"href":"https:\/\/archive.sana.sy\/tr\/index.php?rest_route=\/wp\/v2\/media\/2645"}],"wp:attachment":[{"href":"https:\/\/archive.sana.sy\/tr\/index.php?rest_route=%2Fwp%2Fv2%2Fmedia&parent=2643"}],"wp:term":[{"taxonomy":"category","embeddable":true,"href":"https:\/\/archive.sana.sy\/tr\/index.php?rest_route=%2Fwp%2Fv2%2Fcategories&post=2643"},{"taxonomy":"post_tag","embeddable":true,"href":"https:\/\/archive.sana.sy\/tr\/index.php?rest_route=%2Fwp%2Fv2%2Ftags&post=2643"}],"curies":[{"name":"wp","href":"https:\/\/api.w.org\/{rel}","templated":true}]}}