{"id":264353,"date":"2022-10-12T22:45:50","date_gmt":"2022-10-12T19:45:50","guid":{"rendered":"http:\/\/107.6.182.27\/tr\/?p=264353"},"modified":"2022-10-14T08:50:00","modified_gmt":"2022-10-14T05:50:00","slug":"sabbag-batili-ulkelerin-ukrayna-krizine-yonelik-dusmanca-yaklasimi-savasi-korukleme-ve-nazizmi-kiskirtma-cabalarinin-kanitidir","status":"publish","type":"post","link":"https:\/\/archive.sana.sy\/tr\/?p=264353","title":{"rendered":"Sabba\u011f: Bat\u0131l\u0131 \u00dclkelerin Ukrayna Krizine Y\u00f6nelik D\u00fc\u015fmanca Yakla\u015f\u0131m\u0131, Sava\u015f\u0131 K\u00f6r\u00fckleme Ve Nazizmi K\u0131\u015fk\u0131rtma \u00c7abalar\u0131n\u0131n Kan\u0131t\u0131d\u0131r"},"content":{"rendered":"<p>NEW YORK \u2013 Suriye&#8217;nin Birle\u015fmi\u015f Milletler Daimi Temsilcisi B\u00fcy\u00fckel\u00e7i Bessam Sabba\u011f, baz\u0131 Bat\u0131l\u0131 \u00fclkelerin Ukrayna krizine y\u00f6nelik d\u00fc\u015fmanca ve k\u0131\u015fk\u0131rt\u0131c\u0131 yakla\u015f\u0131mlar\u0131n\u0131n devam etmesinin, sava\u015f\u0131 k\u00f6r\u00fckleme \u00e7abalar\u0131n\u0131n a\u00e7\u0131k bir kan\u0131t\u0131 oldu\u011funu belirtti.<\/p>\n<p>Genel Kurul&#8217;un Ukrayna&#8217;daki durumla ilgili acil oturumunun yeniden ba\u015flamas\u0131 s\u0131ras\u0131nda, Sabba\u011f: Birle\u015fmi\u015f Milletler&#8217;e \u00fcye devletler aras\u0131ndaki kutupla\u015fmay\u0131 derinle\u015ftirmek, bu \u00fclkeler bu ola\u011fan\u00fcst\u00fc \u00f6zel oturumun yeniden ba\u015flat\u0131lmas\u0131n\u0131 talep etmek ve Rusya&#8217;ya daha d\u00fc\u015fman olan Genel Kurul&#8217;a ge\u00e7ememesi \u00fczerine bir karar tasla\u011f\u0131 sunmak G\u00fcvenlik Konseyi&#8217;nde.<\/p>\n<p>Sabba\u011f, &#8220;Birle\u015fmi\u015f Milletler Genel Kurulu&#8217;nun forumu, baz\u0131 Bat\u0131l\u0131 \u00fclkelerin jeopolitik \u00e7\u0131karlar\u0131na hizmet etmek i\u00e7in a\u00e7\u0131k bir \u015fekilde s\u00f6m\u00fcr\u00fclmesine tan\u0131k oluyor ve bu da Birle\u015fmi\u015f Milletler \u00fcye \u00fclkeleri aras\u0131ndaki kutupla\u015fma durumunu derinle\u015ftirmeye itiyor\u201d dedi.<\/p>\n<p>Sabba\u011f ayr\u0131ca, \u201cbu \u00fclkeler, G\u00fcvenlik Konseyi&#8217;nden ge\u00e7emeyince Rusya&#8217;ya kar\u015f\u0131 daha d\u00fc\u015fmanca olan bir karar tasla\u011f\u0131n\u0131n Genel Kurul&#8217;a sunulmas\u0131 ve bu ola\u011fan\u00fcst\u00fc \u00f6zel oturumun yeniden ba\u015flat\u0131lmas\u0131 talebine ba\u015fvurdular\u201d dedi.<\/p>\n<p>Sabba\u011f, \u00fcye devletlerin \u00fczerinde inceleme, de\u011fi\u015fiklik yapma veya ba\u015fkentlerine dan\u0131\u015fma f\u0131rsat\u0131 bulamad\u0131\u011f\u0131 \u00f6nerilen karar tasla\u011f\u0131n\u0131n, bu \u00fclkelerin yaln\u0131zca Rusya&#8217;ya d\u00fc\u015fman siyasi tutumlar benimsemeye \u00e7al\u0131\u015ft\u0131klar\u0131n\u0131n a\u00e7\u0131k bir kan\u0131t\u0131 oldu\u011funa dikkat \u00e7ekti.<\/p>\n<p>Sabba\u011f ayr\u0131ca, Suriye&#8217;nin Bat\u0131l\u0131 \u00fclkeler ve medyalar\u0131n\u0131n Rusya&#8217;ya kar\u015f\u0131 ba\u015flatt\u0131\u011f\u0131 koordineli kampanyay\u0131 k\u0131nad\u0131\u011f\u0131n\u0131 ifade etti.<\/p>\n<p>Sabba\u011f, NATO \u00fclkelerinin, Rusya&#8217;ya kar\u015f\u0131 d\u00fc\u015fmanl\u0131k ve tehdit d\u00fczeyini y\u00fckseltmek kar\u015f\u0131l\u0131\u011f\u0131nda ittifaka ve Avrupa Birli\u011fi&#8217;ne kat\u0131lma ve askeri yard\u0131m ve koruma sa\u011flama vaadiyle Ukrayna&#8217;daki a\u015f\u0131r\u0131l\u0131k yanl\u0131s\u0131 gruplar\u0131 k\u0131\u015fk\u0131rtarak k\u0131\u015fk\u0131rt\u0131c\u0131 bir rol oynad\u0131\u011f\u0131na dikkat \u00e7ekti.<\/p>\n<p>Sabba\u011f, &#8220;ABD ve NATO&#8217;daki m\u00fcttefikleri, Kiev makamlar\u0131n\u0131n Donetsk ve Lugansk Halk Cumhuriyetleri halk\u0131na y\u00f6nelik ayr\u0131mc\u0131 ve insanl\u0131k d\u0131\u015f\u0131 uygulamalar\u0131n\u0131 \u00f6rtbas ederek bu politikalar\u0131 a\u00e7\u0131k\u00e7a terc\u00fcme ettiler&#8221; dedi.<\/p>\n<p>Suriye b\u00fcy\u00fckel\u00e7isi, Rusya&#8217;n\u0131n istikrar\u0131 sa\u011flama ve Rus ve Ukrayna halklar\u0131n\u0131n g\u00fcvenli\u011fini sa\u011flama, y\u00fcz binlerce m\u00fclteciye ev sahipli\u011fi yapma, insani yard\u0131m da\u011f\u0131t\u0131m\u0131n\u0131 sa\u011flama, siviller i\u00e7in g\u00fcvenli koridorlar a\u00e7ma ve tah\u0131l ve g\u0131da kargolar\u0131n\u0131n ge\u00e7i\u015fini sa\u011flama \u00e7abalar\u0131na \u00f6vg\u00fcde bulundu.<\/p>\n<p><a class=\"x1i10hfl xjbqb8w x6umtig x1b1mbwd xaqea5y xav7gou x9f619 x1ypdohk xt0psk2 xe8uvvx xdj266r x11i5rnm xat24cr x1mh8g0r xexx8yu x4uap5 x18d9i69 xkhd6sd x16tdsg8 x1hl2dhg xggy1nq x1a2a7pz xt0b8zv x1qq9wsj xo1l8bm\" tabindex=\"0\" role=\"link\" href=\"https:\/\/www.facebook.com\/hashtag\/telegram_kanal%C4%B1m%C4%B1z?__eep__=6&amp;__cft__[0]=AZWBEm9qeYjPQ9UqqpaElCMbwalMdXduiwOcYNyx4hdzXdtFGWmvIFIPryuT5_Q7oO9WWvSaJWX3C4Pq4ijsb6IWTpT-ovxJMjwQvaLsNNXytg38M_ylMaV3xOgt72U2DBE&amp;__tn__=*NK-R\">#Telegram_Kanal\u0131m\u0131z<\/a>:\u00a0<a class=\"x1i10hfl xjbqb8w x6umtig x1b1mbwd xaqea5y xav7gou x9f619 x1ypdohk xt0psk2 xe8uvvx xdj266r x11i5rnm xat24cr x1mh8g0r xexx8yu x4uap5 x18d9i69 xkhd6sd x16tdsg8 x1hl2dhg xggy1nq x1a2a7pz xt0b8zv x1fey0fg\" tabindex=\"0\" role=\"link\" href=\"https:\/\/t.me\/SuriyeArapHaberAjans%C4%B1?fbclid=IwAR2dQIRJlOD7itLh_4w6e6Pd5RIB8Q1NC7acFOkezkQv9sp1sdIokuyCtSU\" target=\"_blank\" rel=\"nofollow noopener\">https:\/\/t.me\/SuriyeArapHaberAjans\u0131<\/a><\/p>\n","protected":false},"excerpt":{"rendered":"<p>NEW YORK \u2013 Suriye&#8217;nin Birle\u015fmi\u015f Milletler Daimi Temsilcisi B\u00fcy\u00fckel\u00e7i Bessam Sabba\u011f, baz\u0131 Bat\u0131l\u0131 \u00fclkelerin Ukrayna krizine y\u00f6nelik d\u00fc\u015fmanca ve k\u0131\u015fk\u0131rt\u0131c\u0131 yakla\u015f\u0131mlar\u0131n\u0131n devam etmesinin, sava\u015f\u0131 k\u00f6r\u00fckleme \u00e7abalar\u0131n\u0131n a\u00e7\u0131k bir kan\u0131t\u0131 oldu\u011funu belirtti. Genel Kurul&#8217;un Ukrayna&#8217;daki durumla ilgili acil oturumunun yeniden ba\u015flamas\u0131 s\u0131ras\u0131nda, Sabba\u011f: Birle\u015fmi\u015f Milletler&#8217;e \u00fcye devletler aras\u0131ndaki kutupla\u015fmay\u0131 derinle\u015ftirmek, bu \u00fclkeler bu ola\u011fan\u00fcst\u00fc \u00f6zel oturumun &hellip;<\/p>\n","protected":false},"author":36,"featured_media":264354,"comment_status":"closed","ping_status":"closed","sticky":false,"template":"","format":"standard","meta":{"footnotes":""},"categories":[458,459,17988],"tags":[],"class_list":["post-264353","post","type-post","status-publish","format-standard","has-post-thumbnail","","category-dunya1","category-haberler-arap-uluslararasi-politika","category-son-haberler"],"_links":{"self":[{"href":"https:\/\/archive.sana.sy\/tr\/index.php?rest_route=\/wp\/v2\/posts\/264353","targetHints":{"allow":["GET"]}}],"collection":[{"href":"https:\/\/archive.sana.sy\/tr\/index.php?rest_route=\/wp\/v2\/posts"}],"about":[{"href":"https:\/\/archive.sana.sy\/tr\/index.php?rest_route=\/wp\/v2\/types\/post"}],"author":[{"embeddable":true,"href":"https:\/\/archive.sana.sy\/tr\/index.php?rest_route=\/wp\/v2\/users\/36"}],"replies":[{"embeddable":true,"href":"https:\/\/archive.sana.sy\/tr\/index.php?rest_route=%2Fwp%2Fv2%2Fcomments&post=264353"}],"version-history":[{"count":0,"href":"https:\/\/archive.sana.sy\/tr\/index.php?rest_route=\/wp\/v2\/posts\/264353\/revisions"}],"wp:featuredmedia":[{"embeddable":true,"href":"https:\/\/archive.sana.sy\/tr\/index.php?rest_route=\/wp\/v2\/media\/264354"}],"wp:attachment":[{"href":"https:\/\/archive.sana.sy\/tr\/index.php?rest_route=%2Fwp%2Fv2%2Fmedia&parent=264353"}],"wp:term":[{"taxonomy":"category","embeddable":true,"href":"https:\/\/archive.sana.sy\/tr\/index.php?rest_route=%2Fwp%2Fv2%2Fcategories&post=264353"},{"taxonomy":"post_tag","embeddable":true,"href":"https:\/\/archive.sana.sy\/tr\/index.php?rest_route=%2Fwp%2Fv2%2Ftags&post=264353"}],"curies":[{"name":"wp","href":"https:\/\/api.w.org\/{rel}","templated":true}]}}