{"id":264414,"date":"2022-10-13T22:11:03","date_gmt":"2022-10-13T19:11:03","guid":{"rendered":"http:\/\/107.6.182.27\/tr\/?p=264414"},"modified":"2022-10-15T09:11:21","modified_gmt":"2022-10-15T06:11:21","slug":"gabas-surdurulebilir-kalkinma-hedeflerine-ulasmak-icin-suriyeyi-desteklemeye-cagirdi","status":"publish","type":"post","link":"https:\/\/archive.sana.sy\/tr\/?p=264414","title":{"rendered":"\u011eaba\u015f: S\u00fcrd\u00fcr\u00fclebilir Kalk\u0131nma Hedeflerine Ula\u015fmak \u0130\u00e7in Suriye&#8217;yi desteklemeye \u00c7a\u011f\u0131rd\u0131"},"content":{"rendered":"<p>KAH\u0130RE \u2013 Sa\u011fl\u0131k Bakan\u0131 Dr. Hasan El \u011eaba\u015f, Suriye&#8217;nin s\u00fcrd\u00fcr\u00fclebilir kalk\u0131nma hedeflerine ula\u015fma, Suriye&#8217;ye y\u00f6nelik sald\u0131rganl\u0131\u011f\u0131 ve ter\u00f6rizmi durdurma, tek tarafl\u0131 zorlay\u0131c\u0131 ekonomik yapt\u0131r\u0131mlar\u0131 kald\u0131rma ve ter\u00f6r sava\u015f\u0131 taraf\u0131ndan yok edilenlerin yeniden in\u015fas\u0131na katk\u0131da bulunma y\u00fcr\u00fcy\u00fc\u015f\u00fcn\u00fc destekleme ihtiyac\u0131n\u0131 vurgulad\u0131.<\/p>\n<p><img loading=\"lazy\" decoding=\"async\" class=\"size-medium wp-image-264415 alignright\" src=\"http:\/\/107.6.182.27\/tr\/wp-content\/uploads\/2022\/10\/2-9-300x200.jpg\" alt=\"\" width=\"300\" height=\"200\" srcset=\"https:\/\/archive.sana.sy\/tr\/wp-content\/uploads\/2022\/10\/2-9-300x200.jpg 300w, https:\/\/archive.sana.sy\/tr\/wp-content\/uploads\/2022\/10\/2-9-150x100.jpg 150w, https:\/\/archive.sana.sy\/tr\/wp-content\/uploads\/2022\/10\/2-9.jpg 660w\" sizes=\"auto, (max-width: 300px) 100vw, 300px\" \/>DS\u00d6 Do\u011fu Akdeniz B\u00f6lge Komitesi&#8217;nin \u015fu anda Kahire&#8217;de d\u00fczenlenen 69. oturumu \u00e7al\u0131\u015fmalar\u0131 kapsam\u0131nda s\u00fcrd\u00fcr\u00fclebilir kalk\u0131nmaya ili\u015fkin yapt\u0131\u011f\u0131 a\u00e7\u0131klamada Bakan \u011eaba\u015f, Suriye, kalk\u0131nmay\u0131 ilerletmek ve refaha ula\u015fmak i\u00e7in uluslararas\u0131 i\u015fbirli\u011finin \u00f6nemine olan inanc\u0131 ve bu hedeflere ili\u015fkin uluslararas\u0131 uzla\u015fmaya ba\u011fl\u0131l\u0131\u011f\u0131 temelinde S\u00fcrd\u00fcr\u00fclebilir Kalk\u0131nma i\u00e7in 2030 G\u00fcndemi&#8217;nin kabul edildi\u011fi Birle\u015fmi\u015f Milletler zirvesine kat\u0131ld\u0131.<\/p>\n<p>El \u011eaba\u015f, Suriye&#8217;deki ter\u00f6r sava\u015f\u0131n\u0131n \u00e7ok say\u0131da sa\u011fl\u0131k tesisi ve insan kayna\u011f\u0131n\u0131n hizmet d\u0131\u015f\u0131 kalmas\u0131na yol a\u00e7t\u0131\u011f\u0131na ve n\u00fcfusun sa\u011fl\u0131k hizmetlerine eri\u015fimini zay\u0131flatt\u0131\u011f\u0131na dikkat \u00e7ekti.<\/p>\n<p><img loading=\"lazy\" decoding=\"async\" class=\"size-medium wp-image-264416 alignright\" src=\"http:\/\/107.6.182.27\/tr\/wp-content\/uploads\/2022\/10\/3-7-300x189.jpg\" alt=\"\" width=\"300\" height=\"189\" srcset=\"https:\/\/archive.sana.sy\/tr\/wp-content\/uploads\/2022\/10\/3-7-300x189.jpg 300w, https:\/\/archive.sana.sy\/tr\/wp-content\/uploads\/2022\/10\/3-7-150x95.jpg 150w, https:\/\/archive.sana.sy\/tr\/wp-content\/uploads\/2022\/10\/3-7.jpg 660w\" sizes=\"auto, (max-width: 300px) 100vw, 300px\" \/>Sa\u011fl\u0131k Bakan\u0131, ter\u00f6rle m\u00fccadelenin yans\u0131malar\u0131na ra\u011fmen, yerel ve uluslararas\u0131 \u00e7al\u0131\u015fmalar\u0131n koordinasyonu sayesinde sa\u011fl\u0131k hizmetlerinin restorasyonunun h\u0131zland\u0131\u011f\u0131n\u0131 ve baz\u0131 g\u00f6stergelerde bir miktar iyile\u015fme oldu\u011funu belirtti.<\/p>\n<p>El \u011eaba\u015f, Suriye&#8217;de s\u00fcrd\u00fcr\u00fclebilir kalk\u0131nman\u0131n ba\u015far\u0131lmas\u0131n\u0131n kar\u015f\u0131 kar\u015f\u0131ya oldu\u011fu zorluklar\u0131n, kaynaklar\u0131 ve do\u011fas\u0131 a\u00e7\u0131s\u0131ndan, d\u0131\u015f, i\u00e7, yap\u0131sal, acil durum, nesnel ve \u00f6znel aras\u0131nda \u00e7ok say\u0131da oldu\u011funa dikkat \u00e7ekti.<\/p>\n<p><a class=\"x1i10hfl xjbqb8w x6umtig x1b1mbwd xaqea5y xav7gou x9f619 x1ypdohk xt0psk2 xe8uvvx xdj266r x11i5rnm xat24cr x1mh8g0r xexx8yu x4uap5 x18d9i69 xkhd6sd x16tdsg8 x1hl2dhg xggy1nq x1a2a7pz xt0b8zv x1qq9wsj xo1l8bm\" tabindex=\"0\" role=\"link\" href=\"https:\/\/www.facebook.com\/hashtag\/telegram_kanal%C4%B1m%C4%B1z?__eep__=6&amp;__cft__[0]=AZX27nMsdWEwPa_gFNUJ4OpeB5-drkF-US6pckUdXn8HjRFlZWIGov7HdDPBM5VJJwrtBwVKF0QKb0L3eywscULFnWU2h2y67zYVeeL9Ayac8f1gfx0vCu7LCiUnplXdvV4&amp;__tn__=*NK-R\">#Telegram_Kanal\u0131m\u0131z<\/a>:\u00a0<a class=\"x1i10hfl xjbqb8w x6umtig x1b1mbwd xaqea5y xav7gou x9f619 x1ypdohk xt0psk2 xe8uvvx xdj266r x11i5rnm xat24cr x1mh8g0r xexx8yu x4uap5 x18d9i69 xkhd6sd x16tdsg8 x1hl2dhg xggy1nq x1a2a7pz xt0b8zv x1fey0fg\" tabindex=\"0\" role=\"link\" href=\"https:\/\/t.me\/SuriyeArapHaberAjans%C4%B1?fbclid=IwAR3hfDa3uNTGqPPBmYvHWGRnKAbsg4hnESUTgLIrESu6dC2vLOggP4mwXKA\" target=\"_blank\" rel=\"nofollow noopener\">https:\/\/t.me\/SuriyeArapHaberAjans\u0131<\/a><\/p>\n","protected":false},"excerpt":{"rendered":"<p>KAH\u0130RE \u2013 Sa\u011fl\u0131k Bakan\u0131 Dr. Hasan El \u011eaba\u015f, Suriye&#8217;nin s\u00fcrd\u00fcr\u00fclebilir kalk\u0131nma hedeflerine ula\u015fma, Suriye&#8217;ye y\u00f6nelik sald\u0131rganl\u0131\u011f\u0131 ve ter\u00f6rizmi durdurma, tek tarafl\u0131 zorlay\u0131c\u0131 ekonomik yapt\u0131r\u0131mlar\u0131 kald\u0131rma ve ter\u00f6r sava\u015f\u0131 taraf\u0131ndan yok edilenlerin yeniden in\u015fas\u0131na katk\u0131da bulunma y\u00fcr\u00fcy\u00fc\u015f\u00fcn\u00fc destekleme ihtiyac\u0131n\u0131 vurgulad\u0131. DS\u00d6 Do\u011fu Akdeniz B\u00f6lge Komitesi&#8217;nin \u015fu anda Kahire&#8217;de d\u00fczenlenen 69. oturumu \u00e7al\u0131\u015fmalar\u0131 kapsam\u0131nda s\u00fcrd\u00fcr\u00fclebilir kalk\u0131nmaya ili\u015fkin &hellip;<\/p>\n","protected":false},"author":36,"featured_media":264417,"comment_status":"closed","ping_status":"closed","sticky":false,"template":"","format":"standard","meta":{"footnotes":""},"categories":[458,459,17988],"tags":[],"class_list":["post-264414","post","type-post","status-publish","format-standard","has-post-thumbnail","","category-dunya1","category-haberler-arap-uluslararasi-politika","category-son-haberler"],"_links":{"self":[{"href":"https:\/\/archive.sana.sy\/tr\/index.php?rest_route=\/wp\/v2\/posts\/264414","targetHints":{"allow":["GET"]}}],"collection":[{"href":"https:\/\/archive.sana.sy\/tr\/index.php?rest_route=\/wp\/v2\/posts"}],"about":[{"href":"https:\/\/archive.sana.sy\/tr\/index.php?rest_route=\/wp\/v2\/types\/post"}],"author":[{"embeddable":true,"href":"https:\/\/archive.sana.sy\/tr\/index.php?rest_route=\/wp\/v2\/users\/36"}],"replies":[{"embeddable":true,"href":"https:\/\/archive.sana.sy\/tr\/index.php?rest_route=%2Fwp%2Fv2%2Fcomments&post=264414"}],"version-history":[{"count":0,"href":"https:\/\/archive.sana.sy\/tr\/index.php?rest_route=\/wp\/v2\/posts\/264414\/revisions"}],"wp:featuredmedia":[{"embeddable":true,"href":"https:\/\/archive.sana.sy\/tr\/index.php?rest_route=\/wp\/v2\/media\/264417"}],"wp:attachment":[{"href":"https:\/\/archive.sana.sy\/tr\/index.php?rest_route=%2Fwp%2Fv2%2Fmedia&parent=264414"}],"wp:term":[{"taxonomy":"category","embeddable":true,"href":"https:\/\/archive.sana.sy\/tr\/index.php?rest_route=%2Fwp%2Fv2%2Fcategories&post=264414"},{"taxonomy":"post_tag","embeddable":true,"href":"https:\/\/archive.sana.sy\/tr\/index.php?rest_route=%2Fwp%2Fv2%2Ftags&post=264414"}],"curies":[{"name":"wp","href":"https:\/\/api.w.org\/{rel}","templated":true}]}}