{"id":264419,"date":"2022-10-14T10:55:38","date_gmt":"2022-10-14T07:55:38","guid":{"rendered":"http:\/\/107.6.182.27\/tr\/?p=264419"},"modified":"2022-10-15T09:11:28","modified_gmt":"2022-10-15T06:11:28","slug":"israil-isgal-guclerinin-cenine-duzenledigi-baskin-sirasinda-iki-filistinli-sehit-dustu","status":"publish","type":"post","link":"https:\/\/archive.sana.sy\/tr\/?p=264419","title":{"rendered":"\u0130srail \u0130\u015fgal G\u00fc\u00e7lerinin, Cenin\u2019e D\u00fczenledi\u011fi Bask\u0131n S\u0131ras\u0131nda \u0130ki Filistinli \u015eehit D\u00fc\u015ft\u00fc"},"content":{"rendered":"<p>\u0130\u015eGAL ED\u0130LEN K\u00dcDUS \u2013 \u0130srail i\u015fgal g\u00fc\u00e7lerinin Bat\u0131 Yaka\u2019daki Cenin \u015fehrine ve m\u00fclteci kamp\u0131na bask\u0131n d\u00fczenledi\u011fi s\u0131rada iki Filistinli \u015fehit d\u00fc\u015ft\u00fc, alt\u0131 ki\u015fi de yaraland\u0131.<\/p>\n<p>WAFA Haber Ajans\u0131n\u0131n aktard\u0131\u011f\u0131na g\u00f6re Filistin Sa\u011fl\u0131k Bakanl\u0131\u011f\u0131, \u0130srail i\u015fgal g\u00fc\u00e7lerinin Filistinlileri, ambulans ekiplerini ve \u015eehit Halil S\u00fcleyman Hastanesi&#8217;ni kur\u015fun ve keskin ni\u015fanc\u0131 ate\u015fi ile hedef ald\u0131\u011f\u0131n\u0131 belirtirken, bunu iki gencin \u015fehit d\u00fc\u015fmesine ve bir doktor da dahil olmak \u00fczere alt\u0131 ki\u015finin yaralanmas\u0131na yol a\u00e7t\u0131\u011f\u0131na i\u015faret etti.<\/p>\n<p><a class=\"x1i10hfl xjbqb8w x6umtig x1b1mbwd xaqea5y xav7gou x9f619 x1ypdohk xt0psk2 xe8uvvx xdj266r x11i5rnm xat24cr x1mh8g0r xexx8yu x4uap5 x18d9i69 xkhd6sd x16tdsg8 x1hl2dhg xggy1nq x1a2a7pz xt0b8zv x1qq9wsj xo1l8bm\" tabindex=\"0\" role=\"link\" href=\"https:\/\/www.facebook.com\/hashtag\/telegram_kanal%C4%B1m%C4%B1z?__eep__=6&amp;__cft__[0]=AZX27nMsdWEwPa_gFNUJ4OpeB5-drkF-US6pckUdXn8HjRFlZWIGov7HdDPBM5VJJwrtBwVKF0QKb0L3eywscULFnWU2h2y67zYVeeL9Ayac8f1gfx0vCu7LCiUnplXdvV4&amp;__tn__=*NK-R\">#Telegram_Kanal\u0131m\u0131z<\/a>:\u00a0<a class=\"x1i10hfl xjbqb8w x6umtig x1b1mbwd xaqea5y xav7gou x9f619 x1ypdohk xt0psk2 xe8uvvx xdj266r x11i5rnm xat24cr x1mh8g0r xexx8yu x4uap5 x18d9i69 xkhd6sd x16tdsg8 x1hl2dhg xggy1nq x1a2a7pz xt0b8zv x1fey0fg\" tabindex=\"0\" role=\"link\" href=\"https:\/\/t.me\/SuriyeArapHaberAjans%C4%B1?fbclid=IwAR3hfDa3uNTGqPPBmYvHWGRnKAbsg4hnESUTgLIrESu6dC2vLOggP4mwXKA\" target=\"_blank\" rel=\"nofollow noopener\">https:\/\/t.me\/SuriyeArapHaberAjans\u0131<\/a><\/p>\n","protected":false},"excerpt":{"rendered":"<p>\u0130\u015eGAL ED\u0130LEN K\u00dcDUS \u2013 \u0130srail i\u015fgal g\u00fc\u00e7lerinin Bat\u0131 Yaka\u2019daki Cenin \u015fehrine ve m\u00fclteci kamp\u0131na bask\u0131n d\u00fczenledi\u011fi s\u0131rada iki Filistinli \u015fehit d\u00fc\u015ft\u00fc, alt\u0131 ki\u015fi de yaraland\u0131. WAFA Haber Ajans\u0131n\u0131n aktard\u0131\u011f\u0131na g\u00f6re Filistin Sa\u011fl\u0131k Bakanl\u0131\u011f\u0131, \u0130srail i\u015fgal g\u00fc\u00e7lerinin Filistinlileri, ambulans ekiplerini ve \u015eehit Halil S\u00fcleyman Hastanesi&#8217;ni kur\u015fun ve keskin ni\u015fanc\u0131 ate\u015fi ile hedef ald\u0131\u011f\u0131n\u0131 belirtirken, bunu iki &hellip;<\/p>\n","protected":false},"author":36,"featured_media":264420,"comment_status":"closed","ping_status":"closed","sticky":false,"template":"","format":"standard","meta":{"footnotes":""},"categories":[458,459,17988],"tags":[],"class_list":["post-264419","post","type-post","status-publish","format-standard","has-post-thumbnail","","category-dunya1","category-haberler-arap-uluslararasi-politika","category-son-haberler"],"_links":{"self":[{"href":"https:\/\/archive.sana.sy\/tr\/index.php?rest_route=\/wp\/v2\/posts\/264419","targetHints":{"allow":["GET"]}}],"collection":[{"href":"https:\/\/archive.sana.sy\/tr\/index.php?rest_route=\/wp\/v2\/posts"}],"about":[{"href":"https:\/\/archive.sana.sy\/tr\/index.php?rest_route=\/wp\/v2\/types\/post"}],"author":[{"embeddable":true,"href":"https:\/\/archive.sana.sy\/tr\/index.php?rest_route=\/wp\/v2\/users\/36"}],"replies":[{"embeddable":true,"href":"https:\/\/archive.sana.sy\/tr\/index.php?rest_route=%2Fwp%2Fv2%2Fcomments&post=264419"}],"version-history":[{"count":0,"href":"https:\/\/archive.sana.sy\/tr\/index.php?rest_route=\/wp\/v2\/posts\/264419\/revisions"}],"wp:featuredmedia":[{"embeddable":true,"href":"https:\/\/archive.sana.sy\/tr\/index.php?rest_route=\/wp\/v2\/media\/264420"}],"wp:attachment":[{"href":"https:\/\/archive.sana.sy\/tr\/index.php?rest_route=%2Fwp%2Fv2%2Fmedia&parent=264419"}],"wp:term":[{"taxonomy":"category","embeddable":true,"href":"https:\/\/archive.sana.sy\/tr\/index.php?rest_route=%2Fwp%2Fv2%2Fcategories&post=264419"},{"taxonomy":"post_tag","embeddable":true,"href":"https:\/\/archive.sana.sy\/tr\/index.php?rest_route=%2Fwp%2Fv2%2Ftags&post=264419"}],"curies":[{"name":"wp","href":"https:\/\/api.w.org\/{rel}","templated":true}]}}