{"id":264505,"date":"2022-10-16T08:25:22","date_gmt":"2022-10-16T05:25:22","guid":{"rendered":"http:\/\/107.6.182.27\/tr\/?p=264505"},"modified":"2022-10-17T08:08:36","modified_gmt":"2022-10-17T05:08:36","slug":"saglik-tespit-edilen-kolera-vaka-sayisi-825-vefat-sayisi-43","status":"publish","type":"post","link":"https:\/\/archive.sana.sy\/tr\/?p=264505","title":{"rendered":"Sa\u011fl\u0131k: Tespit Edilen Kolera Vaka Say\u0131s\u0131 825 Vefat Say\u0131s\u0131 43"},"content":{"rendered":"<p>\u015eAM \u2013 Sa\u011fl\u0131k Bakanl\u0131\u011f\u0131, h\u0131zl\u0131 testlerle teyit edilen toplam kolera vakas\u0131 say\u0131s\u0131n\u0131n 825\u2019e y\u00fckseldi\u011fini belirtirken, vakalar\u0131n Halep 519, Deyrezzor 145, Haseke 63, Rakka 29, , Lazkiye 23, S\u00fcveyde 17, Homs 7, Hama 8, Dera 3, Kuneytra 1 ve \u015eam\u2019da 10 oldu\u011funa i\u015faret etti.<\/p>\n<p>Bakanl\u0131k ayr\u0131ca, \u00f6l\u00fc say\u0131s\u0131n\u0131n ise 43\u2019e ula\u015ft\u0131\u011f\u0131n\u0131 belirtirken, vakalar\u0131n Halep 36, Deyrezzor 2, Haseke 4 ve \u015eam 1 Vitan\u2019da da\u011f\u0131ld\u0131\u011f\u0131na dikkat \u00e7ekiyor.<\/p>\n<p><span style=\"color: #0000ff;\">#Telegram_Kanal\u0131m\u0131z: https:\/\/t.me\/SuriyeArapHaberAjansI<\/span><\/p>\n","protected":false},"excerpt":{"rendered":"<p>\u015eAM \u2013 Sa\u011fl\u0131k Bakanl\u0131\u011f\u0131, h\u0131zl\u0131 testlerle teyit edilen toplam kolera vakas\u0131 say\u0131s\u0131n\u0131n 825\u2019e y\u00fckseldi\u011fini belirtirken, vakalar\u0131n Halep 519, Deyrezzor 145, Haseke 63, Rakka 29, , Lazkiye 23, S\u00fcveyde 17, Homs 7, Hama 8, Dera 3, Kuneytra 1 ve \u015eam\u2019da 10 oldu\u011funa i\u015faret etti. Bakanl\u0131k ayr\u0131ca, \u00f6l\u00fc say\u0131s\u0131n\u0131n ise 43\u2019e ula\u015ft\u0131\u011f\u0131n\u0131 belirtirken, vakalar\u0131n Halep 36, Deyrezzor &hellip;<\/p>\n","protected":false},"author":36,"featured_media":264506,"comment_status":"closed","ping_status":"closed","sticky":false,"template":"","format":"standard","meta":{"footnotes":""},"categories":[479,541,17988,538,478],"tags":[],"class_list":["post-264505","post","type-post","status-publish","format-standard","has-post-thumbnail","","category-haberler-yerel","category-haberler","category-son-haberler","category-yasam","category-yerel"],"_links":{"self":[{"href":"https:\/\/archive.sana.sy\/tr\/index.php?rest_route=\/wp\/v2\/posts\/264505","targetHints":{"allow":["GET"]}}],"collection":[{"href":"https:\/\/archive.sana.sy\/tr\/index.php?rest_route=\/wp\/v2\/posts"}],"about":[{"href":"https:\/\/archive.sana.sy\/tr\/index.php?rest_route=\/wp\/v2\/types\/post"}],"author":[{"embeddable":true,"href":"https:\/\/archive.sana.sy\/tr\/index.php?rest_route=\/wp\/v2\/users\/36"}],"replies":[{"embeddable":true,"href":"https:\/\/archive.sana.sy\/tr\/index.php?rest_route=%2Fwp%2Fv2%2Fcomments&post=264505"}],"version-history":[{"count":0,"href":"https:\/\/archive.sana.sy\/tr\/index.php?rest_route=\/wp\/v2\/posts\/264505\/revisions"}],"wp:featuredmedia":[{"embeddable":true,"href":"https:\/\/archive.sana.sy\/tr\/index.php?rest_route=\/wp\/v2\/media\/264506"}],"wp:attachment":[{"href":"https:\/\/archive.sana.sy\/tr\/index.php?rest_route=%2Fwp%2Fv2%2Fmedia&parent=264505"}],"wp:term":[{"taxonomy":"category","embeddable":true,"href":"https:\/\/archive.sana.sy\/tr\/index.php?rest_route=%2Fwp%2Fv2%2Fcategories&post=264505"},{"taxonomy":"post_tag","embeddable":true,"href":"https:\/\/archive.sana.sy\/tr\/index.php?rest_route=%2Fwp%2Fv2%2Ftags&post=264505"}],"curies":[{"name":"wp","href":"https:\/\/api.w.org\/{rel}","templated":true}]}}