{"id":264634,"date":"2022-10-17T09:14:09","date_gmt":"2022-10-17T06:14:09","guid":{"rendered":"http:\/\/107.6.182.27\/tr\/?p=264634"},"modified":"2022-10-18T08:20:33","modified_gmt":"2022-10-18T05:20:33","slug":"suriyeli-multecilerin-ve-yerinden-edilmis-kisilerin-geri-donusu-hakkinda-uluslararasi-konferansin-takibi-icin-5-suriye-rusya-toplantisi-basliyor","status":"publish","type":"post","link":"https:\/\/archive.sana.sy\/tr\/?p=264634","title":{"rendered":"Suriyeli M\u00fcltecilerin Ve Yerinden Edilmi\u015flerin Geri D\u00f6n\u00fc\u015f\u00fc Hakk\u0131nda Uluslararas\u0131 Konferans Toplant\u0131s\u0131 Bug\u00fcn Ba\u015fl\u0131yor"},"content":{"rendered":"<p>\u015eAM &#8211; Suriyeli m\u00fcltecilerin ve yerlerinden edilmi\u015f ki\u015filerin d\u00f6n\u00fc\u015f\u00fcne ili\u015fkin uluslararas\u0131 konferans\u0131 takip etmek i\u00e7in be\u015finci Suriye-Rusya ortak toplant\u0131s\u0131n\u0131n \u00e7al\u0131\u015fmalar\u0131, bug\u00fcn \u015eam&#8217;daki Konferans Saray\u0131&#8217;nda ba\u015fl\u0131yor.<\/p>\n<p>D\u00f6rt g\u00fcn s\u00fcrecek toplant\u0131 \u00e7al\u0131\u015fmalar\u0131, Suriye ve Rusya Koordinasyon Bakanl\u0131klar\u0131n\u0131n, Birle\u015fmi\u015f Milletler, Uluslararas\u0131 K\u0131z\u0131lha\u00e7 Komitesi ve di\u011fer insani yard\u0131m kurulu\u015flar\u0131n\u0131n temsilcilerinin huzurunda ortak bir oturumunu i\u00e7eriyor.<\/p>\n<p>Toplant\u0131 kapsam\u0131nda bug\u00fcn, ekonomi, e\u011fitim, sanayi, tar\u0131m, yerel y\u00f6netim, enerji, medya ve k\u00fclt\u00fcr dahil olmak \u00fczere \u00e7e\u015fitli sekt\u00f6rleri kapsayan amac\u0131yla \u015eam&#8217;da ve di\u011fer bir\u00e7ok ilde Suriye ve Rusya taraflar\u0131 aras\u0131nda \u00e7e\u015fitli alanlarda i\u015fbirli\u011fi anla\u015fmalar\u0131na varmas\u0131 amac\u0131yla ortak toplant\u0131lar\u0131 da i\u00e7eriyor.<\/p>\n<p><a class=\"x1i10hfl xjbqb8w x6umtig x1b1mbwd xaqea5y xav7gou x9f619 x1ypdohk xt0psk2 xe8uvvx xdj266r x11i5rnm xat24cr x1mh8g0r xexx8yu x4uap5 x18d9i69 xkhd6sd x16tdsg8 x1hl2dhg xggy1nq x1a2a7pz xt0b8zv x1qq9wsj xo1l8bm\" tabindex=\"0\" role=\"link\" href=\"https:\/\/www.facebook.com\/hashtag\/telegram_kanal%C4%B1m%C4%B1z?__eep__=6&amp;__cft__[0]=AZWiDGVFlH3tjalyXqOk-Y-jNv84V_BS08gD8YRbPzfV1Nkt_AGB2nk03Q1osd5HXy1ArZ65sgLwenkCRiCiZo15n_xCA21p3jnhwrdqgESHfW9kIBDM0a0eJjwd4OWO4zA&amp;__tn__=*NK-R\">#Telegram_Kanal\u0131m\u0131z<\/a>: <a class=\"x1i10hfl xjbqb8w x6umtig x1b1mbwd xaqea5y xav7gou x9f619 x1ypdohk xt0psk2 xe8uvvx xdj266r x11i5rnm xat24cr x1mh8g0r xexx8yu x4uap5 x18d9i69 xkhd6sd x16tdsg8 x1hl2dhg xggy1nq x1a2a7pz xt0b8zv x1fey0fg\" tabindex=\"0\" role=\"link\" href=\"https:\/\/t.me\/SuriyeArapHaberAjans%C4%B1?fbclid=IwAR3LKPsjnueI3c_uyNmAU83VA-3dCaj0uwbSB1utoGhmeTmeLIGqPBbYdNA\" target=\"_blank\" rel=\"nofollow noopener\">https:\/\/t.me\/SuriyeArapHaberAjans\u0131<\/a><\/p>\n","protected":false},"excerpt":{"rendered":"<p>\u015eAM &#8211; Suriyeli m\u00fcltecilerin ve yerlerinden edilmi\u015f ki\u015filerin d\u00f6n\u00fc\u015f\u00fcne ili\u015fkin uluslararas\u0131 konferans\u0131 takip etmek i\u00e7in be\u015finci Suriye-Rusya ortak toplant\u0131s\u0131n\u0131n \u00e7al\u0131\u015fmalar\u0131, bug\u00fcn \u015eam&#8217;daki Konferans Saray\u0131&#8217;nda ba\u015fl\u0131yor. D\u00f6rt g\u00fcn s\u00fcrecek toplant\u0131 \u00e7al\u0131\u015fmalar\u0131, Suriye ve Rusya Koordinasyon Bakanl\u0131klar\u0131n\u0131n, Birle\u015fmi\u015f Milletler, Uluslararas\u0131 K\u0131z\u0131lha\u00e7 Komitesi ve di\u011fer insani yard\u0131m kurulu\u015flar\u0131n\u0131n temsilcilerinin huzurunda ortak bir oturumunu i\u00e7eriyor. Toplant\u0131 kapsam\u0131nda bug\u00fcn, ekonomi, &hellip;<\/p>\n","protected":false},"author":39,"featured_media":264660,"comment_status":"closed","ping_status":"closed","sticky":false,"template":"","format":"standard","meta":{"footnotes":""},"categories":[479,17988,478],"tags":[],"class_list":["post-264634","post","type-post","status-publish","format-standard","has-post-thumbnail","","category-haberler-yerel","category-son-haberler","category-yerel"],"_links":{"self":[{"href":"https:\/\/archive.sana.sy\/tr\/index.php?rest_route=\/wp\/v2\/posts\/264634","targetHints":{"allow":["GET"]}}],"collection":[{"href":"https:\/\/archive.sana.sy\/tr\/index.php?rest_route=\/wp\/v2\/posts"}],"about":[{"href":"https:\/\/archive.sana.sy\/tr\/index.php?rest_route=\/wp\/v2\/types\/post"}],"author":[{"embeddable":true,"href":"https:\/\/archive.sana.sy\/tr\/index.php?rest_route=\/wp\/v2\/users\/39"}],"replies":[{"embeddable":true,"href":"https:\/\/archive.sana.sy\/tr\/index.php?rest_route=%2Fwp%2Fv2%2Fcomments&post=264634"}],"version-history":[{"count":0,"href":"https:\/\/archive.sana.sy\/tr\/index.php?rest_route=\/wp\/v2\/posts\/264634\/revisions"}],"wp:featuredmedia":[{"embeddable":true,"href":"https:\/\/archive.sana.sy\/tr\/index.php?rest_route=\/wp\/v2\/media\/264660"}],"wp:attachment":[{"href":"https:\/\/archive.sana.sy\/tr\/index.php?rest_route=%2Fwp%2Fv2%2Fmedia&parent=264634"}],"wp:term":[{"taxonomy":"category","embeddable":true,"href":"https:\/\/archive.sana.sy\/tr\/index.php?rest_route=%2Fwp%2Fv2%2Fcategories&post=264634"},{"taxonomy":"post_tag","embeddable":true,"href":"https:\/\/archive.sana.sy\/tr\/index.php?rest_route=%2Fwp%2Fv2%2Ftags&post=264634"}],"curies":[{"name":"wp","href":"https:\/\/api.w.org\/{rel}","templated":true}]}}