{"id":264687,"date":"2022-10-17T12:28:36","date_gmt":"2022-10-17T09:28:36","guid":{"rendered":"http:\/\/107.6.182.27\/tr\/?p=264687"},"modified":"2022-10-18T08:21:28","modified_gmt":"2022-10-18T05:21:28","slug":"suriye-rusya-operasyonunda-derada-20-isid-teroristi-etkisiz-hale-getirildi","status":"publish","type":"post","link":"https:\/\/archive.sana.sy\/tr\/?p=264687","title":{"rendered":"Suriye-Rusya Operasyonunda Dera&#8217;da 20 \u201c\u0130\u015e\u0130D\u201d Ter\u00f6risti Etkisiz Hale Getirildi"},"content":{"rendered":"<p>MOSKOVA_ Rusya Savunma Bakanl\u0131\u011f\u0131, Suriye Arap Ordusu ve Rus g\u00fc\u00e7lerine ait birliklerin Dera k\u0131rsal\u0131nda d\u00fczenledi\u011fi ortak \u00f6zel operasyonda 20 \u201c\u0130\u015e\u0130D\u201d ter\u00f6ristini \u00f6ld\u00fcrd\u00fc\u011f\u00fcn\u00fc ilan etti.<\/p>\n<p>Lazkiye&#8217;deki Hmeimim \u00fcss\u00fcndeki\u00a0 Rus Koordinasyon Merkezi ba\u015fkan yard\u0131mc\u0131s\u0131 T\u00fcmgeneral Oleg Egoruv , Suriye ordusunun \u201cRus Hava Kuvvetleri&#8217;nin deste\u011fiyle Dera ilinde \u00f6zel bir operasyon d\u00fczenledi\u011fini ve bunun sonucunda 20 \u201c\u0130\u015e\u0130D\u201d ter\u00f6ristini \u00f6ld\u00fcr\u00fcld\u00fc\u011f\u00fcn\u00fc s\u00f6yledi\u201d<\/p>\n<p><a class=\"x1i10hfl xjbqb8w x6umtig x1b1mbwd xaqea5y xav7gou x9f619 x1ypdohk xt0psk2 xe8uvvx xdj266r x11i5rnm xat24cr x1mh8g0r xexx8yu x4uap5 x18d9i69 xkhd6sd x16tdsg8 x1hl2dhg xggy1nq x1a2a7pz xt0b8zv x1qq9wsj xo1l8bm\" tabindex=\"0\" role=\"link\" href=\"https:\/\/www.facebook.com\/hashtag\/telegram_kanal%C4%B1m%C4%B1z?__eep__=6&amp;__cft__[0]=AZUAjBhSCgh76u-KRzZgd36JBozeX3Ms2CSv5Z0N4xTqg0mWGRr-O15JhSTw0fzeWUJW15C3Q9u3HfMqs6GyGgKnHWZYC9D0EQVv7Mt4MDsUwTmJnoVa0oqr8wl11J1dowyQxoz8u2DFK41gmdIz4oamKKrD_5Mau3ytqpc1RGnr9NK7hmbJ4zQno2RaXknlCFc&amp;__tn__=*NK-R\">#Telegram_Kanal\u0131m\u0131z<\/a>: <a class=\"x1i10hfl xjbqb8w x6umtig x1b1mbwd xaqea5y xav7gou x9f619 x1ypdohk xt0psk2 xe8uvvx xdj266r x11i5rnm xat24cr x1mh8g0r xexx8yu x4uap5 x18d9i69 xkhd6sd x16tdsg8 x1hl2dhg xggy1nq x1a2a7pz xt0b8zv x1fey0fg\" tabindex=\"0\" role=\"link\" href=\"https:\/\/l.facebook.com\/l.php?u=https%3A%2F%2Ft.me%2FSuriyeArapHaberAjans%C4%B1%3Ffbclid%3DIwAR1Hu8OO02IYQMnRZV76aEAYOKECJzQGmJOkEVohc0-5UcVrAPFhOMqteJ4&amp;h=AT381xNMVVwdv-GfMhnX9PXJV7nuH8UL97IGrWxNfF_LCve8HOvwGx4kiGZN8APKSUSadnRQ2PCzjxY3CIvk2VGBoEUeCL9HYI-zPtQmjQF5F5DPCovFPEuaCLau0mOSeuSQ&amp;__tn__=-UK-R&amp;c[0]=AT0lMRdzr-Jw_3CWBM7yPyEOEvIkJPkygXqf_CSlVAnm7i0RMrP9OhONbTeFR5RE4_TPmtfFAsiq9FVSO-PSte2eUhsC5zm6wXR1XwXfkqrGxeWzLAHDgMHjBjJjNroPPnkOOffDQjB2O9jUro-RXaO39raRUEbNWGBGvGIVAtGIrnktK_LYpHxDtLmZEYfUlRKX8XREYsuV\" target=\"_blank\" rel=\"nofollow noopener\">https:\/\/t.me\/SuriyeArapHaberAjans\u0131<\/a><\/p>\n","protected":false},"excerpt":{"rendered":"<p>MOSKOVA_ Rusya Savunma Bakanl\u0131\u011f\u0131, Suriye Arap Ordusu ve Rus g\u00fc\u00e7lerine ait birliklerin Dera k\u0131rsal\u0131nda d\u00fczenledi\u011fi ortak \u00f6zel operasyonda 20 \u201c\u0130\u015e\u0130D\u201d ter\u00f6ristini \u00f6ld\u00fcrd\u00fc\u011f\u00fcn\u00fc ilan etti. Lazkiye&#8217;deki Hmeimim \u00fcss\u00fcndeki\u00a0 Rus Koordinasyon Merkezi ba\u015fkan yard\u0131mc\u0131s\u0131 T\u00fcmgeneral Oleg Egoruv , Suriye ordusunun \u201cRus Hava Kuvvetleri&#8217;nin deste\u011fiyle Dera ilinde \u00f6zel bir operasyon d\u00fczenledi\u011fini ve bunun sonucunda 20 \u201c\u0130\u015e\u0130D\u201d ter\u00f6ristini \u00f6ld\u00fcr\u00fcld\u00fc\u011f\u00fcn\u00fc &hellip;<\/p>\n","protected":false},"author":39,"featured_media":264688,"comment_status":"closed","ping_status":"closed","sticky":false,"template":"","format":"standard","meta":{"footnotes":""},"categories":[458,459,575,17988],"tags":[],"class_list":["post-264687","post","type-post","status-publish","format-standard","has-post-thumbnail","","category-dunya1","category-haberler-arap-uluslararasi-politika","category-olaylar-ve-gercekler","category-son-haberler"],"_links":{"self":[{"href":"https:\/\/archive.sana.sy\/tr\/index.php?rest_route=\/wp\/v2\/posts\/264687","targetHints":{"allow":["GET"]}}],"collection":[{"href":"https:\/\/archive.sana.sy\/tr\/index.php?rest_route=\/wp\/v2\/posts"}],"about":[{"href":"https:\/\/archive.sana.sy\/tr\/index.php?rest_route=\/wp\/v2\/types\/post"}],"author":[{"embeddable":true,"href":"https:\/\/archive.sana.sy\/tr\/index.php?rest_route=\/wp\/v2\/users\/39"}],"replies":[{"embeddable":true,"href":"https:\/\/archive.sana.sy\/tr\/index.php?rest_route=%2Fwp%2Fv2%2Fcomments&post=264687"}],"version-history":[{"count":0,"href":"https:\/\/archive.sana.sy\/tr\/index.php?rest_route=\/wp\/v2\/posts\/264687\/revisions"}],"wp:featuredmedia":[{"embeddable":true,"href":"https:\/\/archive.sana.sy\/tr\/index.php?rest_route=\/wp\/v2\/media\/264688"}],"wp:attachment":[{"href":"https:\/\/archive.sana.sy\/tr\/index.php?rest_route=%2Fwp%2Fv2%2Fmedia&parent=264687"}],"wp:term":[{"taxonomy":"category","embeddable":true,"href":"https:\/\/archive.sana.sy\/tr\/index.php?rest_route=%2Fwp%2Fv2%2Fcategories&post=264687"},{"taxonomy":"post_tag","embeddable":true,"href":"https:\/\/archive.sana.sy\/tr\/index.php?rest_route=%2Fwp%2Fv2%2Ftags&post=264687"}],"curies":[{"name":"wp","href":"https:\/\/api.w.org\/{rel}","templated":true}]}}