{"id":264692,"date":"2022-10-16T23:33:47","date_gmt":"2022-10-16T20:33:47","guid":{"rendered":"http:\/\/107.6.182.27\/tr\/?p=264692"},"modified":"2022-10-18T08:20:14","modified_gmt":"2022-10-18T05:20:14","slug":"rus-ucaklari-onlarca-teroristi-olu-ve-yarali-dusurdu","status":"publish","type":"post","link":"https:\/\/archive.sana.sy\/tr\/?p=264692","title":{"rendered":"Rus U\u00e7aklar\u0131 Onlarca \u00a0Ter\u00f6risti \u00d6l\u00fc Ve Yaral\u0131 D\u00fc\u015f\u00fcrd\u00fc"},"content":{"rendered":"<p>MOSKOVA &#8211; Rusya&#8217;n\u0131n Suriye&#8217;deki Koordinasyon Merkezi Ba\u015fkan Yard\u0131mc\u0131s\u0131 T\u00fcmgeneral Oleg \u0130gorov, Rus Hava Kuvvetleri&#8217;nin Halep&#8217;in kuzeybat\u0131 k\u0131rsal\u0131ndaki bir ter\u00f6rist e\u011fitim kamp\u0131n\u0131 birka\u00e7 bombard\u0131manla hedef ald\u0131\u011f\u0131n\u0131, yakla\u015f\u0131k 100 ter\u00f6ristin \u00f6ld\u00fcr\u00fcld\u00fc\u011f\u00fcn\u00fc ve yaraland\u0131\u011f\u0131n\u0131 ilan etti.<\/p>\n<p>TASS Haber Ajans\u0131, \u0130gorov&#8217;un aktard\u0131\u011f\u0131na g\u00f6re, Afrin ve Azaz b\u00f6lgelerindeki militanlar aras\u0131ndaki \u00e7at\u0131\u015fmalar\u0131n, Suriye&#8217;nin kuzeybat\u0131 b\u00f6lgelerinde n\u00fcfuzun yeniden da\u011f\u0131t\u0131lmas\u0131n\u0131n arka plan\u0131nda devam etti\u011fini ve Rus Hava Kuvvetlerinin, ter\u00f6r \u00f6rg\u00fctlerine kar\u015f\u0131 sava\u015fmak i\u00e7in Halep k\u0131rsal\u0131ndaki Atme ve Azaz il\u00e7eleri yak\u0131nlar\u0131nda ter\u00f6ristlere y\u00f6nelik e\u011fitim kamp\u0131 ve komuta merkezine hava sald\u0131r\u0131s\u0131 d\u00fczenledi\u011fini s\u00f6yledi.<\/p>\n<p>\u0130gorov, Rus bombard\u0131manlar\u0131n\u0131n komuta merkezinin, silah, m\u00fchimmat ve te\u00e7hizat depolar\u0131n\u0131n ve a\u011f\u0131r makineli t\u00fcfek ve roketatar ta\u015f\u0131yan 15 ara\u00e7 da dahil olmak \u00fczere t\u00fcm kamp karargah\u0131n\u0131n imha edilmesiyle sonu\u00e7land\u0131\u011f\u0131n\u0131 belirtti.<\/p>\n<p><a class=\"x1i10hfl xjbqb8w x6umtig x1b1mbwd xaqea5y xav7gou x9f619 x1ypdohk xt0psk2 xe8uvvx xdj266r x11i5rnm xat24cr x1mh8g0r xexx8yu x4uap5 x18d9i69 xkhd6sd x16tdsg8 x1hl2dhg xggy1nq x1a2a7pz xt0b8zv x1qq9wsj xo1l8bm\" tabindex=\"0\" role=\"link\" href=\"https:\/\/www.facebook.com\/hashtag\/telegram_kanal%C4%B1m%C4%B1z?__eep__=6&amp;__cft__[0]=AZUAjBhSCgh76u-KRzZgd36JBozeX3Ms2CSv5Z0N4xTqg0mWGRr-O15JhSTw0fzeWUJW15C3Q9u3HfMqs6GyGgKnHWZYC9D0EQVv7Mt4MDsUwTmJnoVa0oqr8wl11J1dowyQxoz8u2DFK41gmdIz4oamKKrD_5Mau3ytqpc1RGnr9NK7hmbJ4zQno2RaXknlCFc&amp;__tn__=*NK-R\">#Telegram_Kanal\u0131m\u0131z<\/a>: <a class=\"x1i10hfl xjbqb8w x6umtig x1b1mbwd xaqea5y xav7gou x9f619 x1ypdohk xt0psk2 xe8uvvx xdj266r x11i5rnm xat24cr x1mh8g0r xexx8yu x4uap5 x18d9i69 xkhd6sd x16tdsg8 x1hl2dhg xggy1nq x1a2a7pz xt0b8zv x1fey0fg\" tabindex=\"0\" role=\"link\" href=\"https:\/\/l.facebook.com\/l.php?u=https%3A%2F%2Ft.me%2FSuriyeArapHaberAjans%C4%B1%3Ffbclid%3DIwAR1Hu8OO02IYQMnRZV76aEAYOKECJzQGmJOkEVohc0-5UcVrAPFhOMqteJ4&amp;h=AT381xNMVVwdv-GfMhnX9PXJV7nuH8UL97IGrWxNfF_LCve8HOvwGx4kiGZN8APKSUSadnRQ2PCzjxY3CIvk2VGBoEUeCL9HYI-zPtQmjQF5F5DPCovFPEuaCLau0mOSeuSQ&amp;__tn__=-UK-R&amp;c[0]=AT0lMRdzr-Jw_3CWBM7yPyEOEvIkJPkygXqf_CSlVAnm7i0RMrP9OhONbTeFR5RE4_TPmtfFAsiq9FVSO-PSte2eUhsC5zm6wXR1XwXfkqrGxeWzLAHDgMHjBjJjNroPPnkOOffDQjB2O9jUro-RXaO39raRUEbNWGBGvGIVAtGIrnktK_LYpHxDtLmZEYfUlRKX8XREYsuV\" target=\"_blank\" rel=\"nofollow noopener\">https:\/\/t.me\/SuriyeArapHaberAjans\u0131<\/a><\/p>\n","protected":false},"excerpt":{"rendered":"<p>MOSKOVA &#8211; Rusya&#8217;n\u0131n Suriye&#8217;deki Koordinasyon Merkezi Ba\u015fkan Yard\u0131mc\u0131s\u0131 T\u00fcmgeneral Oleg \u0130gorov, Rus Hava Kuvvetleri&#8217;nin Halep&#8217;in kuzeybat\u0131 k\u0131rsal\u0131ndaki bir ter\u00f6rist e\u011fitim kamp\u0131n\u0131 birka\u00e7 bombard\u0131manla hedef ald\u0131\u011f\u0131n\u0131, yakla\u015f\u0131k 100 ter\u00f6ristin \u00f6ld\u00fcr\u00fcld\u00fc\u011f\u00fcn\u00fc ve yaraland\u0131\u011f\u0131n\u0131 ilan etti. TASS Haber Ajans\u0131, \u0130gorov&#8217;un aktard\u0131\u011f\u0131na g\u00f6re, Afrin ve Azaz b\u00f6lgelerindeki militanlar aras\u0131ndaki \u00e7at\u0131\u015fmalar\u0131n, Suriye&#8217;nin kuzeybat\u0131 b\u00f6lgelerinde n\u00fcfuzun yeniden da\u011f\u0131t\u0131lmas\u0131n\u0131n arka plan\u0131nda devam &hellip;<\/p>\n","protected":false},"author":39,"featured_media":264693,"comment_status":"closed","ping_status":"closed","sticky":false,"template":"","format":"standard","meta":{"footnotes":""},"categories":[458,459,575,17988],"tags":[],"class_list":["post-264692","post","type-post","status-publish","format-standard","has-post-thumbnail","","category-dunya1","category-haberler-arap-uluslararasi-politika","category-olaylar-ve-gercekler","category-son-haberler"],"_links":{"self":[{"href":"https:\/\/archive.sana.sy\/tr\/index.php?rest_route=\/wp\/v2\/posts\/264692","targetHints":{"allow":["GET"]}}],"collection":[{"href":"https:\/\/archive.sana.sy\/tr\/index.php?rest_route=\/wp\/v2\/posts"}],"about":[{"href":"https:\/\/archive.sana.sy\/tr\/index.php?rest_route=\/wp\/v2\/types\/post"}],"author":[{"embeddable":true,"href":"https:\/\/archive.sana.sy\/tr\/index.php?rest_route=\/wp\/v2\/users\/39"}],"replies":[{"embeddable":true,"href":"https:\/\/archive.sana.sy\/tr\/index.php?rest_route=%2Fwp%2Fv2%2Fcomments&post=264692"}],"version-history":[{"count":0,"href":"https:\/\/archive.sana.sy\/tr\/index.php?rest_route=\/wp\/v2\/posts\/264692\/revisions"}],"wp:featuredmedia":[{"embeddable":true,"href":"https:\/\/archive.sana.sy\/tr\/index.php?rest_route=\/wp\/v2\/media\/264693"}],"wp:attachment":[{"href":"https:\/\/archive.sana.sy\/tr\/index.php?rest_route=%2Fwp%2Fv2%2Fmedia&parent=264692"}],"wp:term":[{"taxonomy":"category","embeddable":true,"href":"https:\/\/archive.sana.sy\/tr\/index.php?rest_route=%2Fwp%2Fv2%2Fcategories&post=264692"},{"taxonomy":"post_tag","embeddable":true,"href":"https:\/\/archive.sana.sy\/tr\/index.php?rest_route=%2Fwp%2Fv2%2Ftags&post=264692"}],"curies":[{"name":"wp","href":"https:\/\/api.w.org\/{rel}","templated":true}]}}