{"id":264711,"date":"2022-10-17T15:25:26","date_gmt":"2022-10-17T12:25:26","guid":{"rendered":"http:\/\/107.6.182.27\/tr\/?p=264711"},"modified":"2022-10-19T08:34:39","modified_gmt":"2022-10-19T05:34:39","slug":"mikdad-pedersen-ile-ortak-cikar-konularini-ve-suriyedeki-son-gelismeleri-gorusuyor","status":"publish","type":"post","link":"https:\/\/archive.sana.sy\/tr\/?p=264711","title":{"rendered":"Mikdad, Pedersen \u0130le Ortak \u00c7\u0131kar Konular\u0131n\u0131 Ve Suriye&#8217;deki Son Geli\u015fmeleri G\u00f6r\u00fc\u015f\u00fcyor"},"content":{"rendered":"<p>\u015eAM \u2013 D\u0131\u015fi\u015fleri ve Gurbe\u00e7ileri Bakan\u0131 Faysal Mikdad, Birle\u015fmi\u015f Milletler Genel Sekreteri&#8217;nin Suriye \u00d6zel Temsilcisi Geir Pedersen ile ortak \u00e7\u0131kar konular\u0131yla ilgili son geli\u015fmeler ve Suriye&#8217;deki son durumlar\u0131 g\u00f6r\u00fc\u015ft\u00fcr.<\/p>\n<p><img loading=\"lazy\" decoding=\"async\" class=\" wp-image-264713 alignright\" src=\"http:\/\/107.6.182.27\/tr\/wp-content\/uploads\/2022\/10\/999_7487-300x182.jpg\" alt=\"\" width=\"249\" height=\"151\" srcset=\"https:\/\/archive.sana.sy\/tr\/wp-content\/uploads\/2022\/10\/999_7487-300x182.jpg 300w, https:\/\/archive.sana.sy\/tr\/wp-content\/uploads\/2022\/10\/999_7487-150x91.jpg 150w, https:\/\/archive.sana.sy\/tr\/wp-content\/uploads\/2022\/10\/999_7487.jpg 660w\" sizes=\"auto, (max-width: 249px) 100vw, 249px\" \/>\u00d6zel temsilci, son zamanlarda bir\u00e7ok \u00fclkeye yapt\u0131\u011f\u0131 ziyaretlerin yakla\u015f\u0131m\u0131, bu \u00fclkelerdeki yetkililerle yapt\u0131\u011f\u0131 g\u00f6r\u00fc\u015fmeler ve Anayasa Tart\u0131\u015fma Komisyonu&#8217;nun \u00e7al\u0131\u015fmalar\u0131na yeniden ba\u015flamak i\u00e7in yap\u0131lan \u00e7al\u0131\u015fmalar hakk\u0131nda bir sunum yapt\u0131.<\/p>\n<p>Bakan Mikdad, \u0130srail&#8217;in Golan&#8217;\u0131 i\u015fgalinin ve Suriye topraklar\u0131na tekrarlanan sald\u0131rganl\u0131klar\u0131n\u0131n yan\u0131 s\u0131ra, Suriye topraklar\u0131n\u0131n Amerikan ve T\u00fcrk i\u015fgalinin devam etmesinin, Suriye&#8217;nin egemenli\u011fini ihlal etti\u011fini, uluslararas\u0131 hukuku ve Birle\u015fmi\u015f Milletler Antla\u015fmas\u0131\u2019n\u0131 \u00e7i\u011fnedi\u011fini ve b\u00f6lgede bar\u0131\u015f ve g\u00fcvenli\u011fi tehdit etti\u011fini vurgulad\u0131.<\/p>\n<p>Mikdad ayr\u0131ca, Birle\u015fmi\u015f Milletler&#8217;i bu konudaki rol\u00fcn\u00fc t\u00fcz\u00fc\u011f\u00fcne uygun olarak oynamaya \u00e7a\u011fr\u0131da bulundu.<\/p>\n<p><a class=\"x1i10hfl xjbqb8w x6umtig x1b1mbwd xaqea5y xav7gou x9f619 x1ypdohk xt0psk2 xe8uvvx xdj266r x11i5rnm xat24cr x1mh8g0r xexx8yu x4uap5 x18d9i69 xkhd6sd x16tdsg8 x1hl2dhg xggy1nq x1a2a7pz xt0b8zv x1qq9wsj xo1l8bm\" tabindex=\"0\" role=\"link\" href=\"https:\/\/www.facebook.com\/hashtag\/telegram_kanal%C4%B1m%C4%B1z?__eep__=6&amp;__cft__[0]=AZUAjBhSCgh76u-KRzZgd36JBozeX3Ms2CSv5Z0N4xTqg0mWGRr-O15JhSTw0fzeWUJW15C3Q9u3HfMqs6GyGgKnHWZYC9D0EQVv7Mt4MDsUwTmJnoVa0oqr8wl11J1dowyQxoz8u2DFK41gmdIz4oamKKrD_5Mau3ytqpc1RGnr9NK7hmbJ4zQno2RaXknlCFc&amp;__tn__=*NK-R\">#Telegram_Kanal\u0131m\u0131z<\/a>:\u00a0<a class=\"x1i10hfl xjbqb8w x6umtig x1b1mbwd xaqea5y xav7gou x9f619 x1ypdohk xt0psk2 xe8uvvx xdj266r x11i5rnm xat24cr x1mh8g0r xexx8yu x4uap5 x18d9i69 xkhd6sd x16tdsg8 x1hl2dhg xggy1nq x1a2a7pz xt0b8zv x1fey0fg\" tabindex=\"0\" role=\"link\" href=\"https:\/\/l.facebook.com\/l.php?u=https%3A%2F%2Ft.me%2FSuriyeArapHaberAjans%C4%B1%3Ffbclid%3DIwAR1Hu8OO02IYQMnRZV76aEAYOKECJzQGmJOkEVohc0-5UcVrAPFhOMqteJ4&amp;h=AT381xNMVVwdv-GfMhnX9PXJV7nuH8UL97IGrWxNfF_LCve8HOvwGx4kiGZN8APKSUSadnRQ2PCzjxY3CIvk2VGBoEUeCL9HYI-zPtQmjQF5F5DPCovFPEuaCLau0mOSeuSQ&amp;__tn__=-UK-R&amp;c[0]=AT0lMRdzr-Jw_3CWBM7yPyEOEvIkJPkygXqf_CSlVAnm7i0RMrP9OhONbTeFR5RE4_TPmtfFAsiq9FVSO-PSte2eUhsC5zm6wXR1XwXfkqrGxeWzLAHDgMHjBjJjNroPPnkOOffDQjB2O9jUro-RXaO39raRUEbNWGBGvGIVAtGIrnktK_LYpHxDtLmZEYfUlRKX8XREYsuV\" target=\"_blank\" rel=\"nofollow noopener\">https:\/\/t.me\/SuriyeArapHaberAjans\u0131<\/a><\/p>\n","protected":false},"excerpt":{"rendered":"<p>\u015eAM \u2013 D\u0131\u015fi\u015fleri ve Gurbe\u00e7ileri Bakan\u0131 Faysal Mikdad, Birle\u015fmi\u015f Milletler Genel Sekreteri&#8217;nin Suriye \u00d6zel Temsilcisi Geir Pedersen ile ortak \u00e7\u0131kar konular\u0131yla ilgili son geli\u015fmeler ve Suriye&#8217;deki son durumlar\u0131 g\u00f6r\u00fc\u015ft\u00fcr. \u00d6zel temsilci, son zamanlarda bir\u00e7ok \u00fclkeye yapt\u0131\u011f\u0131 ziyaretlerin yakla\u015f\u0131m\u0131, bu \u00fclkelerdeki yetkililerle yapt\u0131\u011f\u0131 g\u00f6r\u00fc\u015fmeler ve Anayasa Tart\u0131\u015fma Komisyonu&#8217;nun \u00e7al\u0131\u015fmalar\u0131na yeniden ba\u015flamak i\u00e7in yap\u0131lan \u00e7al\u0131\u015fmalar hakk\u0131nda bir &hellip;<\/p>\n","protected":false},"author":41,"featured_media":264712,"comment_status":"closed","ping_status":"closed","sticky":false,"template":"","format":"standard","meta":{"footnotes":""},"categories":[479,17988,478],"tags":[],"class_list":["post-264711","post","type-post","status-publish","format-standard","has-post-thumbnail","","category-haberler-yerel","category-son-haberler","category-yerel"],"_links":{"self":[{"href":"https:\/\/archive.sana.sy\/tr\/index.php?rest_route=\/wp\/v2\/posts\/264711","targetHints":{"allow":["GET"]}}],"collection":[{"href":"https:\/\/archive.sana.sy\/tr\/index.php?rest_route=\/wp\/v2\/posts"}],"about":[{"href":"https:\/\/archive.sana.sy\/tr\/index.php?rest_route=\/wp\/v2\/types\/post"}],"author":[{"embeddable":true,"href":"https:\/\/archive.sana.sy\/tr\/index.php?rest_route=\/wp\/v2\/users\/41"}],"replies":[{"embeddable":true,"href":"https:\/\/archive.sana.sy\/tr\/index.php?rest_route=%2Fwp%2Fv2%2Fcomments&post=264711"}],"version-history":[{"count":0,"href":"https:\/\/archive.sana.sy\/tr\/index.php?rest_route=\/wp\/v2\/posts\/264711\/revisions"}],"wp:featuredmedia":[{"embeddable":true,"href":"https:\/\/archive.sana.sy\/tr\/index.php?rest_route=\/wp\/v2\/media\/264712"}],"wp:attachment":[{"href":"https:\/\/archive.sana.sy\/tr\/index.php?rest_route=%2Fwp%2Fv2%2Fmedia&parent=264711"}],"wp:term":[{"taxonomy":"category","embeddable":true,"href":"https:\/\/archive.sana.sy\/tr\/index.php?rest_route=%2Fwp%2Fv2%2Fcategories&post=264711"},{"taxonomy":"post_tag","embeddable":true,"href":"https:\/\/archive.sana.sy\/tr\/index.php?rest_route=%2Fwp%2Fv2%2Ftags&post=264711"}],"curies":[{"name":"wp","href":"https:\/\/api.w.org\/{rel}","templated":true}]}}