{"id":264718,"date":"2022-10-17T16:27:10","date_gmt":"2022-10-17T13:27:10","guid":{"rendered":"http:\/\/107.6.182.27\/tr\/?p=264718"},"modified":"2022-10-18T08:22:22","modified_gmt":"2022-10-18T05:22:22","slug":"suriye-israilin-filistinlileri-oldurmesini-ve-isgal-edilen-kudusteki-yerlesimcilerin-uygulamalarini-siddetle-kiniyor","status":"publish","type":"post","link":"https:\/\/archive.sana.sy\/tr\/?p=264718","title":{"rendered":"Suriye, \u0130srail&#8217;in Filistinlileri \u00d6ld\u00fcrmesini Ve \u0130\u015fgal Edilen Kud\u00fcs&#8217;teki Yerle\u015fimcilerin Uygulamalar\u0131n\u0131 \u015eiddetle K\u0131n\u0131yor"},"content":{"rendered":"<p>\u015eAM \u2013 Suriye, \u0130srail&#8217;in Filistin halk\u0131n\u0131 \u00f6ld\u00fcrmesini ve siyonist yerle\u015fimcilerin \u00a0ger\u00e7ekle\u015ftirdi\u011fi k\u0131\u015fk\u0131rt\u0131c\u0131 uygulamalar\u0131 en sert \u015fekilde k\u0131nayarak, uluslararas\u0131 hukuk taraf\u0131ndan k\u0131nanm\u0131\u015f bir su\u00e7 oldu\u011funu vurgulad\u0131.<\/p>\n<p>D\u0131\u015fi\u015fleri ve Gurbet\u00e7iler Bakanl\u0131\u011f\u0131 bug\u00fcn yay\u0131nlad\u0131\u011f\u0131 ve SANA\u2019n\u0131n bir n\u00fcshas\u0131n\u0131 ald\u0131\u011f\u0131 beyan\u0131nda, \u00a0Suriye Arap Cumhuriyeti H\u00fck\u00fcmeti&#8217;nin, \u0130srail i\u015fgal g\u00fc\u00e7lerinin korumas\u0131 alt\u0131nda Mescid-i Aksa ve \u0130slam mezarl\u0131klar\u0131na siyonist yerle\u015fimciler taraf\u0131ndan y\u00fcr\u00fct\u00fclen k\u0131\u015fk\u0131rt\u0131c\u0131 uygulamalar\u0131n devam etmesini en sert \u015fekilde k\u0131nad\u0131\u011f\u0131n\u0131 belirtti.<\/p>\n<p>Bakanl\u0131k, kahraman Filistin halk\u0131n\u0131n \u0130srail sald\u0131r\u0131 makinesinin kar\u015f\u0131s\u0131ndaki kararl\u0131l\u0131\u011f\u0131n\u0131 ve \u00f6zg\u00fcrl\u00fck ve ba\u011f\u0131ms\u0131zl\u0131klar\u0131n\u0131 kazanma konusundaki \u0131srarlar\u0131n\u0131 selamlayarak, Suriye&#8217;nin Filistin halk\u0131n\u0131n m\u00fccadelesinde, \u00f6zg\u00fcrl\u00fck ve ba\u011f\u0131ms\u0131zl\u0131k hakk\u0131n\u0131 ve ba\u015fkenti Kud\u00fcs olan Filistin topraklar\u0131nda ba\u011f\u0131ms\u0131z bir devlet kurmas\u0131n\u0131 destekledi\u011fini yineledi.<\/p>\n<p><a class=\"x1i10hfl xjbqb8w x6umtig x1b1mbwd xaqea5y xav7gou x9f619 x1ypdohk xt0psk2 xe8uvvx xdj266r x11i5rnm xat24cr x1mh8g0r xexx8yu x4uap5 x18d9i69 xkhd6sd x16tdsg8 x1hl2dhg xggy1nq x1a2a7pz xt0b8zv x1qq9wsj xo1l8bm\" tabindex=\"0\" role=\"link\" href=\"https:\/\/www.facebook.com\/hashtag\/telegram_kanal%C4%B1m%C4%B1z?__eep__=6&amp;__cft__[0]=AZUAjBhSCgh76u-KRzZgd36JBozeX3Ms2CSv5Z0N4xTqg0mWGRr-O15JhSTw0fzeWUJW15C3Q9u3HfMqs6GyGgKnHWZYC9D0EQVv7Mt4MDsUwTmJnoVa0oqr8wl11J1dowyQxoz8u2DFK41gmdIz4oamKKrD_5Mau3ytqpc1RGnr9NK7hmbJ4zQno2RaXknlCFc&amp;__tn__=*NK-R\">#Telegram_Kanal\u0131m\u0131z<\/a>:\u00a0<a class=\"x1i10hfl xjbqb8w x6umtig x1b1mbwd xaqea5y xav7gou x9f619 x1ypdohk xt0psk2 xe8uvvx xdj266r x11i5rnm xat24cr x1mh8g0r xexx8yu x4uap5 x18d9i69 xkhd6sd x16tdsg8 x1hl2dhg xggy1nq x1a2a7pz xt0b8zv x1fey0fg\" tabindex=\"0\" role=\"link\" href=\"https:\/\/l.facebook.com\/l.php?u=https%3A%2F%2Ft.me%2FSuriyeArapHaberAjans%C4%B1%3Ffbclid%3DIwAR1Hu8OO02IYQMnRZV76aEAYOKECJzQGmJOkEVohc0-5UcVrAPFhOMqteJ4&amp;h=AT381xNMVVwdv-GfMhnX9PXJV7nuH8UL97IGrWxNfF_LCve8HOvwGx4kiGZN8APKSUSadnRQ2PCzjxY3CIvk2VGBoEUeCL9HYI-zPtQmjQF5F5DPCovFPEuaCLau0mOSeuSQ&amp;__tn__=-UK-R&amp;c[0]=AT0lMRdzr-Jw_3CWBM7yPyEOEvIkJPkygXqf_CSlVAnm7i0RMrP9OhONbTeFR5RE4_TPmtfFAsiq9FVSO-PSte2eUhsC5zm6wXR1XwXfkqrGxeWzLAHDgMHjBjJjNroPPnkOOffDQjB2O9jUro-RXaO39raRUEbNWGBGvGIVAtGIrnktK_LYpHxDtLmZEYfUlRKX8XREYsuV\" target=\"_blank\" rel=\"nofollow noopener\">https:\/\/t.me\/SuriyeArapHaberAjans\u0131<\/a><\/p>\n","protected":false},"excerpt":{"rendered":"<p>\u015eAM \u2013 Suriye, \u0130srail&#8217;in Filistin halk\u0131n\u0131 \u00f6ld\u00fcrmesini ve siyonist yerle\u015fimcilerin \u00a0ger\u00e7ekle\u015ftirdi\u011fi k\u0131\u015fk\u0131rt\u0131c\u0131 uygulamalar\u0131 en sert \u015fekilde k\u0131nayarak, uluslararas\u0131 hukuk taraf\u0131ndan k\u0131nanm\u0131\u015f bir su\u00e7 oldu\u011funu vurgulad\u0131. D\u0131\u015fi\u015fleri ve Gurbet\u00e7iler Bakanl\u0131\u011f\u0131 bug\u00fcn yay\u0131nlad\u0131\u011f\u0131 ve SANA\u2019n\u0131n bir n\u00fcshas\u0131n\u0131 ald\u0131\u011f\u0131 beyan\u0131nda, \u00a0Suriye Arap Cumhuriyeti H\u00fck\u00fcmeti&#8217;nin, \u0130srail i\u015fgal g\u00fc\u00e7lerinin korumas\u0131 alt\u0131nda Mescid-i Aksa ve \u0130slam mezarl\u0131klar\u0131na siyonist yerle\u015fimciler taraf\u0131ndan y\u00fcr\u00fct\u00fclen &hellip;<\/p>\n","protected":false},"author":41,"featured_media":264719,"comment_status":"closed","ping_status":"closed","sticky":false,"template":"","format":"standard","meta":{"footnotes":""},"categories":[479,17988,478],"tags":[],"class_list":["post-264718","post","type-post","status-publish","format-standard","has-post-thumbnail","","category-haberler-yerel","category-son-haberler","category-yerel"],"_links":{"self":[{"href":"https:\/\/archive.sana.sy\/tr\/index.php?rest_route=\/wp\/v2\/posts\/264718","targetHints":{"allow":["GET"]}}],"collection":[{"href":"https:\/\/archive.sana.sy\/tr\/index.php?rest_route=\/wp\/v2\/posts"}],"about":[{"href":"https:\/\/archive.sana.sy\/tr\/index.php?rest_route=\/wp\/v2\/types\/post"}],"author":[{"embeddable":true,"href":"https:\/\/archive.sana.sy\/tr\/index.php?rest_route=\/wp\/v2\/users\/41"}],"replies":[{"embeddable":true,"href":"https:\/\/archive.sana.sy\/tr\/index.php?rest_route=%2Fwp%2Fv2%2Fcomments&post=264718"}],"version-history":[{"count":0,"href":"https:\/\/archive.sana.sy\/tr\/index.php?rest_route=\/wp\/v2\/posts\/264718\/revisions"}],"wp:featuredmedia":[{"embeddable":true,"href":"https:\/\/archive.sana.sy\/tr\/index.php?rest_route=\/wp\/v2\/media\/264719"}],"wp:attachment":[{"href":"https:\/\/archive.sana.sy\/tr\/index.php?rest_route=%2Fwp%2Fv2%2Fmedia&parent=264718"}],"wp:term":[{"taxonomy":"category","embeddable":true,"href":"https:\/\/archive.sana.sy\/tr\/index.php?rest_route=%2Fwp%2Fv2%2Fcategories&post=264718"},{"taxonomy":"post_tag","embeddable":true,"href":"https:\/\/archive.sana.sy\/tr\/index.php?rest_route=%2Fwp%2Fv2%2Ftags&post=264718"}],"curies":[{"name":"wp","href":"https:\/\/api.w.org\/{rel}","templated":true}]}}