{"id":264731,"date":"2022-10-17T19:02:25","date_gmt":"2022-10-17T16:02:25","guid":{"rendered":"http:\/\/107.6.182.27\/tr\/?p=264731"},"modified":"2022-10-18T08:23:17","modified_gmt":"2022-10-18T05:23:17","slug":"mikdad-donetsk-cumhuriyeti-disisleri-bakani-ile-siyasi-ekonomik-ve-kulturel-alanlarda-iliskilerin-guclendirilmesini-gorustu","status":"publish","type":"post","link":"https:\/\/archive.sana.sy\/tr\/?p=264731","title":{"rendered":"Mikdad, Donetsk Cumhuriyeti D\u0131\u015fi\u015fleri Bakan\u0131 \u0130le Siyasi, Ekonomik Ve K\u00fclt\u00fcrel Alanlarda \u0130li\u015fkilerin G\u00fc\u00e7lendirilmesini G\u00f6r\u00fc\u015f\u00fcyor"},"content":{"rendered":"<p>\u015eAM \u2013 D\u0131\u015fi\u015fleri ve Gurbet\u00e7iler Bakan\u0131 Faysal Mikdad, Donetsk Halk Cumhuriyeti D\u0131\u015fi\u015fleri Bakan\u0131 Natalia Nikonorova ve beraberindeki K\u00fclt\u00fcr ve Tar\u0131m Bakanlar\u0131n\u0131n da aralar\u0131nda bulundu\u011fu heyetle bir g\u00f6r\u00fc\u015fme ger\u00e7ekle\u015ftirdi.<\/p>\n<p><img loading=\"lazy\" decoding=\"async\" class=\" wp-image-264733 alignright\" src=\"http:\/\/107.6.182.27\/tr\/wp-content\/uploads\/2022\/10\/999_7586-copy-300x200.jpg\" alt=\"\" width=\"266\" height=\"177\" srcset=\"https:\/\/archive.sana.sy\/tr\/wp-content\/uploads\/2022\/10\/999_7586-copy-300x200.jpg 300w, https:\/\/archive.sana.sy\/tr\/wp-content\/uploads\/2022\/10\/999_7586-copy-150x100.jpg 150w, https:\/\/archive.sana.sy\/tr\/wp-content\/uploads\/2022\/10\/999_7586-copy-310x205.jpg 310w, https:\/\/archive.sana.sy\/tr\/wp-content\/uploads\/2022\/10\/999_7586-copy.jpg 660w\" sizes=\"auto, (max-width: 266px) 100vw, 266px\" \/>Bakan Mikdad, iki dost \u00fclke aras\u0131nda \u00e7e\u015fitli siyasi, ekonomik, k\u00fclt\u00fcrel ve sosyal alanlarda geli\u015fen ili\u015fkilerin g\u00fc\u00e7lendirilmesinin \u00f6nemini ve Suriye Arap Cumhuriyeti&#8217;nin Donetsk Cumhuriyeti&#8217;ne deste\u011finin devam etmesini vurgulad\u0131.<\/p>\n<p>Mikdad ayr\u0131ca, Suriye&#8217;de ter\u00f6r\u00fc destekleyen Bat\u0131l\u0131 politikalar\u0131n Suriye&#8217;de normal ko\u015fullar\u0131n yeniden sa\u011flanmas\u0131 i\u00e7in y\u00fcr\u00fct\u00fclen siyasi \u00e7abalar\u0131 engelledi\u011fini \u00a0ve Suriye&#8217;ye, Rusya Federasyonu&#8217;na ve d\u00fcnyan\u0131n bir\u00e7ok \u00fclkesine uygulanan tek tarafl\u0131 zorlay\u0131c\u0131 yapt\u0131r\u0131mlar\u0131n ahlaka, uluslararas\u0131 hukuka ve Birle\u015fmi\u015f Milletler Antla\u015fmas\u0131na ayk\u0131r\u0131 oldu\u011funu ifade etti.<\/p>\n<p>Nikonorova ise Suriye&#8217;ye Donetsk Cumhuriyeti ile dayan\u0131\u015fmas\u0131, halk\u0131n Donetsk&#8217;teki se\u00e7imine sayg\u0131s\u0131 ve Birle\u015fmi\u015f Milletler&#8217;de buna verdi\u011fi destek i\u00e7in te\u015fekk\u00fcr etti.<\/p>\n<p><img loading=\"lazy\" decoding=\"async\" class=\" wp-image-264734 alignright\" src=\"http:\/\/107.6.182.27\/tr\/wp-content\/uploads\/2022\/10\/999_7601-copy-300x200.jpg\" alt=\"\" width=\"270\" height=\"180\" srcset=\"https:\/\/archive.sana.sy\/tr\/wp-content\/uploads\/2022\/10\/999_7601-copy-300x200.jpg 300w, https:\/\/archive.sana.sy\/tr\/wp-content\/uploads\/2022\/10\/999_7601-copy-150x100.jpg 150w, https:\/\/archive.sana.sy\/tr\/wp-content\/uploads\/2022\/10\/999_7601-copy-310x205.jpg 310w, https:\/\/archive.sana.sy\/tr\/wp-content\/uploads\/2022\/10\/999_7601-copy.jpg 660w\" sizes=\"auto, (max-width: 270px) 100vw, 270px\" \/>Nikonorova, \u00fclkesine kar\u015f\u0131 sava\u015f\u0131n gidi\u015fat\u0131n\u0131 ve Donetsk halk\u0131n\u0131n Nazi gruplar\u0131n\u0131n uygulamalar\u0131 ve imha sava\u015f\u0131ndan neler \u00e7ekti\u011fini anlatan bir sunum yapt\u0131.<\/p>\n<p>Taraflar ayr\u0131ca, iki dost \u00fclkenin halklar\u0131n\u0131n \u00e7\u0131karlar\u0131n\u0131 ger\u00e7ekle\u015ftirecek \u015fekilde \u00e7e\u015fitli d\u00fczeylerde \u00e7ok tarafl\u0131 i\u015fbirli\u011fi i\u00e7in mevcut olas\u0131l\u0131klar\u0131 da g\u00f6r\u00fc\u015ft\u00fcler.<\/p>\n<p>Toplant\u0131ya Suriye taraf\u0131ndan D\u0131\u015fi\u015fleri ve Gurbet\u00e7iler Bakan Yard\u0131mc\u0131s\u0131 Be\u015f\u015fer Caferi, Avrupa Departman\u0131 Direkt\u00f6r\u00fc Luey Falluh, Bakan\u0131n ofisinden \u0130hsan El Rumman ve H\u00fcseyin Abdulazizi ve konuk taraf\u0131ndan Rusya B\u00fcy\u00fckel\u00e7isi Alexander Yefimov ve Nikonorova&#8217;ya e\u015flik eden heyetin di\u011fer \u00fcyeleri kat\u0131ld\u0131.<\/p>\n<p><a class=\"x1i10hfl xjbqb8w x6umtig x1b1mbwd xaqea5y xav7gou x9f619 x1ypdohk xt0psk2 xe8uvvx xdj266r x11i5rnm xat24cr x1mh8g0r xexx8yu x4uap5 x18d9i69 xkhd6sd x16tdsg8 x1hl2dhg xggy1nq x1a2a7pz xt0b8zv x1qq9wsj xo1l8bm\" tabindex=\"0\" role=\"link\" href=\"https:\/\/www.facebook.com\/hashtag\/telegram_kanal%C4%B1m%C4%B1z?__eep__=6&amp;__cft__[0]=AZUAjBhSCgh76u-KRzZgd36JBozeX3Ms2CSv5Z0N4xTqg0mWGRr-O15JhSTw0fzeWUJW15C3Q9u3HfMqs6GyGgKnHWZYC9D0EQVv7Mt4MDsUwTmJnoVa0oqr8wl11J1dowyQxoz8u2DFK41gmdIz4oamKKrD_5Mau3ytqpc1RGnr9NK7hmbJ4zQno2RaXknlCFc&amp;__tn__=*NK-R\">#Telegram_Kanal\u0131m\u0131z<\/a>:\u00a0<a class=\"x1i10hfl xjbqb8w x6umtig x1b1mbwd xaqea5y xav7gou x9f619 x1ypdohk xt0psk2 xe8uvvx xdj266r x11i5rnm xat24cr x1mh8g0r xexx8yu x4uap5 x18d9i69 xkhd6sd x16tdsg8 x1hl2dhg xggy1nq x1a2a7pz xt0b8zv x1fey0fg\" tabindex=\"0\" role=\"link\" href=\"https:\/\/l.facebook.com\/l.php?u=https%3A%2F%2Ft.me%2FSuriyeArapHaberAjans%C4%B1%3Ffbclid%3DIwAR1Hu8OO02IYQMnRZV76aEAYOKECJzQGmJOkEVohc0-5UcVrAPFhOMqteJ4&amp;h=AT381xNMVVwdv-GfMhnX9PXJV7nuH8UL97IGrWxNfF_LCve8HOvwGx4kiGZN8APKSUSadnRQ2PCzjxY3CIvk2VGBoEUeCL9HYI-zPtQmjQF5F5DPCovFPEuaCLau0mOSeuSQ&amp;__tn__=-UK-R&amp;c[0]=AT0lMRdzr-Jw_3CWBM7yPyEOEvIkJPkygXqf_CSlVAnm7i0RMrP9OhONbTeFR5RE4_TPmtfFAsiq9FVSO-PSte2eUhsC5zm6wXR1XwXfkqrGxeWzLAHDgMHjBjJjNroPPnkOOffDQjB2O9jUro-RXaO39raRUEbNWGBGvGIVAtGIrnktK_LYpHxDtLmZEYfUlRKX8XREYsuV\" target=\"_blank\" rel=\"nofollow noopener\">https:\/\/t.me\/SuriyeArapHaberAjans\u0131<\/a><\/p>\n","protected":false},"excerpt":{"rendered":"<p>\u015eAM \u2013 D\u0131\u015fi\u015fleri ve Gurbet\u00e7iler Bakan\u0131 Faysal Mikdad, Donetsk Halk Cumhuriyeti D\u0131\u015fi\u015fleri Bakan\u0131 Natalia Nikonorova ve beraberindeki K\u00fclt\u00fcr ve Tar\u0131m Bakanlar\u0131n\u0131n da aralar\u0131nda bulundu\u011fu heyetle bir g\u00f6r\u00fc\u015fme ger\u00e7ekle\u015ftirdi. Bakan Mikdad, iki dost \u00fclke aras\u0131nda \u00e7e\u015fitli siyasi, ekonomik, k\u00fclt\u00fcrel ve sosyal alanlarda geli\u015fen ili\u015fkilerin g\u00fc\u00e7lendirilmesinin \u00f6nemini ve Suriye Arap Cumhuriyeti&#8217;nin Donetsk Cumhuriyeti&#8217;ne deste\u011finin devam etmesini vurgulad\u0131. &hellip;<\/p>\n","protected":false},"author":41,"featured_media":264732,"comment_status":"closed","ping_status":"closed","sticky":false,"template":"","format":"standard","meta":{"footnotes":""},"categories":[479,17988,478],"tags":[],"class_list":["post-264731","post","type-post","status-publish","format-standard","has-post-thumbnail","","category-haberler-yerel","category-son-haberler","category-yerel"],"_links":{"self":[{"href":"https:\/\/archive.sana.sy\/tr\/index.php?rest_route=\/wp\/v2\/posts\/264731","targetHints":{"allow":["GET"]}}],"collection":[{"href":"https:\/\/archive.sana.sy\/tr\/index.php?rest_route=\/wp\/v2\/posts"}],"about":[{"href":"https:\/\/archive.sana.sy\/tr\/index.php?rest_route=\/wp\/v2\/types\/post"}],"author":[{"embeddable":true,"href":"https:\/\/archive.sana.sy\/tr\/index.php?rest_route=\/wp\/v2\/users\/41"}],"replies":[{"embeddable":true,"href":"https:\/\/archive.sana.sy\/tr\/index.php?rest_route=%2Fwp%2Fv2%2Fcomments&post=264731"}],"version-history":[{"count":0,"href":"https:\/\/archive.sana.sy\/tr\/index.php?rest_route=\/wp\/v2\/posts\/264731\/revisions"}],"wp:featuredmedia":[{"embeddable":true,"href":"https:\/\/archive.sana.sy\/tr\/index.php?rest_route=\/wp\/v2\/media\/264732"}],"wp:attachment":[{"href":"https:\/\/archive.sana.sy\/tr\/index.php?rest_route=%2Fwp%2Fv2%2Fmedia&parent=264731"}],"wp:term":[{"taxonomy":"category","embeddable":true,"href":"https:\/\/archive.sana.sy\/tr\/index.php?rest_route=%2Fwp%2Fv2%2Fcategories&post=264731"},{"taxonomy":"post_tag","embeddable":true,"href":"https:\/\/archive.sana.sy\/tr\/index.php?rest_route=%2Fwp%2Fv2%2Ftags&post=264731"}],"curies":[{"name":"wp","href":"https:\/\/api.w.org\/{rel}","templated":true}]}}