{"id":264747,"date":"2022-10-17T23:19:48","date_gmt":"2022-10-17T20:19:48","guid":{"rendered":"http:\/\/107.6.182.27\/tr\/?p=264747"},"modified":"2022-10-19T08:35:17","modified_gmt":"2022-10-19T05:35:17","slug":"dera-kirsalinda-isid-teror-orgutunun-bazi-liderleri-olduruldu","status":"publish","type":"post","link":"https:\/\/archive.sana.sy\/tr\/?p=264747","title":{"rendered":"Dera K\u0131rsal\u0131nda, I\u015e\u0130D Ter\u00f6r \u00d6rg\u00fct\u00fcn\u00fcn Baz\u0131 Liderleri \u00d6ld\u00fcr\u00fcld\u00fc"},"content":{"rendered":"<p>DERA &#8211; Yetkili makamlar, sivil gruplarla i\u015fbirli\u011fi i\u00e7inde ve Suriye Arap Ordusu&#8217;nun deste\u011fiyle, Dera k\u0131rsal\u0131ndaki Casim kentinde devam eden g\u00fcvenlik operasyonlar\u0131 s\u0131ras\u0131nda\u00a0 \u00a0I\u015e\u0130D ter\u00f6r \u00f6rg\u00fct\u00fcn\u00fcn bir grup liderini \u00f6l\u00fc d\u00fc\u015f\u00fcrd\u00fc.<\/p>\n<p>Bir g\u00fcvenlik kayna\u011f\u0131 SANA muhabirine yapt\u0131\u011f\u0131 a\u00e7\u0131klamada: Dera k\u0131rsal\u0131ndaki Casim kentinde g\u00fcvenlik operasyonunun takibi ve tarama operasyonlar\u0131n\u0131n tamamlanmas\u0131 s\u0131ras\u0131nda, yetkili makamlar\u0131n, yerel ve sivil gruplarla i\u015fbirli\u011fi i\u00e7inde ve Suriye Arap Ordusu&#8217;nun deste\u011fiyle, karargahlardan birinde saklanan \u00f6rg\u00fct liderlerinden ter\u00f6rist grubun t\u00fcm \u00fcyelerini ortadan kald\u0131r\u0131ld\u0131\u011f\u0131n\u0131 s\u00f6yledi.<\/p>\n<p>Kaynak: \u00d6lenler aras\u0131nda ter\u00f6rist &#8220;Ebu Abdul Rahman El Iraki&#8217;nin&#8221; sa\u011f kolu olan &#8220;Ebu Muaviya El Falih&#8221; lakapl\u0131 ter\u00f6rist &#8220;Rami El Salhadi&#8221; ile ter\u00f6rist &#8220;Ebu Halid El \u0130dlibi&#8221;, ter\u00f6rist &#8220;El Da\u011fir&#8221; lakapl\u0131 ve tan\u0131mlanamayan di\u011ferlerinin bulundu\u011funu belirtti.<br \/>\nKaynak, tarama operasyonlar\u0131n\u0131n &#8220;I\u015e\u0130D&#8221; ter\u00f6ristlerin kulland\u0131\u011f\u0131 cihaz ve patlay\u0131c\u0131 kemerlerin \u00fcretildi\u011fi bir karargah\u0131n ele ge\u00e7irilmesiyle sonu\u00e7land\u0131\u011f\u0131n\u0131, i\u00e7eride onlarca cihaz ve patlay\u0131c\u0131 kemer bulundu\u011funu a\u00e7\u0131klad\u0131.<\/p>\n<p>Kaynak Ayr\u0131ca, Casim kentini &#8220;I\u015e\u0130D&#8221; ter\u00f6ristlerin varl\u0131\u011f\u0131ndan temizlemek i\u00e7in tarama operasyonlar\u0131n\u0131n devam etti\u011fini vurgulad\u0131.<\/p>\n<p><a class=\"x1i10hfl xjbqb8w x6umtig x1b1mbwd xaqea5y xav7gou x9f619 x1ypdohk xt0psk2 xe8uvvx xdj266r x11i5rnm xat24cr x1mh8g0r xexx8yu x4uap5 x18d9i69 xkhd6sd x16tdsg8 x1hl2dhg xggy1nq x1a2a7pz xt0b8zv x1qq9wsj xo1l8bm\" tabindex=\"0\" role=\"link\" href=\"https:\/\/www.facebook.com\/hashtag\/telegram_kanal%C4%B1m%C4%B1z?__eep__=6&amp;__cft__[0]=AZWTp_4UeKHYDJUejaHvJY2ZFgdKv6tLvLEg8oP729OlgZlUk-O0L1HFwtYomKz3co8jmkFJxCvx3M3hTUzuD4lrAhJ2UuW4J9n7rzRyYq-84dsAMFYKUygOFc-eWZeUowo&amp;__tn__=*NK-R\">#Telegram_Kanal\u0131m\u0131z<\/a>: <a class=\"x1i10hfl xjbqb8w x6umtig x1b1mbwd xaqea5y xav7gou x9f619 x1ypdohk xt0psk2 xe8uvvx xdj266r x11i5rnm xat24cr x1mh8g0r xexx8yu x4uap5 x18d9i69 xkhd6sd x16tdsg8 x1hl2dhg xggy1nq x1a2a7pz xt0b8zv x1fey0fg\" tabindex=\"0\" role=\"link\" href=\"https:\/\/t.me\/SuriyeArapHaberAjans%C4%B1?fbclid=IwAR27uu7Y-anyp66uxbvQW5vhmY5R0Re7CfCJZ3YrRInI_lfBvE3sG_YOc5o\" target=\"_blank\" rel=\"nofollow noopener\">https:\/\/t.me\/SuriyeArapHaberAjans\u0131<\/a><\/p>\n","protected":false},"excerpt":{"rendered":"<p>DERA &#8211; Yetkili makamlar, sivil gruplarla i\u015fbirli\u011fi i\u00e7inde ve Suriye Arap Ordusu&#8217;nun deste\u011fiyle, Dera k\u0131rsal\u0131ndaki Casim kentinde devam eden g\u00fcvenlik operasyonlar\u0131 s\u0131ras\u0131nda\u00a0 \u00a0I\u015e\u0130D ter\u00f6r \u00f6rg\u00fct\u00fcn\u00fcn bir grup liderini \u00f6l\u00fc d\u00fc\u015f\u00fcrd\u00fc. Bir g\u00fcvenlik kayna\u011f\u0131 SANA muhabirine yapt\u0131\u011f\u0131 a\u00e7\u0131klamada: Dera k\u0131rsal\u0131ndaki Casim kentinde g\u00fcvenlik operasyonunun takibi ve tarama operasyonlar\u0131n\u0131n tamamlanmas\u0131 s\u0131ras\u0131nda, yetkili makamlar\u0131n, yerel ve sivil gruplarla &hellip;<\/p>\n","protected":false},"author":39,"featured_media":264748,"comment_status":"closed","ping_status":"closed","sticky":false,"template":"","format":"standard","meta":{"footnotes":""},"categories":[479,575,17988,478],"tags":[],"class_list":["post-264747","post","type-post","status-publish","format-standard","has-post-thumbnail","","category-haberler-yerel","category-olaylar-ve-gercekler","category-son-haberler","category-yerel"],"_links":{"self":[{"href":"https:\/\/archive.sana.sy\/tr\/index.php?rest_route=\/wp\/v2\/posts\/264747","targetHints":{"allow":["GET"]}}],"collection":[{"href":"https:\/\/archive.sana.sy\/tr\/index.php?rest_route=\/wp\/v2\/posts"}],"about":[{"href":"https:\/\/archive.sana.sy\/tr\/index.php?rest_route=\/wp\/v2\/types\/post"}],"author":[{"embeddable":true,"href":"https:\/\/archive.sana.sy\/tr\/index.php?rest_route=\/wp\/v2\/users\/39"}],"replies":[{"embeddable":true,"href":"https:\/\/archive.sana.sy\/tr\/index.php?rest_route=%2Fwp%2Fv2%2Fcomments&post=264747"}],"version-history":[{"count":0,"href":"https:\/\/archive.sana.sy\/tr\/index.php?rest_route=\/wp\/v2\/posts\/264747\/revisions"}],"wp:featuredmedia":[{"embeddable":true,"href":"https:\/\/archive.sana.sy\/tr\/index.php?rest_route=\/wp\/v2\/media\/264748"}],"wp:attachment":[{"href":"https:\/\/archive.sana.sy\/tr\/index.php?rest_route=%2Fwp%2Fv2%2Fmedia&parent=264747"}],"wp:term":[{"taxonomy":"category","embeddable":true,"href":"https:\/\/archive.sana.sy\/tr\/index.php?rest_route=%2Fwp%2Fv2%2Fcategories&post=264747"},{"taxonomy":"post_tag","embeddable":true,"href":"https:\/\/archive.sana.sy\/tr\/index.php?rest_route=%2Fwp%2Fv2%2Ftags&post=264747"}],"curies":[{"name":"wp","href":"https:\/\/api.w.org\/{rel}","templated":true}]}}