{"id":264822,"date":"2022-10-19T10:08:54","date_gmt":"2022-10-19T07:08:54","guid":{"rendered":"http:\/\/107.6.182.27\/tr\/?p=264822"},"modified":"2022-10-20T09:08:23","modified_gmt":"2022-10-20T06:08:23","slug":"israil-isgal-gucleri-bati-yakanin-6-filistinliyi-tutukladi","status":"publish","type":"post","link":"https:\/\/archive.sana.sy\/tr\/?p=264822","title":{"rendered":"\u0130srail \u0130\u015fgal G\u00fc\u00e7leri, Bat\u0131 Yaka&#8217;n\u0131n 6 Filistinliyi Tutuklad\u0131"},"content":{"rendered":"<p>\u0130\u015eGAL ED\u0130LEN KUD\u00dcS &#8211;\u00a0 \u0130srail i\u015fgal g\u00fc\u00e7leri, Bat\u0131 Yaka&#8217;n\u0131n farkl\u0131 b\u00f6lgelerinde 6 Filistinliyi tutuklad\u0131.<\/p>\n<p>WAFA Haber Ajans\u0131, \u0130srail i\u015fgal g\u00fc\u00e7lerinin, El Halil&#8217;in do\u011fusundaki Beni Neyim kasabas\u0131na bask\u0131n d\u00fczenledi\u011fini, Filistinlilerin evlerine bas\u0131p ve arad\u0131\u011f\u0131n\u0131, 4 ki\u015fiyi tutuklad\u0131\u011f\u0131n\u0131 belirtti.<\/p>\n<p>Ajans Ayr\u0131ca, israil i\u015fgal g\u00fc\u00e7lerinin, Nablus\u2019un kentindeki El Mahfiye mahallesine bask\u0131n d\u00fczenledi\u011fini ve 2 ki\u015fiyi de tutuklad\u0131\u011f\u0131n\u0131 belirtti.<\/p>\n<p><a class=\"x1i10hfl xjbqb8w x6umtig x1b1mbwd xaqea5y xav7gou x9f619 x1ypdohk xt0psk2 xe8uvvx xdj266r x11i5rnm xat24cr x1mh8g0r xexx8yu x4uap5 x18d9i69 xkhd6sd x16tdsg8 x1hl2dhg xggy1nq x1a2a7pz xt0b8zv x1qq9wsj xo1l8bm\" tabindex=\"0\" role=\"link\" href=\"https:\/\/www.facebook.com\/hashtag\/telegram_kanal%C4%B1m%C4%B1z?__eep__=6&amp;__cft__[0]=AZVOHXW9-yVlfvFLdvD1oVqnvtCog2uMkcIjer3OGSzHHUG54pux1Y1t39CkjWOgwm-nBP0ZFwA_gqi4oXLMEaf-bKto5fW1Ep8E7X-DqcNC-thPM7lUWcBRc33GSnL6VZA&amp;__tn__=*NK-R\">#Telegram_Kanal\u0131m\u0131z<\/a>: <a class=\"x1i10hfl xjbqb8w x6umtig x1b1mbwd xaqea5y xav7gou x9f619 x1ypdohk xt0psk2 xe8uvvx xdj266r x11i5rnm xat24cr x1mh8g0r xexx8yu x4uap5 x18d9i69 xkhd6sd x16tdsg8 x1hl2dhg xggy1nq x1a2a7pz xt0b8zv x1fey0fg\" tabindex=\"0\" role=\"link\" href=\"https:\/\/l.facebook.com\/l.php?u=https%3A%2F%2Ft.me%2FSuriyeArapHaberAjans%C4%B1%3Ffbclid%3DIwAR0Vn7zlo6r9UyJyFQqj8mPJbPYIvXLqyQW9qCCp41Zkn4Hg_sxLPldrqg4&amp;h=AT0RvXu7oUf0aWh5XNxOyvQrcNlR6Dri5FUNftDlacC2XFJX8EQ5OJRZb5jlDg7Z7iThAmVmsyZA7J8gqE3Ajf9l1SqMJOnMOUIVqXcjWcFpGUuLe541b1NRdCK_ntXCCQ8&amp;__tn__=-UK-R&amp;c[0]=AT1KXvSWVasNEea8lbBZw95ure-0E7dUIPu5eMTHPojzjMZOfR6d8egUIIGqcGi7gvM2khCzwiOmAmvxQ-kGukjP0Dxt4cYYQnSobMl-1dlKm5_i7ReK6dHW5VllVI20VFF50uaG1KojrJsmDMvPVNUqVyAY9g\" target=\"_blank\" rel=\"nofollow noopener\">https:\/\/t.me\/SuriyeArapHaberAjans\u0131<\/a><\/p>\n","protected":false},"excerpt":{"rendered":"<p>\u0130\u015eGAL ED\u0130LEN KUD\u00dcS &#8211;\u00a0 \u0130srail i\u015fgal g\u00fc\u00e7leri, Bat\u0131 Yaka&#8217;n\u0131n farkl\u0131 b\u00f6lgelerinde 6 Filistinliyi tutuklad\u0131. WAFA Haber Ajans\u0131, \u0130srail i\u015fgal g\u00fc\u00e7lerinin, El Halil&#8217;in do\u011fusundaki Beni Neyim kasabas\u0131na bask\u0131n d\u00fczenledi\u011fini, Filistinlilerin evlerine bas\u0131p ve arad\u0131\u011f\u0131n\u0131, 4 ki\u015fiyi tutuklad\u0131\u011f\u0131n\u0131 belirtti. Ajans Ayr\u0131ca, israil i\u015fgal g\u00fc\u00e7lerinin, Nablus\u2019un kentindeki El Mahfiye mahallesine bask\u0131n d\u00fczenledi\u011fini ve 2 ki\u015fiyi de tutuklad\u0131\u011f\u0131n\u0131 belirtti. &hellip;<\/p>\n","protected":false},"author":39,"featured_media":264823,"comment_status":"closed","ping_status":"closed","sticky":false,"template":"","format":"standard","meta":{"footnotes":""},"categories":[458,459,17988],"tags":[],"class_list":["post-264822","post","type-post","status-publish","format-standard","has-post-thumbnail","","category-dunya1","category-haberler-arap-uluslararasi-politika","category-son-haberler"],"_links":{"self":[{"href":"https:\/\/archive.sana.sy\/tr\/index.php?rest_route=\/wp\/v2\/posts\/264822","targetHints":{"allow":["GET"]}}],"collection":[{"href":"https:\/\/archive.sana.sy\/tr\/index.php?rest_route=\/wp\/v2\/posts"}],"about":[{"href":"https:\/\/archive.sana.sy\/tr\/index.php?rest_route=\/wp\/v2\/types\/post"}],"author":[{"embeddable":true,"href":"https:\/\/archive.sana.sy\/tr\/index.php?rest_route=\/wp\/v2\/users\/39"}],"replies":[{"embeddable":true,"href":"https:\/\/archive.sana.sy\/tr\/index.php?rest_route=%2Fwp%2Fv2%2Fcomments&post=264822"}],"version-history":[{"count":0,"href":"https:\/\/archive.sana.sy\/tr\/index.php?rest_route=\/wp\/v2\/posts\/264822\/revisions"}],"wp:featuredmedia":[{"embeddable":true,"href":"https:\/\/archive.sana.sy\/tr\/index.php?rest_route=\/wp\/v2\/media\/264823"}],"wp:attachment":[{"href":"https:\/\/archive.sana.sy\/tr\/index.php?rest_route=%2Fwp%2Fv2%2Fmedia&parent=264822"}],"wp:term":[{"taxonomy":"category","embeddable":true,"href":"https:\/\/archive.sana.sy\/tr\/index.php?rest_route=%2Fwp%2Fv2%2Fcategories&post=264822"},{"taxonomy":"post_tag","embeddable":true,"href":"https:\/\/archive.sana.sy\/tr\/index.php?rest_route=%2Fwp%2Fv2%2Ftags&post=264822"}],"curies":[{"name":"wp","href":"https:\/\/api.w.org\/{rel}","templated":true}]}}