{"id":264989,"date":"2022-10-20T08:01:27","date_gmt":"2022-10-20T05:01:27","guid":{"rendered":"http:\/\/107.6.182.27\/tr\/?p=264989"},"modified":"2022-10-21T12:25:13","modified_gmt":"2022-10-21T09:25:13","slug":"ukraynadaki-rus-askeri-operasyonundaki-gelismeler-64","status":"publish","type":"post","link":"https:\/\/archive.sana.sy\/tr\/?p=264989","title":{"rendered":"Ukrayna\u2019daki Rus Askeri Operasyonundaki Geli\u015fmeler"},"content":{"rendered":"<ul>\n<li>Gavrilov: Avrupa&#8217;daki Rus kar\u015f\u0131t\u0131 kanat Ukrayna&#8217;da, sava\u015f\u0131n devam\u0131n\u0131 te\u015fvik ediyor<\/li>\n<\/ul>\n<p><a class=\"x1i10hfl xjbqb8w x6umtig x1b1mbwd xaqea5y xav7gou x9f619 x1ypdohk xt0psk2 xe8uvvx xdj266r x11i5rnm xat24cr x1mh8g0r xexx8yu x4uap5 x18d9i69 xkhd6sd x16tdsg8 x1hl2dhg xggy1nq x1a2a7pz xt0b8zv x1qq9wsj xo1l8bm\" tabindex=\"0\" role=\"link\" href=\"https:\/\/www.facebook.com\/hashtag\/telegram_kanal%C4%B1m%C4%B1z?__eep__=6&amp;__cft__[0]=AZV2aNg7rfWkpbOu0n_AjNEonT2ltnuDEXf_2-q0vIM7kWG3jJgKn7yaHMBFgsV9JxDBWaYma3_63ewi9CBh_EdikvKi4fd-ee7NMXqqca16F4xVllHUZX5j6mF8Nw1Z-zs&amp;__tn__=*NK-R\">#Telegram_Kanal\u0131m\u0131z<\/a>: <a class=\"x1i10hfl xjbqb8w x6umtig x1b1mbwd xaqea5y xav7gou x9f619 x1ypdohk xt0psk2 xe8uvvx xdj266r x11i5rnm xat24cr x1mh8g0r xexx8yu x4uap5 x18d9i69 xkhd6sd x16tdsg8 x1hl2dhg xggy1nq x1a2a7pz xt0b8zv x1fey0fg\" tabindex=\"0\" role=\"link\" href=\"https:\/\/t.me\/SuriyeArapHaberAjansI?fbclid=IwAR2OzOpflwrDkZsaEisfd_yBYMErCAnWlNGCENgm8V6EDtaXzHrbtiEMJGo\" target=\"_blank\" rel=\"nofollow noopener\">https:\/\/t.me\/SuriyeArapHaberAjansI<\/a><\/p>\n","protected":false},"excerpt":{"rendered":"<p>Gavrilov: Avrupa&#8217;daki Rus kar\u015f\u0131t\u0131 kanat Ukrayna&#8217;da, sava\u015f\u0131n devam\u0131n\u0131 te\u015fvik ediyor #Telegram_Kanal\u0131m\u0131z: https:\/\/t.me\/SuriyeArapHaberAjansI<\/p>\n","protected":false},"author":39,"featured_media":264990,"comment_status":"closed","ping_status":"closed","sticky":false,"template":"","format":"standard","meta":{"footnotes":""},"categories":[458,459,17988],"tags":[],"class_list":["post-264989","post","type-post","status-publish","format-standard","has-post-thumbnail","","category-dunya1","category-haberler-arap-uluslararasi-politika","category-son-haberler"],"_links":{"self":[{"href":"https:\/\/archive.sana.sy\/tr\/index.php?rest_route=\/wp\/v2\/posts\/264989","targetHints":{"allow":["GET"]}}],"collection":[{"href":"https:\/\/archive.sana.sy\/tr\/index.php?rest_route=\/wp\/v2\/posts"}],"about":[{"href":"https:\/\/archive.sana.sy\/tr\/index.php?rest_route=\/wp\/v2\/types\/post"}],"author":[{"embeddable":true,"href":"https:\/\/archive.sana.sy\/tr\/index.php?rest_route=\/wp\/v2\/users\/39"}],"replies":[{"embeddable":true,"href":"https:\/\/archive.sana.sy\/tr\/index.php?rest_route=%2Fwp%2Fv2%2Fcomments&post=264989"}],"version-history":[{"count":0,"href":"https:\/\/archive.sana.sy\/tr\/index.php?rest_route=\/wp\/v2\/posts\/264989\/revisions"}],"wp:featuredmedia":[{"embeddable":true,"href":"https:\/\/archive.sana.sy\/tr\/index.php?rest_route=\/wp\/v2\/media\/264990"}],"wp:attachment":[{"href":"https:\/\/archive.sana.sy\/tr\/index.php?rest_route=%2Fwp%2Fv2%2Fmedia&parent=264989"}],"wp:term":[{"taxonomy":"category","embeddable":true,"href":"https:\/\/archive.sana.sy\/tr\/index.php?rest_route=%2Fwp%2Fv2%2Fcategories&post=264989"},{"taxonomy":"post_tag","embeddable":true,"href":"https:\/\/archive.sana.sy\/tr\/index.php?rest_route=%2Fwp%2Fv2%2Ftags&post=264989"}],"curies":[{"name":"wp","href":"https:\/\/api.w.org\/{rel}","templated":true}]}}