{"id":264992,"date":"2022-10-20T11:35:15","date_gmt":"2022-10-20T08:35:15","guid":{"rendered":"http:\/\/107.6.182.27\/tr\/?p=264992"},"modified":"2022-10-21T08:53:53","modified_gmt":"2022-10-21T05:53:53","slug":"suriye-ve-rusya-koordinasyon-organlarinin-samdaki-konferanslar-sarayindaki-ortak-toplantisi","status":"publish","type":"post","link":"https:\/\/archive.sana.sy\/tr\/?p=264992","title":{"rendered":"Suriye Ve Rusya Koordinasyon Organlar\u0131n\u0131n \u015eam&#8217;daki Konferanslar Saray\u0131&#8217;ndaki Ortak Toplant\u0131s\u0131"},"content":{"rendered":"<p>\u015eAM &#8211; Suriye ve Rusya koordinasyon organlar\u0131n\u0131n ortak toplant\u0131s\u0131, Suriyeli m\u00fcltecilerin ve yerinden edilmi\u015f ki\u015filerin d\u00f6n\u00fc\u015f\u00fcne ili\u015fkin uluslararas\u0131 konferans\u0131n be\u015finci takip toplant\u0131s\u0131 kapsam\u0131nda bug\u00fcn \u015eam&#8217;daki Konferanslar Saray\u0131&#8217;nda ba\u015flad\u0131.<\/p>\n<p><img loading=\"lazy\" decoding=\"async\" class=\"size-medium wp-image-264993 alignright\" src=\"http:\/\/107.6.182.27\/tr\/wp-content\/uploads\/2022\/10\/6-6-300x168.jpg\" alt=\"\" width=\"300\" height=\"168\" srcset=\"https:\/\/archive.sana.sy\/tr\/wp-content\/uploads\/2022\/10\/6-6-300x168.jpg 300w, https:\/\/archive.sana.sy\/tr\/wp-content\/uploads\/2022\/10\/6-6-150x84.jpg 150w, https:\/\/archive.sana.sy\/tr\/wp-content\/uploads\/2022\/10\/6-6.jpg 660w\" sizes=\"auto, (max-width: 300px) 100vw, 300px\" \/>Suriye Bakanlar Koordinasyon Komitesi ba\u015fkan\u0131 ve Yerel Y\u00f6netim ve \u00c7evre Bakan\u0131 M\u00fch. H\u00fcseyin Mahluf, Suriye&#8217;nin vatanda\u015flar\u0131n\u0131n evlerindeki ya\u015fam ko\u015fullar\u0131n\u0131 iyile\u015ftirmek ve yerinden edilmi\u015f ki\u015filerin geri d\u00f6nmeye te\u015fvik etmek i\u00e7in \u00e7al\u0131\u015fmaya devam etti\u011fini vurgulad\u0131.<\/p>\n<p>Mahluf, Suriye ve Rusya koordinasyon organlar\u0131n\u0131n ortak oturumunda yapt\u0131\u011f\u0131 konu\u015fmada, ABD i\u015fgalinin Suriye&#8217;nin petrol, bu\u011fday ve pamuk zenginliklerini sistematik olarak \u00e7almaya devam etti\u011fini ve uluslararas\u0131 yasalara ve insani de\u011ferlere sayg\u0131 duymadan ter\u00f6rist gruplar\u0131 ve ayr\u0131l\u0131k\u00e7\u0131 milisleri destekledi\u011fini belirtti.<\/p>\n<p>Mahluf, T\u00fcrk i\u015fgalinin Haseke&#8217;deki insanlar\u0131n i\u00e7me suyunu kesmeye ve g\u0131da g\u00fcvenli\u011fini, \u00e7evreyi ve vatanda\u015flar\u0131n hayat\u0131n\u0131 olumsuz y\u00f6nde etkileyen F\u0131rat Nehri&#8217;nden Suriye&#8217;nin pay\u0131n\u0131 b\u00fcy\u00fck miktarlarda \u00e7almaya devam etti\u011fini de s\u00f6zlerine ekledi.<\/p>\n<p><img loading=\"lazy\" decoding=\"async\" class=\"size-medium wp-image-264994 alignright\" src=\"http:\/\/107.6.182.27\/tr\/wp-content\/uploads\/2022\/10\/7-7-300x168.jpg\" alt=\"\" width=\"300\" height=\"168\" srcset=\"https:\/\/archive.sana.sy\/tr\/wp-content\/uploads\/2022\/10\/7-7-300x168.jpg 300w, https:\/\/archive.sana.sy\/tr\/wp-content\/uploads\/2022\/10\/7-7-150x84.jpg 150w, https:\/\/archive.sana.sy\/tr\/wp-content\/uploads\/2022\/10\/7-7.jpg 660w\" sizes=\"auto, (max-width: 300px) 100vw, 300px\" \/>Buna kar\u015f\u0131l\u0131k, D\u0131\u015fi\u015fleri ve Gurbet\u00e7iler Bakan Yard\u0131mc\u0131s\u0131, Haz\u0131rl\u0131k Komitesi Ba\u015fkan\u0131 Dr. Ayman Susan, Amerika Birle\u015fik Devletleri&#8217;nin uluslararas\u0131 kararlar \u00fczerindeki egemenli\u011fini ve d\u00fcnya meselelerini y\u00f6netmenin benzersizli\u011fini korumak i\u00e7in sava\u015flar ekti\u011fini ve \u00e7eki\u015fmeleri k\u00f6r\u00fckledi\u011fini belirtti.<\/p>\n<p>Susan, yerinden edilmi\u015f ve Suriyeli m\u00fcltecilerin \u00fclkelerine d\u00f6n\u00fc\u015f\u00fcn\u00fcn ter\u00f6rizm taraf\u0131ndan tahrip edilenlerin yeniden in\u015fas\u0131 i\u00e7in temel bir gereklilik oldu\u011funu ve Suriye&#8217;nin bu d\u00f6n\u00fc\u015f i\u00e7in gerekli ko\u015fullar\u0131 yaratmaya t\u00fcm enerjisiyle devam etti\u011fini vurgulad\u0131.<\/p>\n<p>Susan ayr\u0131ca, Bat\u0131&#8217;n\u0131n Suriye&#8217;nin ve m\u00fcttefiklerinin yeniden yap\u0131lanma ve yerinden edilmi\u015f ki\u015filerin geri d\u00f6n\u00fc\u015f\u00fc \u00e7abalar\u0131n\u0131 engellemeye devam etti\u011fini ve onlar\u0131n ac\u0131lar\u0131n\u0131 kendi g\u00fcndemlerine ve \u00e7\u00f6kmekte olan projesine hizmet etmek i\u00e7in kullanmaya devam etmek amac\u0131yla devam etti\u011fini de s\u00f6zlerine ekledi.<\/p>\n<p><img loading=\"lazy\" decoding=\"async\" class=\"size-medium wp-image-264995 alignright\" src=\"http:\/\/107.6.182.27\/tr\/wp-content\/uploads\/2022\/10\/8-1-300x168.jpg\" alt=\"\" width=\"300\" height=\"168\" srcset=\"https:\/\/archive.sana.sy\/tr\/wp-content\/uploads\/2022\/10\/8-1-300x168.jpg 300w, https:\/\/archive.sana.sy\/tr\/wp-content\/uploads\/2022\/10\/8-1-150x84.jpg 150w, https:\/\/archive.sana.sy\/tr\/wp-content\/uploads\/2022\/10\/8-1.jpg 660w\" sizes=\"auto, (max-width: 300px) 100vw, 300px\" \/>Rusya Devlet Ba\u015fkan\u0131&#8217;n\u0131n Suriye \u00d6zel Temsilcisi Alexander Lavrentiev, Rusya&#8217;n\u0131n Suriye&#8217;nin vatanda\u015flar\u0131n\u0131n ac\u0131lar\u0131n\u0131 hafifletme \u00e7abalar\u0131n\u0131 \u00e7ok takdir etti\u011fini ve Rusya&#8217;n\u0131n mevcut engellerin a\u015f\u0131lmas\u0131 i\u00e7in Suriye&#8217;yi desteklemeye devam etti\u011fini do\u011frulad\u0131.<\/p>\n<p>Lavrentiev, uluslararas\u0131 toplumun Suriye&#8217;deki insani durumu iyile\u015ftirmek i\u00e7in etkili \u00f6nlemler almas\u0131 ve Suriyeli m\u00fcltecilerin sorunlar\u0131n\u0131 bir an \u00f6nce \u00e7\u00f6zmenin tek yolunun bu oldu\u011fu i\u00e7in erken kurtarma projelerinin uygulanmas\u0131na yard\u0131mc\u0131 olmas\u0131 gerekti\u011fini belirtti.<\/p>\n<p><img loading=\"lazy\" decoding=\"async\" class=\"size-medium wp-image-264996 alignright\" src=\"http:\/\/107.6.182.27\/tr\/wp-content\/uploads\/2022\/10\/9-300x168.jpg\" alt=\"\" width=\"300\" height=\"168\" srcset=\"https:\/\/archive.sana.sy\/tr\/wp-content\/uploads\/2022\/10\/9-300x168.jpg 300w, https:\/\/archive.sana.sy\/tr\/wp-content\/uploads\/2022\/10\/9-150x84.jpg 150w, https:\/\/archive.sana.sy\/tr\/wp-content\/uploads\/2022\/10\/9.jpg 660w\" sizes=\"auto, (max-width: 300px) 100vw, 300px\" \/>Rusya Savunma Bakan Yard\u0131mc\u0131s\u0131 General Mikhail Mizintsev ise, Suriye&#8217;ye uygulanan yasad\u0131\u015f\u0131 Bat\u0131 yapt\u0131r\u0131mlar\u0131n\u0131n vatanda\u015flar\u0131n\u0131n ac\u0131 \u00e7ekmesinin nedeni oldu\u011funu ve yerinden edilmi\u015f ve m\u00fcltecilerin geri d\u00f6n\u00fc\u015f\u00fcn\u00fc engelledi\u011fini vurgulad\u0131.<\/p>\n<p>Buna kar\u015f\u0131l\u0131k, Rusya Bakanlar Koordinasyon Kurulu Ba\u015fkan\u0131 ve Ulusal Savunma Y\u00f6netim Merkezi Ba\u015fkan\u0131 Albay Oleg Gorshinin, Rusya&#8217;n\u0131n mevcut krizin \u00fcstesinden gelmek ve iki \u00fclke aras\u0131ndaki ticari ve ekonomik ili\u015fkilerin geli\u015fmesini sa\u011flamak i\u00e7in Suriye&#8217;ye insani yard\u0131m sa\u011flamaya devam edece\u011fini vurgulad\u0131.<\/p>\n<p><span style=\"color: #0000ff;\">#Telegram_Kanal\u0131m\u0131z: https:\/\/t.me\/SuriyeArapHaberAjansI<\/span><\/p>\n","protected":false},"excerpt":{"rendered":"<p>\u015eAM &#8211; Suriye ve Rusya koordinasyon organlar\u0131n\u0131n ortak toplant\u0131s\u0131, Suriyeli m\u00fcltecilerin ve yerinden edilmi\u015f ki\u015filerin d\u00f6n\u00fc\u015f\u00fcne ili\u015fkin uluslararas\u0131 konferans\u0131n be\u015finci takip toplant\u0131s\u0131 kapsam\u0131nda bug\u00fcn \u015eam&#8217;daki Konferanslar Saray\u0131&#8217;nda ba\u015flad\u0131. Suriye Bakanlar Koordinasyon Komitesi ba\u015fkan\u0131 ve Yerel Y\u00f6netim ve \u00c7evre Bakan\u0131 M\u00fch. H\u00fcseyin Mahluf, Suriye&#8217;nin vatanda\u015flar\u0131n\u0131n evlerindeki ya\u015fam ko\u015fullar\u0131n\u0131 iyile\u015ftirmek ve yerinden edilmi\u015f ki\u015filerin geri d\u00f6nmeye te\u015fvik &hellip;<\/p>\n","protected":false},"author":36,"featured_media":264997,"comment_status":"closed","ping_status":"closed","sticky":false,"template":"","format":"standard","meta":{"footnotes":""},"categories":[596,479,17988,478],"tags":[],"class_list":["post-264992","post","type-post","status-publish","format-standard","has-post-thumbnail","","category-fotografli-raporlar","category-haberler-yerel","category-son-haberler","category-yerel"],"_links":{"self":[{"href":"https:\/\/archive.sana.sy\/tr\/index.php?rest_route=\/wp\/v2\/posts\/264992","targetHints":{"allow":["GET"]}}],"collection":[{"href":"https:\/\/archive.sana.sy\/tr\/index.php?rest_route=\/wp\/v2\/posts"}],"about":[{"href":"https:\/\/archive.sana.sy\/tr\/index.php?rest_route=\/wp\/v2\/types\/post"}],"author":[{"embeddable":true,"href":"https:\/\/archive.sana.sy\/tr\/index.php?rest_route=\/wp\/v2\/users\/36"}],"replies":[{"embeddable":true,"href":"https:\/\/archive.sana.sy\/tr\/index.php?rest_route=%2Fwp%2Fv2%2Fcomments&post=264992"}],"version-history":[{"count":0,"href":"https:\/\/archive.sana.sy\/tr\/index.php?rest_route=\/wp\/v2\/posts\/264992\/revisions"}],"wp:featuredmedia":[{"embeddable":true,"href":"https:\/\/archive.sana.sy\/tr\/index.php?rest_route=\/wp\/v2\/media\/264997"}],"wp:attachment":[{"href":"https:\/\/archive.sana.sy\/tr\/index.php?rest_route=%2Fwp%2Fv2%2Fmedia&parent=264992"}],"wp:term":[{"taxonomy":"category","embeddable":true,"href":"https:\/\/archive.sana.sy\/tr\/index.php?rest_route=%2Fwp%2Fv2%2Fcategories&post=264992"},{"taxonomy":"post_tag","embeddable":true,"href":"https:\/\/archive.sana.sy\/tr\/index.php?rest_route=%2Fwp%2Fv2%2Ftags&post=264992"}],"curies":[{"name":"wp","href":"https:\/\/api.w.org\/{rel}","templated":true}]}}