{"id":264999,"date":"2022-10-20T12:57:35","date_gmt":"2022-10-20T09:57:35","guid":{"rendered":"http:\/\/107.6.182.27\/tr\/?p=264999"},"modified":"2022-10-21T08:53:57","modified_gmt":"2022-10-21T05:53:57","slug":"turk-isgali-ve-kiraliklari-alluk-su-istasyonunun-bakimini-engelliyor","status":"publish","type":"post","link":"https:\/\/archive.sana.sy\/tr\/?p=264999","title":{"rendered":"T\u00fcrk \u0130\u015fgali ve Kiral\u0131klar\u0131 Alluk Su \u0130stasyonunun Bak\u0131m\u0131n\u0131 Engelliyor"},"content":{"rendered":"<p>HASEKE \u2013 Haseke Valili\u011fi \u0130\u00e7me Suyu Kamu Kurumu, T\u00fcrk i\u015fgali ve ter\u00f6r \u00e7etelerinin, hasar g\u00f6ren kuyular\u0131n bak\u0131m\u0131n\u0131 yapmak ve Haseke \u015fehrine su ula\u015ft\u0131rmak i\u00e7in Alluk su istasyonuna bak\u0131m at\u00f6lyelerinin giri\u015fini engellemeye devam etti\u011fini ilan etti.<\/p>\n<p>Haseke Su Genel M\u00fcd\u00fcr\u00fc Mahmud \u0130kle, SANA muhabirine yapt\u0131\u011f\u0131 a\u00e7\u0131klamada, Alluk istasyonundan \u00fcretilen suyun, istasyonda \u00e7ok say\u0131da kusurlu kuyu bulunmas\u0131 nedeniyle rezervuarlara ve Haseke \u015fehrini suyla besleyen Al-Hama istasyonuna ula\u015fmad\u0131\u011f\u0131n\u0131 belirtti.<\/p>\n<p>\u0130kle, T\u00fcrk i\u015fgal g\u00fc\u00e7lerinin, tesisin bak\u0131m at\u00f6lyelerinin, bu kuyular\u0131 ve bunlar\u0131n elektrik ve mekanik te\u00e7hizat\u0131n\u0131 denetlemek ve gerekli bak\u0131mlar\u0131 yapmak \u00fczere istasyona girmesini engelledi\u011fine dikkati \u00e7ekti.<\/p>\n<p><span style=\"color: #0000ff;\">#Telegram_Kanal\u0131m\u0131z: https:\/\/t.me\/SuriyeArapHaberAjansI<\/span><\/p>\n","protected":false},"excerpt":{"rendered":"<p>HASEKE \u2013 Haseke Valili\u011fi \u0130\u00e7me Suyu Kamu Kurumu, T\u00fcrk i\u015fgali ve ter\u00f6r \u00e7etelerinin, hasar g\u00f6ren kuyular\u0131n bak\u0131m\u0131n\u0131 yapmak ve Haseke \u015fehrine su ula\u015ft\u0131rmak i\u00e7in Alluk su istasyonuna bak\u0131m at\u00f6lyelerinin giri\u015fini engellemeye devam etti\u011fini ilan etti. Haseke Su Genel M\u00fcd\u00fcr\u00fc Mahmud \u0130kle, SANA muhabirine yapt\u0131\u011f\u0131 a\u00e7\u0131klamada, Alluk istasyonundan \u00fcretilen suyun, istasyonda \u00e7ok say\u0131da kusurlu kuyu bulunmas\u0131 &hellip;<\/p>\n","protected":false},"author":36,"featured_media":265000,"comment_status":"closed","ping_status":"closed","sticky":false,"template":"","format":"standard","meta":{"footnotes":""},"categories":[479,575,17988,478],"tags":[],"class_list":["post-264999","post","type-post","status-publish","format-standard","has-post-thumbnail","","category-haberler-yerel","category-olaylar-ve-gercekler","category-son-haberler","category-yerel"],"_links":{"self":[{"href":"https:\/\/archive.sana.sy\/tr\/index.php?rest_route=\/wp\/v2\/posts\/264999","targetHints":{"allow":["GET"]}}],"collection":[{"href":"https:\/\/archive.sana.sy\/tr\/index.php?rest_route=\/wp\/v2\/posts"}],"about":[{"href":"https:\/\/archive.sana.sy\/tr\/index.php?rest_route=\/wp\/v2\/types\/post"}],"author":[{"embeddable":true,"href":"https:\/\/archive.sana.sy\/tr\/index.php?rest_route=\/wp\/v2\/users\/36"}],"replies":[{"embeddable":true,"href":"https:\/\/archive.sana.sy\/tr\/index.php?rest_route=%2Fwp%2Fv2%2Fcomments&post=264999"}],"version-history":[{"count":0,"href":"https:\/\/archive.sana.sy\/tr\/index.php?rest_route=\/wp\/v2\/posts\/264999\/revisions"}],"wp:featuredmedia":[{"embeddable":true,"href":"https:\/\/archive.sana.sy\/tr\/index.php?rest_route=\/wp\/v2\/media\/265000"}],"wp:attachment":[{"href":"https:\/\/archive.sana.sy\/tr\/index.php?rest_route=%2Fwp%2Fv2%2Fmedia&parent=264999"}],"wp:term":[{"taxonomy":"category","embeddable":true,"href":"https:\/\/archive.sana.sy\/tr\/index.php?rest_route=%2Fwp%2Fv2%2Fcategories&post=264999"},{"taxonomy":"post_tag","embeddable":true,"href":"https:\/\/archive.sana.sy\/tr\/index.php?rest_route=%2Fwp%2Fv2%2Ftags&post=264999"}],"curies":[{"name":"wp","href":"https:\/\/api.w.org\/{rel}","templated":true}]}}