{"id":265002,"date":"2022-10-20T13:07:23","date_gmt":"2022-10-20T10:07:23","guid":{"rendered":"http:\/\/107.6.182.27\/tr\/?p=265002"},"modified":"2022-10-21T08:54:03","modified_gmt":"2022-10-21T05:54:03","slug":"modernite-ve-yenilenme-konferansi-mirasin-korunmasi-gerektigini-vurgulayarak-faaliyetlerini-bitirdi","status":"publish","type":"post","link":"https:\/\/archive.sana.sy\/tr\/?p=265002","title":{"rendered":"Modernite Ve Yenilenme Konferans\u0131, Miras\u0131n Korunmas\u0131 Gerekti\u011fini Vurgulayarak Faaliyetlerini Bitirdi"},"content":{"rendered":"<p>\u015eAM &#8211; Arap Yazarlar Birli\u011fi&#8217;nin \u015eam \u00dcniversitesi ve Esnaf Genel Birli\u011fi i\u015f birli\u011fiyle (Arap Miras\u0131nda Modernlik ve Yenilenme) ba\u015fl\u0131\u011f\u0131 alt\u0131nda ger\u00e7ekle\u015ftirdi\u011fi konferansta kat\u0131l\u0131mc\u0131lar uygulamal\u0131 bilimlerin \u00f6neminin yan\u0131 s\u0131ra yarat\u0131c\u0131 teknikler ve onun korunmas\u0131na ve s\u00fcreklili\u011fine katk\u0131da bulunan ele\u015ftiri yakla\u015f\u0131m\u0131na ek olarak, modernite kavram\u0131 ve onu koruma ve belgeleme teknikleriyle Arap miras\u0131na odaklanan bir\u00e7ok ekseni ele ald\u0131.<\/p>\n<p><img loading=\"lazy\" decoding=\"async\" class=\"size-medium wp-image-265006 alignright\" src=\"http:\/\/107.6.182.27\/tr\/wp-content\/uploads\/2022\/10\/12-300x200.jpg\" alt=\"\" width=\"300\" height=\"200\" srcset=\"https:\/\/archive.sana.sy\/tr\/wp-content\/uploads\/2022\/10\/12-300x200.jpg 300w, https:\/\/archive.sana.sy\/tr\/wp-content\/uploads\/2022\/10\/12-1024x683.jpg 1024w, https:\/\/archive.sana.sy\/tr\/wp-content\/uploads\/2022\/10\/12-150x100.jpg 150w, https:\/\/archive.sana.sy\/tr\/wp-content\/uploads\/2022\/10\/12-768x512.jpg 768w, https:\/\/archive.sana.sy\/tr\/wp-content\/uploads\/2022\/10\/12-1536x1024.jpg 1536w, https:\/\/archive.sana.sy\/tr\/wp-content\/uploads\/2022\/10\/12-2048x1366.jpg 2048w\" sizes=\"auto, (max-width: 300px) 100vw, 300px\" \/>Sanat ve Be\u015feri Bilimler Fak\u00fcltesi Dekan\u0131 Dr. Adnan M\u00fcslim, miras ve moderniteye \u0131\u015f\u0131k tutan bu konferans\u0131n \u00f6nemine ve bu kavram\u0131n edebi, entelekt\u00fcel ve felsefi y\u00f6n\u00fcyle ba\u011flant\u0131s\u0131na dikkat \u00e7ekerek, konferans eksenlerinin, Suriye&#8217;deki ve di\u011fer Arap \u00fcniversitelerindeki ara\u015ft\u0131rmac\u0131lar aras\u0131nda fikirlerin kesi\u015fti\u011fi bilimsel, k\u00fclt\u00fcrel, entelekt\u00fcel ve sosyal bir faaliyet oldu\u011funa i\u015faret etti.<\/p>\n<p>Arap Miras\u0131 Dergisi Genel Yay\u0131n Y\u00f6netmeni Dr. Farouk Eslim, d\u00f6n\u00fc\u015f\u00fcmleri okumak ve Arap uygarl\u0131\u011f\u0131 tarihinin \u00f6zellikle d\u00fc\u015f\u00fcnce alan\u0131nda en iyisine ula\u015fmak amac\u0131yla \u015eam \u00dcniversitesi&#8217;nde d\u00fczenlenen bu konferans\u0131n \u00f6nemine dikkat \u00e7ekerek, Yazarlar Birli\u011fi, Katar \u00fcniversiteleri ve baz\u0131 Arap \u00fcniversitelerinden 20&#8217;den fazla ara\u015ft\u0131rmac\u0131n\u0131n konferansa somut ve somut olmayan miras\u0131n korunmas\u0131yla ilgilenenlerin kat\u0131ld\u0131\u011f\u0131na i\u015faret etti.<\/p>\n<p>Arap Dili b\u00f6l\u00fcm\u00fcndeki doktor ve Arap Yazarlar Birli\u011fi \u00fcyesi Ali Diyab, &#8220;Arap ulusumuzun insan toplumunda hak etti\u011fi yeri i\u015fgal etmesini sa\u011flayan bir mirasa sahip oldu\u011funu&#8221; s\u00f6yleyerek, Bat\u0131&#8217;n\u0131n r\u00f6nesans\u0131na, ula\u015ft\u0131\u011f\u0131na ula\u015fmak i\u00e7in Araplardan ald\u0131klar\u0131na dayanarak ba\u015flad\u0131\u011f\u0131n\u0131 a\u00e7\u0131klad\u0131.<\/p>\n<p><img loading=\"lazy\" decoding=\"async\" class=\"size-medium wp-image-265007 alignright\" src=\"http:\/\/107.6.182.27\/tr\/wp-content\/uploads\/2022\/10\/13-300x203.jpg\" alt=\"\" width=\"300\" height=\"203\" srcset=\"https:\/\/archive.sana.sy\/tr\/wp-content\/uploads\/2022\/10\/13-300x203.jpg 300w, https:\/\/archive.sana.sy\/tr\/wp-content\/uploads\/2022\/10\/13-1024x692.jpg 1024w, https:\/\/archive.sana.sy\/tr\/wp-content\/uploads\/2022\/10\/13-150x101.jpg 150w, https:\/\/archive.sana.sy\/tr\/wp-content\/uploads\/2022\/10\/13-768x519.jpg 768w, https:\/\/archive.sana.sy\/tr\/wp-content\/uploads\/2022\/10\/13-1536x1039.jpg 1536w, https:\/\/archive.sana.sy\/tr\/wp-content\/uploads\/2022\/10\/13-2048x1385.jpg 2048w, https:\/\/archive.sana.sy\/tr\/wp-content\/uploads\/2022\/10\/13-110x75.jpg 110w\" sizes=\"auto, (max-width: 300px) 100vw, 300px\" \/>\u015eam \u00dcniversitesi&#8217;ndeki doktor ve Arap Yazarlar Birli\u011fi \u00fcyesi Ahmad Ali Muhammed, Arap \u015fiirinde modernli\u011fin, \u015fair Bedir \u015eakir el Seyyab&#8217;\u0131n k\u00fclt\u00fcrel sahneye \u00e7\u0131kmas\u0131ndan bu yana, \u015eiirin \u00f6zg\u00fcnl\u00fc\u011f\u00fcnden ve temellerinden vazge\u00e7meden yeni vizyonlar, ta ki s\u0131ra \u015fiir grubu dergisinden ba\u015fka bir modernite gelene kadar onun \u00f6zlemleri ve arzular\u0131 nedeniyle ba\u015flad\u0131\u011f\u0131n\u0131 g\u00f6rerek, bu grubun nesli, modernist \u015fiirsel vizyonun neslini g\u00fcn\u00fcm\u00fcze kadar temsil eden teorileri ve yarat\u0131mlar\u0131 ile oldu\u011funu ifade ettti.<\/p>\n<p>Te\u015frin \u00dcniversitesi&#8217;nden doktor ve Arap Yazarlar Birli\u011fi \u00fcyesi Muhammed \u0130smail Basal, y\u00fczy\u0131llara yay\u0131lan miras\u0131n, ne modernitenin ne de k\u00fcresel k\u00fclt\u00fcr\u00fcn onu istikrardan cayd\u0131ramad\u0131\u011f\u0131n\u0131, \u00e7\u00fcnk\u00fc onun K\u00fclt\u00fcrel modernitenin t\u00fcm sistemlerinde, \u00f6zellikle \u015fiir alan\u0131nda bir\u00e7ok ki\u015fi taraf\u0131ndan benimsenen izler, miras\u0131n neye dayand\u0131\u011f\u0131 \u00fczerine kurulu olan temel ve k\u00f6klerine sahip oldu\u011funu s\u00f6yledi.<\/p>\n<p><span style=\"color: #0000ff;\">#Telegram_Kanal\u0131m\u0131z: https:\/\/t.me\/SuriyeArapHaberAjansI<\/span><\/p>\n<div id='gallery-1' class='gallery galleryid-265002 gallery-columns-3 gallery-size-full'><figure class='gallery-item'>\n\t\t\t<div class='gallery-icon landscape'>\n\t\t\t\t<a href='https:\/\/archive.sana.sy\/tr\/wp-content\/uploads\/2022\/10\/999_7035-1-scaled-1.jpg'><img loading=\"lazy\" decoding=\"async\" width=\"2560\" height=\"1707\" src=\"https:\/\/archive.sana.sy\/tr\/wp-content\/uploads\/2022\/10\/999_7035-1-scaled-1.jpg\" class=\"attachment-full size-full\" alt=\"\" srcset=\"https:\/\/archive.sana.sy\/tr\/wp-content\/uploads\/2022\/10\/999_7035-1-scaled-1.jpg 2560w, https:\/\/archive.sana.sy\/tr\/wp-content\/uploads\/2022\/10\/999_7035-1-scaled-1-300x200.jpg 300w, https:\/\/archive.sana.sy\/tr\/wp-content\/uploads\/2022\/10\/999_7035-1-scaled-1-1024x683.jpg 1024w, https:\/\/archive.sana.sy\/tr\/wp-content\/uploads\/2022\/10\/999_7035-1-scaled-1-150x100.jpg 150w, https:\/\/archive.sana.sy\/tr\/wp-content\/uploads\/2022\/10\/999_7035-1-scaled-1-768x512.jpg 768w, https:\/\/archive.sana.sy\/tr\/wp-content\/uploads\/2022\/10\/999_7035-1-scaled-1-1536x1024.jpg 1536w, https:\/\/archive.sana.sy\/tr\/wp-content\/uploads\/2022\/10\/999_7035-1-scaled-1-2048x1366.jpg 2048w\" sizes=\"auto, (max-width: 2560px) 100vw, 2560px\" \/><\/a>\n\t\t\t<\/div><\/figure><figure class='gallery-item'>\n\t\t\t<div class='gallery-icon landscape'>\n\t\t\t\t<a href='https:\/\/archive.sana.sy\/tr\/wp-content\/uploads\/2022\/10\/999_7096-scaled-1.jpg'><img loading=\"lazy\" decoding=\"async\" width=\"2560\" height=\"1707\" src=\"https:\/\/archive.sana.sy\/tr\/wp-content\/uploads\/2022\/10\/999_7096-scaled-1.jpg\" class=\"attachment-full size-full\" alt=\"\" srcset=\"https:\/\/archive.sana.sy\/tr\/wp-content\/uploads\/2022\/10\/999_7096-scaled-1.jpg 2560w, https:\/\/archive.sana.sy\/tr\/wp-content\/uploads\/2022\/10\/999_7096-scaled-1-300x200.jpg 300w, https:\/\/archive.sana.sy\/tr\/wp-content\/uploads\/2022\/10\/999_7096-scaled-1-1024x683.jpg 1024w, https:\/\/archive.sana.sy\/tr\/wp-content\/uploads\/2022\/10\/999_7096-scaled-1-150x100.jpg 150w, https:\/\/archive.sana.sy\/tr\/wp-content\/uploads\/2022\/10\/999_7096-scaled-1-768x512.jpg 768w, https:\/\/archive.sana.sy\/tr\/wp-content\/uploads\/2022\/10\/999_7096-scaled-1-1536x1024.jpg 1536w, https:\/\/archive.sana.sy\/tr\/wp-content\/uploads\/2022\/10\/999_7096-scaled-1-2048x1366.jpg 2048w\" sizes=\"auto, (max-width: 2560px) 100vw, 2560px\" \/><\/a>\n\t\t\t<\/div><\/figure><figure class='gallery-item'>\n\t\t\t<div class='gallery-icon landscape'>\n\t\t\t\t<a href='https:\/\/archive.sana.sy\/tr\/wp-content\/uploads\/2022\/10\/999_7237-scaled-1.jpg'><img loading=\"lazy\" decoding=\"async\" width=\"2560\" height=\"1707\" src=\"https:\/\/archive.sana.sy\/tr\/wp-content\/uploads\/2022\/10\/999_7237-scaled-1.jpg\" class=\"attachment-full size-full\" alt=\"\" srcset=\"https:\/\/archive.sana.sy\/tr\/wp-content\/uploads\/2022\/10\/999_7237-scaled-1.jpg 2560w, https:\/\/archive.sana.sy\/tr\/wp-content\/uploads\/2022\/10\/999_7237-scaled-1-300x200.jpg 300w, https:\/\/archive.sana.sy\/tr\/wp-content\/uploads\/2022\/10\/999_7237-scaled-1-1024x683.jpg 1024w, https:\/\/archive.sana.sy\/tr\/wp-content\/uploads\/2022\/10\/999_7237-scaled-1-150x100.jpg 150w, https:\/\/archive.sana.sy\/tr\/wp-content\/uploads\/2022\/10\/999_7237-scaled-1-768x512.jpg 768w, https:\/\/archive.sana.sy\/tr\/wp-content\/uploads\/2022\/10\/999_7237-scaled-1-1536x1024.jpg 1536w, https:\/\/archive.sana.sy\/tr\/wp-content\/uploads\/2022\/10\/999_7237-scaled-1-2048x1366.jpg 2048w\" sizes=\"auto, (max-width: 2560px) 100vw, 2560px\" \/><\/a>\n\t\t\t<\/div><\/figure>\n\t\t<\/div>\n\n<p>&nbsp;<\/p>\n<p>Son haberler<\/p>\n<p>K\u00fclt\u00fcr ve sanat<\/p>\n<p>haber \u015feridi<\/p>\n","protected":false},"excerpt":{"rendered":"<p>\u015eAM &#8211; Arap Yazarlar Birli\u011fi&#8217;nin \u015eam \u00dcniversitesi ve Esnaf Genel Birli\u011fi i\u015f birli\u011fiyle (Arap Miras\u0131nda Modernlik ve Yenilenme) ba\u015fl\u0131\u011f\u0131 alt\u0131nda ger\u00e7ekle\u015ftirdi\u011fi konferansta kat\u0131l\u0131mc\u0131lar uygulamal\u0131 bilimlerin \u00f6neminin yan\u0131 s\u0131ra yarat\u0131c\u0131 teknikler ve onun korunmas\u0131na ve s\u00fcreklili\u011fine katk\u0131da bulunan ele\u015ftiri yakla\u015f\u0131m\u0131na ek olarak, modernite kavram\u0131 ve onu koruma ve belgeleme teknikleriyle Arap miras\u0131na odaklanan bir\u00e7ok ekseni ele &hellip;<\/p>\n","protected":false},"author":36,"featured_media":265008,"comment_status":"closed","ping_status":"closed","sticky":false,"template":"","format":"standard","meta":{"footnotes":""},"categories":[516,479,511,17988,478],"tags":[],"class_list":["post-265002","post","type-post","status-publish","format-standard","has-post-thumbnail","","category-haberler-kultur-ve-sanat","category-haberler-yerel","category-kultur-ve-sanat","category-son-haberler","category-yerel"],"_links":{"self":[{"href":"https:\/\/archive.sana.sy\/tr\/index.php?rest_route=\/wp\/v2\/posts\/265002","targetHints":{"allow":["GET"]}}],"collection":[{"href":"https:\/\/archive.sana.sy\/tr\/index.php?rest_route=\/wp\/v2\/posts"}],"about":[{"href":"https:\/\/archive.sana.sy\/tr\/index.php?rest_route=\/wp\/v2\/types\/post"}],"author":[{"embeddable":true,"href":"https:\/\/archive.sana.sy\/tr\/index.php?rest_route=\/wp\/v2\/users\/36"}],"replies":[{"embeddable":true,"href":"https:\/\/archive.sana.sy\/tr\/index.php?rest_route=%2Fwp%2Fv2%2Fcomments&post=265002"}],"version-history":[{"count":0,"href":"https:\/\/archive.sana.sy\/tr\/index.php?rest_route=\/wp\/v2\/posts\/265002\/revisions"}],"wp:featuredmedia":[{"embeddable":true,"href":"https:\/\/archive.sana.sy\/tr\/index.php?rest_route=\/wp\/v2\/media\/265008"}],"wp:attachment":[{"href":"https:\/\/archive.sana.sy\/tr\/index.php?rest_route=%2Fwp%2Fv2%2Fmedia&parent=265002"}],"wp:term":[{"taxonomy":"category","embeddable":true,"href":"https:\/\/archive.sana.sy\/tr\/index.php?rest_route=%2Fwp%2Fv2%2Fcategories&post=265002"},{"taxonomy":"post_tag","embeddable":true,"href":"https:\/\/archive.sana.sy\/tr\/index.php?rest_route=%2Fwp%2Fv2%2Ftags&post=265002"}],"curies":[{"name":"wp","href":"https:\/\/api.w.org\/{rel}","templated":true}]}}