{"id":265014,"date":"2022-10-20T20:46:31","date_gmt":"2022-10-20T17:46:31","guid":{"rendered":"http:\/\/107.6.182.27\/tr\/?p=265014"},"modified":"2022-10-22T09:09:41","modified_gmt":"2022-10-22T06:09:41","slug":"cumhurbaskani-esaddan-bir-rus-heyetine-terore-karsi-ortak-savas-kosullari-iki-halkin-kulturel-ve-sosyal-acidan-butunlesmesine-yardimci-olacaktir","status":"publish","type":"post","link":"https:\/\/archive.sana.sy\/tr\/?p=265014","title":{"rendered":"Cumhurba\u015fkan\u0131 Esad&#8217;dan Bir Rus Heyetine: Ter\u00f6re Kar\u015f\u0131 Ortak Sava\u015f Ko\u015fullar\u0131 \u0130ki Halk\u0131n K\u00fclt\u00fcrel Ve Sosyal A\u00e7\u0131dan B\u00fct\u00fcnle\u015fmesine Yard\u0131mc\u0131 Olacakt\u0131r"},"content":{"rendered":"<p><span style=\"color: #800000;\">\u015eAM<\/span> &#8211; M\u00fcltecilerin ve Yerlerinden Edilmi\u015f Ki\u015filerin Geri D\u00f6n\u00fc\u015f\u00fcne Y\u00f6nelik Uluslararas\u0131 Konferans\u0131n\u0131n Takibi \u0130\u00e7in Be\u015finci Suriye-Rusya Ortak Toplant\u0131s\u0131&#8217;na kat\u0131lan heyet \u00fcyeleri, Suriye ve Rusya aras\u0131nda yap\u0131lan ortak toplant\u0131larda elde edilen sonu\u00e7lar\u0131 ve \u00e7\u0131k\u0131\u015f noktalar\u0131yla m\u00fcltecilerin ve yerinden edilmi\u015f ki\u015filerin \u015fehirlerine ve k\u00f6ylerine d\u00f6n\u00fc\u015fleri i\u00e7in al\u0131nan \u00e7aba, prosed\u00fcr ve kolayl\u0131klar\u0131n takibi ve \u00e7e\u015fitli alanlarda gerek h\u00fck\u00fcmet d\u00fczeyinde gerekse \u00fclke d\u00fczeyinde ikili i\u015fbirliklerinin geli\u015ftirilmesi ve g\u00fc\u00e7lendirilmesi a\u00e7\u0131s\u0131ndan taraflara ve iki \u00fclkedeki valilikler ve b\u00f6lgeler d\u00fczeyinde kalk\u0131nd\u0131r\u0131lmas\u0131 ve peki\u015ftirilmesi konular\u0131n\u0131 say\u0131n Cumhurba\u015fkan\u0131 Be\u015f\u015far Esad&#8217;a iletti.<\/p>\n<p>Heyet \u00fcyeleri, Ba\u015fkan Vladimir Putin&#8217;in Suriye ile ili\u015fkilerin ve i\u015fbirli\u011finin geli\u015ftirilmesine \u00f6zel \u00f6nem verdi\u011fini, Suriye ve Rusya bakanl\u0131k koordinasyon organlar\u0131n\u0131n toplant\u0131lar\u0131n\u0131n gelecekteki \u00e7al\u0131\u015fma beklentilerini tart\u0131\u015fmak ve yeni \u00e7al\u0131\u015fma alanlar\u0131n\u0131 belirlemek i\u00e7in bir f\u0131rsat verdi\u011fini belirterek,, i\u015fbirli\u011finin \u015fu anda end\u00fcstri, tar\u0131m ve elektrik ile k\u00fclt\u00fcr, e\u011fitim ve bilimsel ara\u015ft\u0131rmay\u0131 ilgilendiren \u00e7ok \u00e7e\u015fitli hayati alanlar\u0131 i\u00e7erdi\u011fine i\u015faret ettiler.<\/p>\n<p>Her iki \u00fclkedeki b\u00fcy\u00fckel\u00e7iler ve yetkililer arac\u0131l\u0131\u011f\u0131yla ula\u015f\u0131lan sonu\u00e7lar i\u00e7in takip mekanizmalar\u0131n\u0131n \u00f6nemini belirten Cumhurba\u015fkan\u0131 Esad, K\u00fclt\u00fcrel ve e\u011fitsel a\u00e7\u0131lardan ortak \u00e7al\u0131\u015fman\u0131n \u00f6nemine i\u015faret ederek, \u00e7\u00fcnk\u00fc daha b\u00fcy\u00fck hedefin, ge\u00e7mi\u015f on y\u0131llardan beri var olan ve ortak ailelere dayanan tabana dayal\u0131 taban d\u00fczeyinde entegrasyon yaratmak oldu\u011funu, ter\u00f6re kar\u015f\u0131 ortak sava\u015f ko\u015fullar\u0131n\u0131n, k\u00fclt\u00fcrel ve sosyal a\u00e7\u0131dan iki halk aras\u0131ndaki entegrasyona yard\u0131mc\u0131 olaca\u011f\u0131n\u0131 vurgulad\u0131.<\/p>\n<p>Cumhurba\u015fkan\u0131 Esad, Donbas b\u00f6lgesini, Herson ve Zaporozhye b\u00f6lgelerini Rusya Federasyonu&#8217;na dahil eden referandumlar\u0131n ba\u015far\u0131s\u0131n\u0131 tebrik ederek, Suriye halk\u0131n\u0131n Donbas&#8217;taki \u00f6zel askeri harekat\u0131 muharebeleri takip etti\u011fi gibi izledi\u011fine \u00e7\u00fcnk\u00fc Rusya&#8217;n\u0131n y\u00fcr\u00fctt\u00fc\u011f\u00fc sava\u015f\u0131n, uluslararas\u0131 dengenin yeniden sa\u011flanmas\u0131ndan yana oldu\u011funu dile getirdi.<\/p>\n","protected":false},"excerpt":{"rendered":"<p>\u015eAM &#8211; M\u00fcltecilerin ve Yerlerinden Edilmi\u015f Ki\u015filerin Geri D\u00f6n\u00fc\u015f\u00fcne Y\u00f6nelik Uluslararas\u0131 Konferans\u0131n\u0131n Takibi \u0130\u00e7in Be\u015finci Suriye-Rusya Ortak Toplant\u0131s\u0131&#8217;na kat\u0131lan heyet \u00fcyeleri, Suriye ve Rusya aras\u0131nda yap\u0131lan ortak toplant\u0131larda elde edilen sonu\u00e7lar\u0131 ve \u00e7\u0131k\u0131\u015f noktalar\u0131yla m\u00fcltecilerin ve yerinden edilmi\u015f ki\u015filerin \u015fehirlerine ve k\u00f6ylerine d\u00f6n\u00fc\u015fleri i\u00e7in al\u0131nan \u00e7aba, prosed\u00fcr ve kolayl\u0131klar\u0131n takibi ve \u00e7e\u015fitli alanlarda gerek h\u00fck\u00fcmet &hellip;<\/p>\n","protected":false},"author":1,"featured_media":265015,"comment_status":"closed","ping_status":"closed","sticky":false,"template":"","format":"standard","meta":{"footnotes":""},"categories":[608,479,605,17988,478],"tags":[],"class_list":["post-265014","post","type-post","status-publish","format-standard","has-post-thumbnail","","category-etkinlikler","category-haberler-yerel","category-sayin-cumhurbaskani","category-son-haberler","category-yerel"],"_links":{"self":[{"href":"https:\/\/archive.sana.sy\/tr\/index.php?rest_route=\/wp\/v2\/posts\/265014","targetHints":{"allow":["GET"]}}],"collection":[{"href":"https:\/\/archive.sana.sy\/tr\/index.php?rest_route=\/wp\/v2\/posts"}],"about":[{"href":"https:\/\/archive.sana.sy\/tr\/index.php?rest_route=\/wp\/v2\/types\/post"}],"author":[{"embeddable":true,"href":"https:\/\/archive.sana.sy\/tr\/index.php?rest_route=\/wp\/v2\/users\/1"}],"replies":[{"embeddable":true,"href":"https:\/\/archive.sana.sy\/tr\/index.php?rest_route=%2Fwp%2Fv2%2Fcomments&post=265014"}],"version-history":[{"count":0,"href":"https:\/\/archive.sana.sy\/tr\/index.php?rest_route=\/wp\/v2\/posts\/265014\/revisions"}],"wp:featuredmedia":[{"embeddable":true,"href":"https:\/\/archive.sana.sy\/tr\/index.php?rest_route=\/wp\/v2\/media\/265015"}],"wp:attachment":[{"href":"https:\/\/archive.sana.sy\/tr\/index.php?rest_route=%2Fwp%2Fv2%2Fmedia&parent=265014"}],"wp:term":[{"taxonomy":"category","embeddable":true,"href":"https:\/\/archive.sana.sy\/tr\/index.php?rest_route=%2Fwp%2Fv2%2Fcategories&post=265014"},{"taxonomy":"post_tag","embeddable":true,"href":"https:\/\/archive.sana.sy\/tr\/index.php?rest_route=%2Fwp%2Fv2%2Ftags&post=265014"}],"curies":[{"name":"wp","href":"https:\/\/api.w.org\/{rel}","templated":true}]}}