{"id":265032,"date":"2022-10-21T15:45:48","date_gmt":"2022-10-21T12:45:48","guid":{"rendered":"http:\/\/107.6.182.27\/tr\/?p=265032"},"modified":"2022-10-22T09:10:33","modified_gmt":"2022-10-22T06:10:33","slug":"buyukelci-haddad-sinir-guvenliginin-ihlali-suriyeye-yonelik-teror-savasinin-en-tehlikeli-yonlerinden-biridir","status":"publish","type":"post","link":"https:\/\/archive.sana.sy\/tr\/?p=265032","title":{"rendered":"B\u00fcy\u00fckel\u00e7i Haddad: S\u0131n\u0131r G\u00fcvenli\u011finin \u0130hlali, Suriye&#8217;ye Y\u00f6nelik Ter\u00f6r Sava\u015f\u0131n\u0131n En Tehlikeli Y\u00f6nlerinden Biridir"},"content":{"rendered":"<p style=\"text-align: justify;\">DU\u015eANBE &#8211; Suriye&#8217;nin Moskova B\u00fcy\u00fckel\u00e7isi Riyad Haddad, devlet egemenli\u011fi ilkesine sayg\u0131 g\u00f6sterilmesi ve ter\u00f6rle m\u00fccadelede ulusal \u00e7abalar\u0131n desteklenmesi gere\u011fini belirterek, uluslararas\u0131 ter\u00f6rizm olgusunun bug\u00fcn d\u00fcnyan\u0131n kar\u015f\u0131 kar\u015f\u0131ya oldu\u011fu en belirgin ve tehlikeli sorun haline geldi\u011fine ve uluslararas\u0131 i\u015fbirli\u011finin daha etkili form\u00fcllere g\u00f6re g\u00fc\u00e7lendirilmesi gerekti\u011fine i\u015faret etti.<\/p>\n<p style=\"text-align: justify;\">Haddad, Tacikistan Cumhuriyeti&#8217;nin ba\u015fkenti Du\u015fanbe&#8217;de d\u00fczenlenen (s\u0131n\u0131r g\u00fcvenli\u011fi konusunda uluslararas\u0131 ve b\u00f6lgesel i\u015fbirli\u011fi ile ter\u00f6rle m\u00fccadelede ve ter\u00f6ristlerin hareketini \u00f6nlemede idari i\u015fbirli\u011fi) konulu \u00fcst d\u00fczey konferans\u0131nda yapt\u0131\u011f\u0131 konu\u015fmada Haddad, Suriye&#8217;ye dayat\u0131lan ter\u00f6r sava\u015f\u0131n\u0131n en tehlikeli y\u00f6nlerinden birini olu\u015fturan b\u00f6lgesel s\u0131n\u0131r g\u00fcvenli\u011finin ihlali oldu\u011funu belirterek, baz\u0131 h\u00fck\u00fcmetlerin ter\u00f6ristlerin Suriye s\u0131n\u0131r\u0131ndan ge\u00e7mesine izin verdi\u011fini, onlara t\u00fcm imkanlar\u0131 sa\u011flad\u0131\u011f\u0131n\u0131, silah ve parayla desteklediklerini a\u00e7\u0131klad\u0131.<\/p>\n<p style=\"text-align: justify;\">Haddad, Suriye&#8217;nin baz\u0131 \u00fclkelerin ter\u00f6rle m\u00fccadele bahanesiyle Suriye h\u00fck\u00fcmetinin onay\u0131 olmadan Suriye&#8217;ye askeri m\u00fcdahalelerini me\u015frula\u015ft\u0131rma giri\u015fimlerini reddetti\u011fini yineleyerek, bunun bir sald\u0131rganl\u0131k eylemi ve Birle\u015fmi\u015f Milletler Misak\u0131 ile devlet egemenli\u011fi ve ba\u011f\u0131ms\u0131zl\u0131\u011f\u0131 ilkesinin ihlali oldu\u011funu, Suriye&#8217;ye kar\u015f\u0131 ter\u00f6r sava\u015f\u0131n\u0131 uzatt\u0131\u011f\u0131n\u0131 ve h\u00fck\u00fcmetin ter\u00f6rle m\u00fccadele alan\u0131ndaki \u00e7abalar\u0131n\u0131 engelledi\u011fini vurgulad\u0131.<\/p>\n<p style=\"text-align: justify;\">Haddad, Suriye&#8217;nin ter\u00f6rle m\u00fccadelede uluslararas\u0131 i\u015fbirli\u011fine \u00f6zen g\u00f6sterdi\u011fine ve ter\u00f6rle m\u00fccadele \u00e7abalar\u0131nda ciddi ve samimi \u00fclkelerle uzmanl\u0131k ve deneyim al\u0131\u015fveri\u015finde bulunmaya haz\u0131r oldu\u011funa dikkat \u00e7ekti.<\/p>\n<p><a class=\"x1i10hfl xjbqb8w x6umtig x1b1mbwd xaqea5y xav7gou x9f619 x1ypdohk xt0psk2 xe8uvvx xdj266r x11i5rnm xat24cr x1mh8g0r xexx8yu x4uap5 x18d9i69 xkhd6sd x16tdsg8 x1hl2dhg xggy1nq x1a2a7pz xt0b8zv x1qq9wsj xo1l8bm\" tabindex=\"0\" role=\"link\" href=\"https:\/\/www.facebook.com\/hashtag\/telegram_kanal%C4%B1m%C4%B1z?__eep__=6&amp;__cft__[0]=AZV2aNg7rfWkpbOu0n_AjNEonT2ltnuDEXf_2-q0vIM7kWG3jJgKn7yaHMBFgsV9JxDBWaYma3_63ewi9CBh_EdikvKi4fd-ee7NMXqqca16F4xVllHUZX5j6mF8Nw1Z-zs&amp;__tn__=*NK-R\">#Telegram_Kanal\u0131m\u0131z<\/a>: <a class=\"x1i10hfl xjbqb8w x6umtig x1b1mbwd xaqea5y xav7gou x9f619 x1ypdohk xt0psk2 xe8uvvx xdj266r x11i5rnm xat24cr x1mh8g0r xexx8yu x4uap5 x18d9i69 xkhd6sd x16tdsg8 x1hl2dhg xggy1nq x1a2a7pz xt0b8zv x1fey0fg\" tabindex=\"0\" role=\"link\" href=\"https:\/\/t.me\/SuriyeArapHaberAjansI?fbclid=IwAR2OzOpflwrDkZsaEisfd_yBYMErCAnWlNGCENgm8V6EDtaXzHrbtiEMJGo\" target=\"_blank\" rel=\"nofollow noopener\">https:\/\/t.me\/SuriyeArapHaberAjansI<\/a><\/p>\n","protected":false},"excerpt":{"rendered":"<p>DU\u015eANBE &#8211; Suriye&#8217;nin Moskova B\u00fcy\u00fckel\u00e7isi Riyad Haddad, devlet egemenli\u011fi ilkesine sayg\u0131 g\u00f6sterilmesi ve ter\u00f6rle m\u00fccadelede ulusal \u00e7abalar\u0131n desteklenmesi gere\u011fini belirterek, uluslararas\u0131 ter\u00f6rizm olgusunun bug\u00fcn d\u00fcnyan\u0131n kar\u015f\u0131 kar\u015f\u0131ya oldu\u011fu en belirgin ve tehlikeli sorun haline geldi\u011fine ve uluslararas\u0131 i\u015fbirli\u011finin daha etkili form\u00fcllere g\u00f6re g\u00fc\u00e7lendirilmesi gerekti\u011fine i\u015faret etti. Haddad, Tacikistan Cumhuriyeti&#8217;nin ba\u015fkenti Du\u015fanbe&#8217;de d\u00fczenlenen (s\u0131n\u0131r g\u00fcvenli\u011fi konusunda &hellip;<\/p>\n","protected":false},"author":1,"featured_media":265033,"comment_status":"closed","ping_status":"closed","sticky":false,"template":"","format":"standard","meta":{"footnotes":""},"categories":[458,459,17988],"tags":[],"class_list":["post-265032","post","type-post","status-publish","format-standard","has-post-thumbnail","","category-dunya1","category-haberler-arap-uluslararasi-politika","category-son-haberler"],"_links":{"self":[{"href":"https:\/\/archive.sana.sy\/tr\/index.php?rest_route=\/wp\/v2\/posts\/265032","targetHints":{"allow":["GET"]}}],"collection":[{"href":"https:\/\/archive.sana.sy\/tr\/index.php?rest_route=\/wp\/v2\/posts"}],"about":[{"href":"https:\/\/archive.sana.sy\/tr\/index.php?rest_route=\/wp\/v2\/types\/post"}],"author":[{"embeddable":true,"href":"https:\/\/archive.sana.sy\/tr\/index.php?rest_route=\/wp\/v2\/users\/1"}],"replies":[{"embeddable":true,"href":"https:\/\/archive.sana.sy\/tr\/index.php?rest_route=%2Fwp%2Fv2%2Fcomments&post=265032"}],"version-history":[{"count":0,"href":"https:\/\/archive.sana.sy\/tr\/index.php?rest_route=\/wp\/v2\/posts\/265032\/revisions"}],"wp:featuredmedia":[{"embeddable":true,"href":"https:\/\/archive.sana.sy\/tr\/index.php?rest_route=\/wp\/v2\/media\/265033"}],"wp:attachment":[{"href":"https:\/\/archive.sana.sy\/tr\/index.php?rest_route=%2Fwp%2Fv2%2Fmedia&parent=265032"}],"wp:term":[{"taxonomy":"category","embeddable":true,"href":"https:\/\/archive.sana.sy\/tr\/index.php?rest_route=%2Fwp%2Fv2%2Fcategories&post=265032"},{"taxonomy":"post_tag","embeddable":true,"href":"https:\/\/archive.sana.sy\/tr\/index.php?rest_route=%2Fwp%2Fv2%2Ftags&post=265032"}],"curies":[{"name":"wp","href":"https:\/\/api.w.org\/{rel}","templated":true}]}}