{"id":2651,"date":"2014-06-10T13:26:42","date_gmt":"2014-06-10T10:26:42","guid":{"rendered":"http:\/\/sanasyria.org\/tr\/?p=2651"},"modified":"2014-06-19T13:09:22","modified_gmt":"2014-06-19T10:09:22","slug":"el-esad-kore-ve-cin-buyukelcilerinin-guven-mektuplarini-kabul-etti","status":"publish","type":"post","link":"https:\/\/archive.sana.sy\/tr\/?p=2651","title":{"rendered":"El Esad Kore ve \u00c7in B\u00fcy\u00fckel\u00e7ilerinin G\u00fcven Mektuplar\u0131n\u0131 Kabul Etti"},"content":{"rendered":"<p><span style=\"color: #800000\">\u015eAM<\/span> \u2013 Cumhurba\u015fkan\u0131 Be\u015f\u015far el Esad d\u00fcn \u00c7in Halk Cumhuriyetinin \u015eam B\u00fcy\u00fckel\u00e7isi Wang Qi Jian ve Demokratik Kore Halk Cumhuriyetinin \u015eam B\u00fcy\u00fckel\u00e7isi Jang Myong\u2019un g\u00fcven mektuplar\u0131n\u0131 teslim ald\u0131.<\/p>\n<p>G\u00fcven mektuplar\u0131n\u0131 teslim almas\u0131 ard\u0131ndan iki b\u00fcy\u00fckel\u00e7iyle ayr\u0131 ayr\u0131 g\u00f6r\u00fc\u015fen el Esad; onlarla sohbet ederek g\u00f6revlerinde ba\u015far\u0131lar temenni etti.<\/p>\n<p>G\u00fcven mektuplar\u0131 sunma t\u00f6renine Ba\u015fbakan Yard\u0131mc\u0131s\u0131 D\u0131\u015fi\u015fleri ve Gurbet\u00e7iler Bakan\u0131 Velid el Muallim ve Cumhurba\u015fkanl\u0131\u011f\u0131 \u0130\u015flerinden Sorumlu Devlet Bakan\u0131 Mansur Azzam kat\u0131ld\u0131lar.<\/p>\n<p>\u00c7in ve Kore b\u00fcy\u00fckel\u00e7ileri Halk Saray\u0131nda geleneksel merasim ile kar\u015f\u0131lan\u0131p u\u011furland\u0131lar.<\/p>\n<p><span>\u00c7in B\u00fcy\u00fckel\u00e7isi:<\/span><\/p>\n<p><a href=\"http:\/\/sanasyria.org\/tr\/wp-content\/uploads\/2014\/06\/as-1.jpg\"><img loading=\"lazy\" decoding=\"async\" class=\"aligncenter wp-image-2653 size-full\" src=\"http:\/\/sanasyria.org\/tr\/wp-content\/uploads\/2014\/06\/as-1.jpg\" alt=\"as 1\" width=\"600\" height=\"393\" srcset=\"https:\/\/archive.sana.sy\/tr\/wp-content\/uploads\/2014\/06\/as-1.jpg 600w, https:\/\/archive.sana.sy\/tr\/wp-content\/uploads\/2014\/06\/as-1-150x98.jpg 150w, https:\/\/archive.sana.sy\/tr\/wp-content\/uploads\/2014\/06\/as-1-300x196.jpg 300w\" sizes=\"auto, (max-width: 600px) 100vw, 600px\" \/><\/a><\/p>\n<p><span>\u00a0Demokratik Kore B\u00fcy\u00fckel\u00e7isi:<\/span><\/p>\n<p><a href=\"http:\/\/sanasyria.org\/tr\/wp-content\/uploads\/2014\/06\/as-2.jpg\"><img loading=\"lazy\" decoding=\"async\" class=\"aligncenter wp-image-2654 size-full\" src=\"http:\/\/sanasyria.org\/tr\/wp-content\/uploads\/2014\/06\/as-2.jpg\" alt=\"as 2\" width=\"600\" height=\"304\" srcset=\"https:\/\/archive.sana.sy\/tr\/wp-content\/uploads\/2014\/06\/as-2.jpg 600w, https:\/\/archive.sana.sy\/tr\/wp-content\/uploads\/2014\/06\/as-2-150x76.jpg 150w, https:\/\/archive.sana.sy\/tr\/wp-content\/uploads\/2014\/06\/as-2-300x152.jpg 300w\" sizes=\"auto, (max-width: 600px) 100vw, 600px\" \/><\/a><\/p>\n<p><a href=\"http:\/\/sanasyria.org\/tr\/wp-content\/uploads\/2014\/06\/as-3.jpg\"><img loading=\"lazy\" decoding=\"async\" class=\"aligncenter wp-image-2655 size-full\" src=\"http:\/\/sanasyria.org\/tr\/wp-content\/uploads\/2014\/06\/as-3.jpg\" alt=\"as 3\" width=\"600\" height=\"314\" srcset=\"https:\/\/archive.sana.sy\/tr\/wp-content\/uploads\/2014\/06\/as-3.jpg 600w, https:\/\/archive.sana.sy\/tr\/wp-content\/uploads\/2014\/06\/as-3-150x78.jpg 150w, https:\/\/archive.sana.sy\/tr\/wp-content\/uploads\/2014\/06\/as-3-300x157.jpg 300w\" sizes=\"auto, (max-width: 600px) 100vw, 600px\" \/><\/a><\/p>\n","protected":false},"excerpt":{"rendered":"<p>\u015eAM \u2013 Cumhurba\u015fkan\u0131 Be\u015f\u015far el Esad d\u00fcn \u00c7in Halk Cumhuriyetinin \u015eam B\u00fcy\u00fckel\u00e7isi Wang Qi Jian ve Demokratik Kore Halk Cumhuriyetinin \u015eam B\u00fcy\u00fckel\u00e7isi Jang Myong\u2019un g\u00fcven mektuplar\u0131n\u0131 teslim ald\u0131. G\u00fcven mektuplar\u0131n\u0131 teslim almas\u0131 ard\u0131ndan iki b\u00fcy\u00fckel\u00e7iyle ayr\u0131 ayr\u0131 g\u00f6r\u00fc\u015fen el Esad; onlarla sohbet ederek g\u00f6revlerinde ba\u015far\u0131lar temenni etti. G\u00fcven mektuplar\u0131 sunma t\u00f6renine Ba\u015fbakan Yard\u0131mc\u0131s\u0131 D\u0131\u015fi\u015fleri ve &hellip;<\/p>\n","protected":false},"author":1,"featured_media":2652,"comment_status":"closed","ping_status":"closed","sticky":false,"template":"","format":"standard","meta":{"footnotes":""},"categories":[608,479,605,478],"tags":[],"class_list":["post-2651","post","type-post","status-publish","format-standard","has-post-thumbnail","","category-etkinlikler","category-haberler-yerel","category-sayin-cumhurbaskani","category-yerel"],"_links":{"self":[{"href":"https:\/\/archive.sana.sy\/tr\/index.php?rest_route=\/wp\/v2\/posts\/2651","targetHints":{"allow":["GET"]}}],"collection":[{"href":"https:\/\/archive.sana.sy\/tr\/index.php?rest_route=\/wp\/v2\/posts"}],"about":[{"href":"https:\/\/archive.sana.sy\/tr\/index.php?rest_route=\/wp\/v2\/types\/post"}],"author":[{"embeddable":true,"href":"https:\/\/archive.sana.sy\/tr\/index.php?rest_route=\/wp\/v2\/users\/1"}],"replies":[{"embeddable":true,"href":"https:\/\/archive.sana.sy\/tr\/index.php?rest_route=%2Fwp%2Fv2%2Fcomments&post=2651"}],"version-history":[{"count":0,"href":"https:\/\/archive.sana.sy\/tr\/index.php?rest_route=\/wp\/v2\/posts\/2651\/revisions"}],"wp:featuredmedia":[{"embeddable":true,"href":"https:\/\/archive.sana.sy\/tr\/index.php?rest_route=\/wp\/v2\/media\/2652"}],"wp:attachment":[{"href":"https:\/\/archive.sana.sy\/tr\/index.php?rest_route=%2Fwp%2Fv2%2Fmedia&parent=2651"}],"wp:term":[{"taxonomy":"category","embeddable":true,"href":"https:\/\/archive.sana.sy\/tr\/index.php?rest_route=%2Fwp%2Fv2%2Fcategories&post=2651"},{"taxonomy":"post_tag","embeddable":true,"href":"https:\/\/archive.sana.sy\/tr\/index.php?rest_route=%2Fwp%2Fv2%2Ftags&post=2651"}],"curies":[{"name":"wp","href":"https:\/\/api.w.org\/{rel}","templated":true}]}}