{"id":265144,"date":"2022-10-22T20:01:50","date_gmt":"2022-10-22T17:01:50","guid":{"rendered":"http:\/\/107.6.182.27\/tr\/?p=265144"},"modified":"2022-10-27T08:09:28","modified_gmt":"2022-10-27T05:09:28","slug":"yerel-yonetim-ve-cevre-bakanligi-dunya-gida-programi-ile-isbirligini-gelistirmenin-yollarini-gorusuyor","status":"publish","type":"post","link":"https:\/\/archive.sana.sy\/tr\/?p=265144","title":{"rendered":"Yerel Y\u00f6netim Ve \u00c7evre Bakanl\u0131\u011f\u0131, D\u00fcnya G\u0131da Program\u0131 \u0130le \u0130\u015fbirli\u011fini Geli\u015ftirmenin Yollar\u0131n\u0131 G\u00f6r\u00fc\u015f\u00fcyor"},"content":{"rendered":"<p>\u015eAM \u2013 Yerel Y\u00f6netim ve \u00c7evre Bakan\u0131 ve Y\u00fcksek Yard\u0131m Komitesi Ba\u015fkan\u0131 H\u00fcseyin Makhlouf, bug\u00fcn Suriye&#8217;deki D\u00fcnya G\u0131da Program\u0131 temsilcisi ve \u00fclke direkt\u00f6r\u00fc Kenneth Crossley ve beraberindeki heyet ile Valiliklerdeki alt komitelerle koordinasyon \u00fczerinden \u00a0iki taraf aras\u0131ndaki i\u015fbirli\u011fini geli\u015ftirmenin yollar\u0131n\u0131 g\u00f6r\u00fc\u015ft\u00fc.<\/p>\n<p>Bakan Mahluf g\u00f6r\u00fc\u015fme s\u0131ras\u0131nda, Maaret El Numan\u2019\u0131n halk\u0131 da dahil olmak \u00fczere \u00e7e\u015fitli b\u00f6lgelerde evlerine d\u00f6nen yerinden edilmi\u015f insanlara h\u0131zl\u0131 bir \u015fekilde yan\u0131t verilmesini sa\u011flamada program\u0131n deste\u011finden yararlanma olas\u0131l\u0131\u011f\u0131na dikkat \u00e7ekti.<\/p>\n<p><img loading=\"lazy\" decoding=\"async\" class=\"size-full wp-image-265147 alignright\" src=\"http:\/\/107.6.182.27\/tr\/wp-content\/uploads\/2022\/10\/photo_2022-10-22_18-10-59-300x168-1-1.jpg\" alt=\"\" width=\"300\" height=\"168\" srcset=\"https:\/\/archive.sana.sy\/tr\/wp-content\/uploads\/2022\/10\/photo_2022-10-22_18-10-59-300x168-1-1.jpg 300w, https:\/\/archive.sana.sy\/tr\/wp-content\/uploads\/2022\/10\/photo_2022-10-22_18-10-59-300x168-1-1-150x84.jpg 150w\" sizes=\"auto, (max-width: 300px) 100vw, 300px\" \/>Mahluf ayr\u0131ca, g\u0131da yard\u0131mlar\u0131n\u0131n s\u00fcrd\u00fcr\u00fclmesinin, \u00e7e\u015fitli sekt\u00f6rlerde ge\u00e7im projelerinin yayg\u0131nla\u015ft\u0131r\u0131lmas\u0131n\u0131n, k\u0131rsal alanlara y\u00f6nelik deste\u011fin art\u0131r\u0131lmas\u0131n\u0131n ve paralel olarak \u00e7e\u015fitli beslenme programlar\u0131n\u0131n uygulanmas\u0131n\u0131n takibinin \u00f6nemine i\u015faret etti.<\/p>\n<p>Crossley ise, g\u0131da yard\u0131m\u0131 da\u011f\u0131t\u0131m\u0131 i\u00e7in geli\u015ftirilen mekanizmay\u0131 uygulamak i\u00e7in koordinasyonun izlenmesinin \u00f6nemine dikkat \u00e7ekerek, \u00f6rg\u00fct\u00fcn, gerekli finansman\u0131 sa\u011flamaya \u00e7al\u0131\u015f\u0131rken, gerekli \u00f6ncelik ve ihtiya\u00e7lara g\u00f6re bir sonraki y\u0131l i\u00e7in bir plan geli\u015ftirdi\u011fini belirtti.<\/p>\n<p><span style=\"color: #0000ff;\"><a class=\"qi72231t nu7423ey n3hqoq4p r86q59rh b3qcqh3k fq87ekyn bdao358l fsf7x5fv rse6dlih s5oniofx m8h3af8h l7ghb35v kjdc1dyq kmwttqpk srn514ro oxkhqvkx rl78xhln nch0832m cr00lzj9 rn8ck1ys s3jn8y49 icdlwmnq cxfqmxzd d1w2l3lo tes86rjd\" style=\"color: #0000ff;\" tabindex=\"0\" role=\"link\" href=\"https:\/\/t.me\/SuriyeArapHaberAjansI\">Telegram_Kanal\u0131m\u0131z<\/a>\u00a0<a class=\"qi72231t nu7423ey n3hqoq4p r86q59rh b3qcqh3k fq87ekyn bdao358l fsf7x5fv rse6dlih s5oniofx m8h3af8h l7ghb35v kjdc1dyq kmwttqpk srn514ro oxkhqvkx rl78xhln nch0832m cr00lzj9 rn8ck1ys s3jn8y49 icdlwmnq cxfqmxzd ezidihy3\" style=\"color: #0000ff;\" tabindex=\"0\" role=\"link\" href=\"https:\/\/www.facebook.com\/SANAHaberAjansi\" target=\"_blank\" rel=\"nofollow noopener\">https:\/\/t.me\/SuriyeArapHaberAjans<\/a>\u0131<\/span><\/p>\n","protected":false},"excerpt":{"rendered":"<p>\u015eAM \u2013 Yerel Y\u00f6netim ve \u00c7evre Bakan\u0131 ve Y\u00fcksek Yard\u0131m Komitesi Ba\u015fkan\u0131 H\u00fcseyin Makhlouf, bug\u00fcn Suriye&#8217;deki D\u00fcnya G\u0131da Program\u0131 temsilcisi ve \u00fclke direkt\u00f6r\u00fc Kenneth Crossley ve beraberindeki heyet ile Valiliklerdeki alt komitelerle koordinasyon \u00fczerinden \u00a0iki taraf aras\u0131ndaki i\u015fbirli\u011fini geli\u015ftirmenin yollar\u0131n\u0131 g\u00f6r\u00fc\u015ft\u00fc. Bakan Mahluf g\u00f6r\u00fc\u015fme s\u0131ras\u0131nda, Maaret El Numan\u2019\u0131n halk\u0131 da dahil olmak \u00fczere \u00e7e\u015fitli b\u00f6lgelerde &hellip;<\/p>\n","protected":false},"author":36,"featured_media":265145,"comment_status":"closed","ping_status":"closed","sticky":false,"template":"","format":"standard","meta":{"footnotes":""},"categories":[479,17988,478],"tags":[],"class_list":["post-265144","post","type-post","status-publish","format-standard","has-post-thumbnail","","category-haberler-yerel","category-son-haberler","category-yerel"],"_links":{"self":[{"href":"https:\/\/archive.sana.sy\/tr\/index.php?rest_route=\/wp\/v2\/posts\/265144","targetHints":{"allow":["GET"]}}],"collection":[{"href":"https:\/\/archive.sana.sy\/tr\/index.php?rest_route=\/wp\/v2\/posts"}],"about":[{"href":"https:\/\/archive.sana.sy\/tr\/index.php?rest_route=\/wp\/v2\/types\/post"}],"author":[{"embeddable":true,"href":"https:\/\/archive.sana.sy\/tr\/index.php?rest_route=\/wp\/v2\/users\/36"}],"replies":[{"embeddable":true,"href":"https:\/\/archive.sana.sy\/tr\/index.php?rest_route=%2Fwp%2Fv2%2Fcomments&post=265144"}],"version-history":[{"count":0,"href":"https:\/\/archive.sana.sy\/tr\/index.php?rest_route=\/wp\/v2\/posts\/265144\/revisions"}],"wp:featuredmedia":[{"embeddable":true,"href":"https:\/\/archive.sana.sy\/tr\/index.php?rest_route=\/wp\/v2\/media\/265145"}],"wp:attachment":[{"href":"https:\/\/archive.sana.sy\/tr\/index.php?rest_route=%2Fwp%2Fv2%2Fmedia&parent=265144"}],"wp:term":[{"taxonomy":"category","embeddable":true,"href":"https:\/\/archive.sana.sy\/tr\/index.php?rest_route=%2Fwp%2Fv2%2Fcategories&post=265144"},{"taxonomy":"post_tag","embeddable":true,"href":"https:\/\/archive.sana.sy\/tr\/index.php?rest_route=%2Fwp%2Fv2%2Ftags&post=265144"}],"curies":[{"name":"wp","href":"https:\/\/api.w.org\/{rel}","templated":true}]}}