{"id":265188,"date":"2022-10-23T15:47:29","date_gmt":"2022-10-23T12:47:29","guid":{"rendered":"http:\/\/107.6.182.27\/tr\/?p=265188"},"modified":"2022-10-24T09:05:28","modified_gmt":"2022-10-24T06:05:28","slug":"oyuncu-samah-kasis-arap-tenis-onculeri-sampiyonasinda-ikinci-oldu","status":"publish","type":"post","link":"https:\/\/archive.sana.sy\/tr\/?p=265188","title":{"rendered":"Oyuncu Samah Ka\u015fi\u015f, Arap Tenis \u00d6nc\u00fcleri \u015eampiyonas\u0131\u2019nda \u0130kinci Oldu"},"content":{"rendered":"<p>KAH\u0130RE \u2013 Suriyeli oyuncu Samah Ka\u015fi\u015f, M\u0131s\u0131r&#8217;\u0131n \u015earm El \u015eeyh kentinde d\u00fczenlenen Arap Tenis \u00d6nc\u00fcleri \u015eampiyonas\u0131&#8217;nda ikinci oldu.<\/p>\n<p>Ka\u015fi\u015f, tekler yar\u0131\u015fmas\u0131nda ikinci, \u00e7iftler yar\u0131\u015fmas\u0131nda da ikinci oldu.<\/p>\n<p><span style=\"color: #0000ff;\"><a class=\"qi72231t nu7423ey n3hqoq4p r86q59rh b3qcqh3k fq87ekyn bdao358l fsf7x5fv rse6dlih s5oniofx m8h3af8h l7ghb35v kjdc1dyq kmwttqpk srn514ro oxkhqvkx rl78xhln nch0832m cr00lzj9 rn8ck1ys s3jn8y49 icdlwmnq cxfqmxzd d1w2l3lo tes86rjd\" style=\"color: #0000ff;\" tabindex=\"0\" role=\"link\" href=\"https:\/\/t.me\/SuriyeArapHaberAjansI\">Telegram_Kanal\u0131m\u0131z<\/a>\u00a0<a class=\"qi72231t nu7423ey n3hqoq4p r86q59rh b3qcqh3k fq87ekyn bdao358l fsf7x5fv rse6dlih s5oniofx m8h3af8h l7ghb35v kjdc1dyq kmwttqpk srn514ro oxkhqvkx rl78xhln nch0832m cr00lzj9 rn8ck1ys s3jn8y49 icdlwmnq cxfqmxzd ezidihy3\" style=\"color: #0000ff;\" tabindex=\"0\" role=\"link\" href=\"https:\/\/www.facebook.com\/SANAHaberAjansi\" target=\"_blank\" rel=\"nofollow noopener\">https:\/\/t.me\/SuriyeArapHaberAjans<\/a>\u0131<\/span><\/p>\n<p><img loading=\"lazy\" decoding=\"async\" class=\"size-medium wp-image-265190 aligncenter\" src=\"http:\/\/107.6.182.27\/tr\/wp-content\/uploads\/2022\/10\/29-7-199x300.jpg\" alt=\"\" width=\"199\" height=\"300\" srcset=\"https:\/\/archive.sana.sy\/tr\/wp-content\/uploads\/2022\/10\/29-7-199x300.jpg 199w, https:\/\/archive.sana.sy\/tr\/wp-content\/uploads\/2022\/10\/29-7-100x150.jpg 100w, https:\/\/archive.sana.sy\/tr\/wp-content\/uploads\/2022\/10\/29-7.jpg 660w\" sizes=\"auto, (max-width: 199px) 100vw, 199px\" \/><\/p>\n<p>&nbsp;<\/p>\n","protected":false},"excerpt":{"rendered":"<p>KAH\u0130RE \u2013 Suriyeli oyuncu Samah Ka\u015fi\u015f, M\u0131s\u0131r&#8217;\u0131n \u015earm El \u015eeyh kentinde d\u00fczenlenen Arap Tenis \u00d6nc\u00fcleri \u015eampiyonas\u0131&#8217;nda ikinci oldu. Ka\u015fi\u015f, tekler yar\u0131\u015fmas\u0131nda ikinci, \u00e7iftler yar\u0131\u015fmas\u0131nda da ikinci oldu. Telegram_Kanal\u0131m\u0131z\u00a0https:\/\/t.me\/SuriyeArapHaberAjans\u0131 &nbsp;<\/p>\n","protected":false},"author":41,"featured_media":265189,"comment_status":"closed","ping_status":"closed","sticky":false,"template":"","format":"standard","meta":{"footnotes":""},"categories":[498,17988,496],"tags":[],"class_list":["post-265188","post","type-post","status-publish","format-standard","has-post-thumbnail","","category-dunya-turnuvalari","category-son-haberler","category-spor"],"_links":{"self":[{"href":"https:\/\/archive.sana.sy\/tr\/index.php?rest_route=\/wp\/v2\/posts\/265188","targetHints":{"allow":["GET"]}}],"collection":[{"href":"https:\/\/archive.sana.sy\/tr\/index.php?rest_route=\/wp\/v2\/posts"}],"about":[{"href":"https:\/\/archive.sana.sy\/tr\/index.php?rest_route=\/wp\/v2\/types\/post"}],"author":[{"embeddable":true,"href":"https:\/\/archive.sana.sy\/tr\/index.php?rest_route=\/wp\/v2\/users\/41"}],"replies":[{"embeddable":true,"href":"https:\/\/archive.sana.sy\/tr\/index.php?rest_route=%2Fwp%2Fv2%2Fcomments&post=265188"}],"version-history":[{"count":0,"href":"https:\/\/archive.sana.sy\/tr\/index.php?rest_route=\/wp\/v2\/posts\/265188\/revisions"}],"wp:featuredmedia":[{"embeddable":true,"href":"https:\/\/archive.sana.sy\/tr\/index.php?rest_route=\/wp\/v2\/media\/265189"}],"wp:attachment":[{"href":"https:\/\/archive.sana.sy\/tr\/index.php?rest_route=%2Fwp%2Fv2%2Fmedia&parent=265188"}],"wp:term":[{"taxonomy":"category","embeddable":true,"href":"https:\/\/archive.sana.sy\/tr\/index.php?rest_route=%2Fwp%2Fv2%2Fcategories&post=265188"},{"taxonomy":"post_tag","embeddable":true,"href":"https:\/\/archive.sana.sy\/tr\/index.php?rest_route=%2Fwp%2Fv2%2Ftags&post=265188"}],"curies":[{"name":"wp","href":"https:\/\/api.w.org\/{rel}","templated":true}]}}