{"id":265213,"date":"2022-10-23T19:47:44","date_gmt":"2022-10-23T16:47:44","guid":{"rendered":"http:\/\/107.6.182.27\/tr\/?p=265213"},"modified":"2022-10-24T09:07:24","modified_gmt":"2022-10-24T06:07:24","slug":"ulastirma-bakanligi-ziyaretci-tasimaciligi-alanindaki-isbirligini-gelistirmek-icin-iran-hac-ve-ziyaret-heyeti-ile-gorusuyor","status":"publish","type":"post","link":"https:\/\/archive.sana.sy\/tr\/?p=265213","title":{"rendered":"Ula\u015ft\u0131rma Bakanl\u0131\u011f\u0131, Ziyaret\u00e7i Ta\u015f\u0131mac\u0131l\u0131\u011f\u0131 Alan\u0131ndaki \u0130\u015fbirli\u011fini Geli\u015ftirmek \u0130\u00e7in \u0130ran Hac Ve Ziyaret Heyeti \u0130le G\u00f6r\u00fc\u015f\u00fcyor"},"content":{"rendered":"<p>\u015eAM \u2013 Ula\u015ft\u0131rma Bakan\u0131 Z\u00fcheyir Huzeyim, \u0130ran \u0130slam Cumhuriyeti Hac ve Ziyaret Kurumu ba\u015fkan\u0131 Seyid Sadik H\u00fcseyni ve beraberindeki heyet ile ziyaret\u00e7ilerin ta\u015f\u0131nmas\u0131 ve var\u0131\u015flar\u0131n\u0131n kolayla\u015ft\u0131r\u0131lmas\u0131 alan\u0131nda iki dost \u00fclke aras\u0131nda i\u015fbirli\u011fi ve koordinasyon ili\u015fkilerini geli\u015ftirme yollar\u0131n\u0131 g\u00f6r\u00fc\u015ft\u00fc.<\/p>\n<p><img loading=\"lazy\" decoding=\"async\" class=\" wp-image-265214 alignright\" src=\"http:\/\/107.6.182.27\/tr\/wp-content\/uploads\/2022\/10\/photo_2022-10-23_16-12-30-300x175-1.jpg\" alt=\"\" width=\"257\" height=\"150\" srcset=\"https:\/\/archive.sana.sy\/tr\/wp-content\/uploads\/2022\/10\/photo_2022-10-23_16-12-30-300x175-1.jpg 300w, https:\/\/archive.sana.sy\/tr\/wp-content\/uploads\/2022\/10\/photo_2022-10-23_16-12-30-300x175-1-150x88.jpg 150w\" sizes=\"auto, (max-width: 257px) 100vw, 257px\" \/>\u015eam&#8217;daki Ula\u015ft\u0131rma Bakanl\u0131\u011f\u0131&#8217;n\u0131n binas\u0131nda ger\u00e7ekle\u015ftirilen g\u00f6r\u00fc\u015fmede iki taraf\u0131n, her iki \u00fclkedeki inan\u00e7 turizmi gruplar\u0131n\u0131n ve havayollar\u0131 arac\u0131l\u0131\u011f\u0131yla gelen ziyaret\u00e7ilerin hareketine ili\u015fkin prosed\u00fcrlerin basitle\u015ftirilmesi ve her iki \u00fclkedeki zorluklar\u0131n \u00fcstesinden gelinmesi ve hizmet sa\u011flanmas\u0131 konusundaki istekliliklerini vurgulad\u0131.<\/p>\n<p>Taraflar, inan\u00e7 turizmi sekt\u00f6r\u00fcne katk\u0131 sa\u011flayacak ad\u0131mlar\u0131n at\u0131lmas\u0131 gerekti\u011fine ve ba\u015fta hava ve havaliman\u0131 hizmetleri olmak \u00fczere ula\u015f\u0131m ara\u00e7lar\u0131yla sa\u011flanan kolayl\u0131klara da dikkat \u00e7ektiler.<\/p>\n<p><a class=\"x1i10hfl xjbqb8w x6umtig x1b1mbwd xaqea5y xav7gou x9f619 x1ypdohk xt0psk2 xe8uvvx xdj266r x11i5rnm xat24cr x1mh8g0r xexx8yu x4uap5 x18d9i69 xkhd6sd x16tdsg8 x1hl2dhg xggy1nq x1a2a7pz xt0b8zv x1qq9wsj xo1l8bm\" tabindex=\"0\" role=\"link\" href=\"https:\/\/www.facebook.com\/hashtag\/telegram_kanal%C4%B1m%C4%B1z?__eep__=6&amp;__cft__[0]=AZXyZsuNcbI28Y0i3mJw7OCv9OhBn_a9lRv1qj1x6nvKlqV6VeupJXrQ2ExaVKwrKep-zHSgQbFJlcXCU4dZyhnzRVPY10nXYSK4SvC3fNfO1DHOrC1Tby8NIQ39JlvLUzs&amp;__tn__=*NK-R\">#Telegram_Kanal\u0131m\u0131z<\/a>:\u00a0<a class=\"x1i10hfl xjbqb8w x6umtig x1b1mbwd xaqea5y xav7gou x9f619 x1ypdohk xt0psk2 xe8uvvx xdj266r x11i5rnm xat24cr x1mh8g0r xexx8yu x4uap5 x18d9i69 xkhd6sd x16tdsg8 x1hl2dhg xggy1nq x1a2a7pz xt0b8zv x1fey0fg\" tabindex=\"0\" role=\"link\" href=\"https:\/\/t.me\/SuriyeArapHaberAjans%C4%B1?fbclid=IwAR1SPuEafV0Q0FaR2B_vN1AdLDh6fXPgaCKayPbbByzQgk6mpq8muOm_S2A\" target=\"_blank\" rel=\"nofollow noopener\">https:\/\/t.me\/SuriyeArapHaberAjans\u0131<\/a><\/p>\n","protected":false},"excerpt":{"rendered":"<p>\u015eAM \u2013 Ula\u015ft\u0131rma Bakan\u0131 Z\u00fcheyir Huzeyim, \u0130ran \u0130slam Cumhuriyeti Hac ve Ziyaret Kurumu ba\u015fkan\u0131 Seyid Sadik H\u00fcseyni ve beraberindeki heyet ile ziyaret\u00e7ilerin ta\u015f\u0131nmas\u0131 ve var\u0131\u015flar\u0131n\u0131n kolayla\u015ft\u0131r\u0131lmas\u0131 alan\u0131nda iki dost \u00fclke aras\u0131nda i\u015fbirli\u011fi ve koordinasyon ili\u015fkilerini geli\u015ftirme yollar\u0131n\u0131 g\u00f6r\u00fc\u015ft\u00fc. \u015eam&#8217;daki Ula\u015ft\u0131rma Bakanl\u0131\u011f\u0131&#8217;n\u0131n binas\u0131nda ger\u00e7ekle\u015ftirilen g\u00f6r\u00fc\u015fmede iki taraf\u0131n, her iki \u00fclkedeki inan\u00e7 turizmi gruplar\u0131n\u0131n ve havayollar\u0131 arac\u0131l\u0131\u011f\u0131yla &hellip;<\/p>\n","protected":false},"author":41,"featured_media":265215,"comment_status":"closed","ping_status":"closed","sticky":false,"template":"","format":"standard","meta":{"footnotes":""},"categories":[479,17988,478],"tags":[],"class_list":["post-265213","post","type-post","status-publish","format-standard","has-post-thumbnail","","category-haberler-yerel","category-son-haberler","category-yerel"],"_links":{"self":[{"href":"https:\/\/archive.sana.sy\/tr\/index.php?rest_route=\/wp\/v2\/posts\/265213","targetHints":{"allow":["GET"]}}],"collection":[{"href":"https:\/\/archive.sana.sy\/tr\/index.php?rest_route=\/wp\/v2\/posts"}],"about":[{"href":"https:\/\/archive.sana.sy\/tr\/index.php?rest_route=\/wp\/v2\/types\/post"}],"author":[{"embeddable":true,"href":"https:\/\/archive.sana.sy\/tr\/index.php?rest_route=\/wp\/v2\/users\/41"}],"replies":[{"embeddable":true,"href":"https:\/\/archive.sana.sy\/tr\/index.php?rest_route=%2Fwp%2Fv2%2Fcomments&post=265213"}],"version-history":[{"count":0,"href":"https:\/\/archive.sana.sy\/tr\/index.php?rest_route=\/wp\/v2\/posts\/265213\/revisions"}],"wp:featuredmedia":[{"embeddable":true,"href":"https:\/\/archive.sana.sy\/tr\/index.php?rest_route=\/wp\/v2\/media\/265215"}],"wp:attachment":[{"href":"https:\/\/archive.sana.sy\/tr\/index.php?rest_route=%2Fwp%2Fv2%2Fmedia&parent=265213"}],"wp:term":[{"taxonomy":"category","embeddable":true,"href":"https:\/\/archive.sana.sy\/tr\/index.php?rest_route=%2Fwp%2Fv2%2Fcategories&post=265213"},{"taxonomy":"post_tag","embeddable":true,"href":"https:\/\/archive.sana.sy\/tr\/index.php?rest_route=%2Fwp%2Fv2%2Ftags&post=265213"}],"curies":[{"name":"wp","href":"https:\/\/api.w.org\/{rel}","templated":true}]}}