{"id":265283,"date":"2022-10-24T19:28:02","date_gmt":"2022-10-24T16:28:02","guid":{"rendered":"http:\/\/107.6.182.27\/tr\/?p=265283"},"modified":"2022-10-25T09:57:16","modified_gmt":"2022-10-25T06:57:16","slug":"deyrezzor-kirsalinda-sdg-milislerine-karsi-protesto-gosterileri","status":"publish","type":"post","link":"https:\/\/archive.sana.sy\/tr\/?p=265283","title":{"rendered":"Deyrezzor K\u0131rsal\u0131nda \u00a0SDG Milislerine Kar\u015f\u0131 Protesto G\u00f6sterileri"},"content":{"rendered":"<p>DEYREZZOR &#8211; \u00a0Deyrezzor\u2019un bat\u0131 ve do\u011fu k\u0131rsal\u0131ndaki \u00e7ok say\u0131da k\u00f6y ve kasaba halk\u0131, kendilerine kar\u015f\u0131 ac\u0131mas\u0131z uygulamalar\u0131n\u0131 s\u00fcrd\u00fcren, mallar\u0131na ve ge\u00e7im kaynaklar\u0131na el koyan ve y\u00fczlerce o\u011flunu ka\u00e7\u0131ran Amerikan i\u015fgal\u0131 taraf\u0131ndan desteklenen SDG milislerini kovmak isedi\u011fi g\u00f6steriler d\u00fczenlediler.<\/p>\n<p>Deyrezzo\u2019de yerel kaynaklar SANA muhabirine verdi\u011fi deme\u00e7te, SDG milislerine kar\u015f\u0131 bug\u00fcn Deyrezzor\u2019un \u00a0bat\u0131 k\u0131rsal\u0131ndaki Havayic Ziyab Cezire, Havayic Bumasa ve Umm Madfa kasaba ve k\u00f6ylerinde protestolar d\u00fczenlendi\u011fini ve daha sonra do\u011fu k\u0131rsal\u0131ndaki k\u00f6ylere yay\u0131ld\u0131\u011f\u0131n\u0131 belirtti.<\/p>\n<p>Kayana\u011fa g\u00f6re protestocular,\u00a0 SGD milislerinin b\u00f6lgeden kovulmas\u0131n\u0131, halka kar\u015f\u0131 uygulamalar\u0131na ve\u00a0 ge\u00e7imlerine ve mallar\u0131na el konulmas\u0131na son verilmesini ve kendi saflar\u0131nda sava\u015fmaya zorlamak i\u00e7in \u00e7ocuklar\u0131n\u0131n ka\u00e7\u0131r\u0131lmas\u0131na durdurulmas\u0131n\u0131 talep ettiler.<\/p>\n<p>Protestocular ayr\u0131ca, onlar\u0131 bast\u0131rmak ve da\u011f\u0131tmak i\u00e7in takviye birlikler getiren SDG milislerinin cezaevlerinden ka\u00e7\u0131r\u0131lan sivillerin serbest b\u0131rak\u0131lmas\u0131 i\u00e7in lastik ve ta\u015flarla yollar\u0131 kapatt\u0131lar ve sloganlar att\u0131lar.<\/p>\n<p><a class=\"x1i10hfl xjbqb8w x6umtig x1b1mbwd xaqea5y xav7gou x9f619 x1ypdohk xt0psk2 xe8uvvx xdj266r x11i5rnm xat24cr x1mh8g0r xexx8yu x4uap5 x18d9i69 xkhd6sd x16tdsg8 x1hl2dhg xggy1nq x1a2a7pz xt0b8zv x1qq9wsj xo1l8bm\" tabindex=\"0\" role=\"link\" href=\"https:\/\/www.facebook.com\/hashtag\/telegram_kanal%C4%B1m%C4%B1z?__eep__=6&amp;__cft__[0]=AZXZdvSTNDAR-bLULq1mTEQ4otxguSs9pWaYXQUXI-qQqfgNPtvTQiXxoPKytSRDuA9PlieUyv9fIx8u2j3IJ7fNSJLduSDKcAQZyYt8P9RKPVKgCyqMDx-ZEHxFQcGNq64&amp;__tn__=*NK-R\">#Telegram_Kanal\u0131m\u0131z<\/a>:\u00a0<a class=\"x1i10hfl xjbqb8w x6umtig x1b1mbwd xaqea5y xav7gou x9f619 x1ypdohk xt0psk2 xe8uvvx xdj266r x11i5rnm xat24cr x1mh8g0r xexx8yu x4uap5 x18d9i69 xkhd6sd x16tdsg8 x1hl2dhg xggy1nq x1a2a7pz xt0b8zv x1fey0fg\" tabindex=\"0\" role=\"link\" href=\"https:\/\/t.me\/SuriyeArapHaberAjans%C4%B1?fbclid=IwAR0zPK--Ertq7W25A4m6B8HM83wgZ0NprDn2ytbgqeRjji_pmq-yPO7wZtM\" target=\"_blank\" rel=\"nofollow noopener\">https:\/\/t.me\/SuriyeArapHaberAjans\u0131<\/a><\/p>\n","protected":false},"excerpt":{"rendered":"<p>DEYREZZOR &#8211; \u00a0Deyrezzor\u2019un bat\u0131 ve do\u011fu k\u0131rsal\u0131ndaki \u00e7ok say\u0131da k\u00f6y ve kasaba halk\u0131, kendilerine kar\u015f\u0131 ac\u0131mas\u0131z uygulamalar\u0131n\u0131 s\u00fcrd\u00fcren, mallar\u0131na ve ge\u00e7im kaynaklar\u0131na el koyan ve y\u00fczlerce o\u011flunu ka\u00e7\u0131ran Amerikan i\u015fgal\u0131 taraf\u0131ndan desteklenen SDG milislerini kovmak isedi\u011fi g\u00f6steriler d\u00fczenlediler. Deyrezzo\u2019de yerel kaynaklar SANA muhabirine verdi\u011fi deme\u00e7te, SDG milislerine kar\u015f\u0131 bug\u00fcn Deyrezzor\u2019un \u00a0bat\u0131 k\u0131rsal\u0131ndaki Havayic Ziyab Cezire, &hellip;<\/p>\n","protected":false},"author":41,"featured_media":265284,"comment_status":"closed","ping_status":"closed","sticky":false,"template":"","format":"standard","meta":{"footnotes":""},"categories":[479,575,17988,478],"tags":[],"class_list":["post-265283","post","type-post","status-publish","format-standard","has-post-thumbnail","","category-haberler-yerel","category-olaylar-ve-gercekler","category-son-haberler","category-yerel"],"_links":{"self":[{"href":"https:\/\/archive.sana.sy\/tr\/index.php?rest_route=\/wp\/v2\/posts\/265283","targetHints":{"allow":["GET"]}}],"collection":[{"href":"https:\/\/archive.sana.sy\/tr\/index.php?rest_route=\/wp\/v2\/posts"}],"about":[{"href":"https:\/\/archive.sana.sy\/tr\/index.php?rest_route=\/wp\/v2\/types\/post"}],"author":[{"embeddable":true,"href":"https:\/\/archive.sana.sy\/tr\/index.php?rest_route=\/wp\/v2\/users\/41"}],"replies":[{"embeddable":true,"href":"https:\/\/archive.sana.sy\/tr\/index.php?rest_route=%2Fwp%2Fv2%2Fcomments&post=265283"}],"version-history":[{"count":0,"href":"https:\/\/archive.sana.sy\/tr\/index.php?rest_route=\/wp\/v2\/posts\/265283\/revisions"}],"wp:featuredmedia":[{"embeddable":true,"href":"https:\/\/archive.sana.sy\/tr\/index.php?rest_route=\/wp\/v2\/media\/265284"}],"wp:attachment":[{"href":"https:\/\/archive.sana.sy\/tr\/index.php?rest_route=%2Fwp%2Fv2%2Fmedia&parent=265283"}],"wp:term":[{"taxonomy":"category","embeddable":true,"href":"https:\/\/archive.sana.sy\/tr\/index.php?rest_route=%2Fwp%2Fv2%2Fcategories&post=265283"},{"taxonomy":"post_tag","embeddable":true,"href":"https:\/\/archive.sana.sy\/tr\/index.php?rest_route=%2Fwp%2Fv2%2Ftags&post=265283"}],"curies":[{"name":"wp","href":"https:\/\/api.w.org\/{rel}","templated":true}]}}