{"id":265296,"date":"2022-10-25T09:48:02","date_gmt":"2022-10-25T06:48:02","guid":{"rendered":"http:\/\/107.6.182.27\/tr\/?p=265296"},"modified":"2022-10-26T08:14:12","modified_gmt":"2022-10-26T05:14:12","slug":"bati-yakada-israil-guclerinin-kursunlariyla-6-filistinli-sehit-dustu-ve-21-kisi-yaralandi","status":"publish","type":"post","link":"https:\/\/archive.sana.sy\/tr\/?p=265296","title":{"rendered":"Bat\u0131 Yaka&#8217;da \u0130srail G\u00fc\u00e7lerinin Kur\u015funlar\u0131yla 6 Filistinli \u015eehit D\u00fc\u015ft\u00fc Ve 21 Ki\u015fi Yaraland\u0131"},"content":{"rendered":"<p>\u0130\u015eGAL ED\u0130LEN KUD\u00dcS \u2013 D\u00fc\u015fman \u0130srail&#8217;in Nablus kenti ve Bat\u0131 Yaka&#8217;da Ramallah&#8217;\u0131n kuzeyindeki Nabi Saleh k\u00f6y\u00fcne y\u00f6nelik sald\u0131rs\u0131 sonucu Filistinli \u015fehitlerin say\u0131s\u0131 6&#8217;ya y\u00fckseldi, 21 ki\u015fi de yaraland\u0131.<\/p>\n<p><img loading=\"lazy\" decoding=\"async\" class=\"size-full wp-image-265298 alignright\" src=\"http:\/\/107.6.182.27\/tr\/wp-content\/uploads\/2022\/10\/west-bank-300x168-1.jpg\" alt=\"\" width=\"300\" height=\"168\" srcset=\"https:\/\/archive.sana.sy\/tr\/wp-content\/uploads\/2022\/10\/west-bank-300x168-1.jpg 300w, https:\/\/archive.sana.sy\/tr\/wp-content\/uploads\/2022\/10\/west-bank-300x168-1-150x84.jpg 150w\" sizes=\"auto, (max-width: 300px) 100vw, 300px\" \/>Filistinli WAFA Haber Ajans\u0131, D\u00fc\u015fman \u0130srail\u2019inin, Nablus kentine sald\u0131r\u0131s\u0131 sonucu bir gencin \u015fehit d\u00fc\u015ft\u00fc\u011f\u00fcn\u00fc belirtti.<\/p>\n<p>Filistinli WAFA Haber Ajans\u0131, i\u015fgal g\u00fc\u00e7lerinin, Nablus kentindeki eski beldesini bast\u0131\u011f\u0131n\u0131 ve Filistinlilere ate\u015f ederek 4 Filistinlinin \u015fehit d\u00fc\u015ft\u00fc\u011f\u00fcn\u00fc ve 21 ki\u015finin de yaraland\u0131\u011f\u0131na i\u015faret etti.<\/p>\n<p><a class=\"x1i10hfl xjbqb8w x6umtig x1b1mbwd xaqea5y xav7gou x9f619 x1ypdohk xt0psk2 xe8uvvx xdj266r x11i5rnm xat24cr x1mh8g0r xexx8yu x4uap5 x18d9i69 xkhd6sd x16tdsg8 x1hl2dhg xggy1nq x1a2a7pz xt0b8zv x1qq9wsj xo1l8bm\" tabindex=\"0\" role=\"link\" href=\"https:\/\/www.facebook.com\/hashtag\/telegram_kanal%C4%B1m%C4%B1z?__eep__=6&amp;__cft__[0]=AZW-VZtvwQm_DMvAFIf8zmfNmgV956JfGxz8WamwguMVcQxLniMjU9yu0Rl9SQ5OU4Hwt72Zv4b3lhQkh85InFz0vyiop4bcbfXqr8fdpnjZdshVX7jRt7a-As0D11_IuyY&amp;__tn__=*NK-R\">#Telegram_Kanal\u0131m\u0131z<\/a>: <a class=\"x1i10hfl xjbqb8w x6umtig x1b1mbwd xaqea5y xav7gou x9f619 x1ypdohk xt0psk2 xe8uvvx xdj266r x11i5rnm xat24cr x1mh8g0r xexx8yu x4uap5 x18d9i69 xkhd6sd x16tdsg8 x1hl2dhg xggy1nq x1a2a7pz xt0b8zv x1fey0fg\" tabindex=\"0\" role=\"link\" href=\"https:\/\/t.me\/SuriyeArapHaberAjans%C4%B1?fbclid=IwAR36U641q6VAdwoeA4V80mRZtQwjC4kXySu4s7jF4Kvs-Uy4fyxOMeGEcuk\" target=\"_blank\" rel=\"nofollow noopener\">https:\/\/t.me\/SuriyeArapHaberAjans\u0131<\/a><\/p>\n","protected":false},"excerpt":{"rendered":"<p>\u0130\u015eGAL ED\u0130LEN KUD\u00dcS \u2013 D\u00fc\u015fman \u0130srail&#8217;in Nablus kenti ve Bat\u0131 Yaka&#8217;da Ramallah&#8217;\u0131n kuzeyindeki Nabi Saleh k\u00f6y\u00fcne y\u00f6nelik sald\u0131rs\u0131 sonucu Filistinli \u015fehitlerin say\u0131s\u0131 6&#8217;ya y\u00fckseldi, 21 ki\u015fi de yaraland\u0131. Filistinli WAFA Haber Ajans\u0131, D\u00fc\u015fman \u0130srail\u2019inin, Nablus kentine sald\u0131r\u0131s\u0131 sonucu bir gencin \u015fehit d\u00fc\u015ft\u00fc\u011f\u00fcn\u00fc belirtti. Filistinli WAFA Haber Ajans\u0131, i\u015fgal g\u00fc\u00e7lerinin, Nablus kentindeki eski beldesini bast\u0131\u011f\u0131n\u0131 ve &hellip;<\/p>\n","protected":false},"author":39,"featured_media":265297,"comment_status":"closed","ping_status":"closed","sticky":false,"template":"","format":"standard","meta":{"footnotes":""},"categories":[458,459,17988],"tags":[],"class_list":["post-265296","post","type-post","status-publish","format-standard","has-post-thumbnail","","category-dunya1","category-haberler-arap-uluslararasi-politika","category-son-haberler"],"_links":{"self":[{"href":"https:\/\/archive.sana.sy\/tr\/index.php?rest_route=\/wp\/v2\/posts\/265296","targetHints":{"allow":["GET"]}}],"collection":[{"href":"https:\/\/archive.sana.sy\/tr\/index.php?rest_route=\/wp\/v2\/posts"}],"about":[{"href":"https:\/\/archive.sana.sy\/tr\/index.php?rest_route=\/wp\/v2\/types\/post"}],"author":[{"embeddable":true,"href":"https:\/\/archive.sana.sy\/tr\/index.php?rest_route=\/wp\/v2\/users\/39"}],"replies":[{"embeddable":true,"href":"https:\/\/archive.sana.sy\/tr\/index.php?rest_route=%2Fwp%2Fv2%2Fcomments&post=265296"}],"version-history":[{"count":0,"href":"https:\/\/archive.sana.sy\/tr\/index.php?rest_route=\/wp\/v2\/posts\/265296\/revisions"}],"wp:featuredmedia":[{"embeddable":true,"href":"https:\/\/archive.sana.sy\/tr\/index.php?rest_route=\/wp\/v2\/media\/265297"}],"wp:attachment":[{"href":"https:\/\/archive.sana.sy\/tr\/index.php?rest_route=%2Fwp%2Fv2%2Fmedia&parent=265296"}],"wp:term":[{"taxonomy":"category","embeddable":true,"href":"https:\/\/archive.sana.sy\/tr\/index.php?rest_route=%2Fwp%2Fv2%2Fcategories&post=265296"},{"taxonomy":"post_tag","embeddable":true,"href":"https:\/\/archive.sana.sy\/tr\/index.php?rest_route=%2Fwp%2Fv2%2Ftags&post=265296"}],"curies":[{"name":"wp","href":"https:\/\/api.w.org\/{rel}","templated":true}]}}